{"id":999,"date":"2023-04-03T08:00:00","date_gmt":"2023-04-03T08:00:00","guid":{"rendered":"https:\/\/www.eberswalderturnerschaft.de\/home\/?p=999"},"modified":"2024-03-16T16:55:59","modified_gmt":"2024-03-16T16:55:59","slug":"47-eberswalder-turnertreff","status":"publish","type":"post","link":"https:\/\/www.eberswalderturnerschaft.de\/home\/47-eberswalder-turnertreff\/","title":{"rendered":"47. Eberswalder Turnertreff"},"content":{"rendered":"\n<hr class=\"wp-block-separator has-alpha-channel-opacity\"\/>\n\n\n\n<div style=\"height:25px\" aria-hidden=\"true\" class=\"wp-block-spacer\"><\/div>\n\n\n\n<p><strong><u>Ein toller Turnstart in den April<\/u><\/strong><\/p>\n\n\n\n<p><strong>Zufriedene Gesichter nach zwei anstrengenden Wettkampftagen und eine Ausbeute von 9 Medaillen f\u00fcr die Eberswalder Turnerschaft<\/strong><\/p>\n\n\n\n<p>Das Turnvolk freut sich jedes Jahr immer wieder aufs Neue, wenn der Startschuss zu einer der gr\u00f6\u00dften breitensportlichen Ger\u00e4tturnveranstaltungen des Landes Brandenburg erfolgt. Diesmal hatten sich 320 Turnbesessene, davon 183 Aktive aus 48 Vereinen und 9 Bundesl\u00e4ndern, auf den Weg zum 47. Eberswalder Turnertreff gemacht. Am Samstag, dem 1. April 2023, marschierten die Wettk\u00e4mpfer\/Innen von 25 bis 85 Jahren und 35 Kampfrichter\/Innen zu dem bekannten Lied \u201eTurner auf zum Streite\u201c zur Er\u00f6ffnung in die&nbsp; hervorragend pr\u00e4parierte Wettkampfst\u00e4tte im Sportkomplex Westend ein. Der Landrat des Landkreises Barnim, Daniel Kurth, und der Eberswalder B\u00fcrgermeister, G\u00f6tz Herrmann, lie\u00dfen es sich nicht nehmen, der angetretenen Teilnehmerschar ein paar Worte mit auf den Weg zu geben. Auch die Leiterin des Sportkomplexes Westend, Frau Musielak, sowie Herr M\u00e4tzkow als Gesch\u00e4ftsf\u00fchrer des SV Motor wohnten als Ehreng\u00e4ste der Er\u00f6ffnung bei.<\/p>\n\n\n\n<p>Die 84-j\u00e4hrige Rosemarie Schiedt vom TV Nordost Berlin und der 80-j\u00e4hrige Frank Lahn vom TSV Nordhausen wurden als \u00e4lteste Aktive mit einem Blumenstrau\u00df geehrt.<\/p>\n\n\n\n<p>Man konnte fantastische Leistungen bewundern und so mancher j\u00fcngere Zuschauer, der das letzte Mal &nbsp;&nbsp;in seiner Schulzeit geturnt hatte, fragte sich, wie man mit mehr als 50 Jahren noch &nbsp;Salto und Flick Flack springen oder sich m\u00fchelos im Standspagat pr\u00e4sentieren kann.<\/p>\n\n\n\n<p>Das Starterfeld der Waldst\u00e4dter konnte mit beachtlichen Ergebnissen aufwarten. In der Altersklasse ab 75 Jahre siegte Kolju Kolew, dessen Sohn, Andrej Kolew, es ihm in der AK 45 gleichtat. Am Ende des Wettkampftages freute sich Henri Durke (AK 60) ebenfalls \u00fcber Gold. Silbermedaillen erturnten sich Andrea Schellenberger (AK 60) und Tini Trautmann (AK70). Dagmar R\u00fchl (AK 55) und Axel Irrling (AK60) komplettierten die Serie mit Platz 4.<\/p>\n\n\n\n<p>Am Sonntag, der den Jugend-und Erwachsenenklassen vorbehalten ist, gingen &nbsp;123 Aktive &nbsp;&nbsp;an den Start. 46 Kampfrichter\/Innen bewerteten hochkar\u00e4tige Turnkost in den Leistungsklassen 1 &#8211; 4. Es herrschte eine tolle Wettkampfatmosph\u00e4re in der Halle und ganz oft brandete Szenenbeifall auf. Und auch hier schlugen sich die Eberswalder Starter\/Innen mit Bravour. Mila Heenemann manifestierte mit einer tollen Bodenk\u00fcr (14,00 Pkt.) ihren Sieg in der Jugend LK2. Ihre Vereinskameradin Chiara Grohe wurde&nbsp; an diesem Ger\u00e4t sogar mit 14,50 Punkten bewertet und erturnte sich Gold mit einem Vorsprung von 2,85 Z\u00e4hlern vor ihren Konkurrentinnen in der Jugend LK3. Benjamin Rothe (LK 3 Erwachsene) und Felix W\u00f6he (LK4 Jugend) belegten jeweils den zweiten Platz.<\/p>\n\n\n\n<p>Der Gastgeber schickte summa summarum 22 Aktive an die Ger\u00e4te und verbuchte am Ende der Wettkampftage 5 Gold- und 4 Silberr\u00e4nge. Das wurde nat\u00fcrlich nach Turnerart ausgiebig auf der Abendveranstaltung im \u201eseezeit \u2013 resort\u201c in Altenhof am Werbellinsee gemeinsam mit allen Freunden des Turnsports gefeiert.<\/p>\n\n\n\n<p>Am Ende des zweit\u00e4gigen Veranstaltungsmarathons zog das Organisationsteam um Andrea Schellenberger und Rudolf Trautmann &nbsp;ein &nbsp;positives Res\u00fcmee und bedankte sich bei &nbsp;allen Turnerinnen, Turnern, G\u00e4sten, Sponsoren und vor allem bei der &nbsp;gro\u00dfen Helferschar hinter den Kulissen f\u00fcr das gelungene Event.&nbsp; Der Termin f\u00fcr den 48. Eberswalder Turnertreff ist f\u00fcr den 23.\/24. M\u00e4rz 2024 schon festgeschrieben<\/p>\n\n\n\n<p>Weitere Fotos und Informationen sind auch noch unter <a href=\"http:\/\/www.turnertreff.org\">www.turnertreff.org<\/a> zu finden.&nbsp;<\/p>\n\n\n\n<div style=\"height:25px\" aria-hidden=\"true\" class=\"wp-block-spacer\"><\/div>\n\n\n\n<hr class=\"wp-block-separator has-alpha-channel-opacity\"\/>\n","protected":false},"excerpt":{"rendered":"<p>Ein toller Turnstart in den April Zufriedene Gesichter nach zwei anstrengenden Wettkampftagen und eine Ausbeute von 9 Medaillen f\u00fcr die Eberswalder Turnerschaft Das Turnvolk freut sich jedes Jahr immer wieder aufs Neue, wenn der Startschuss zu einer der gr\u00f6\u00dften breitensportlichen Ger\u00e4tturnveranstaltungen des Landes Brandenburg erfolgt. Diesmal hatten sich 320 Turnbesessene, davon 183 Aktive aus 48 &#8230; <a title=\"47. Eberswalder Turnertreff\" class=\"read-more\" href=\"https:\/\/www.eberswalderturnerschaft.de\/home\/47-eberswalder-turnertreff\/\" aria-label=\"Mehr bei 47. Eberswalder Turnertreff\">Read more<\/a><\/p>\n","protected":false},"author":4,"featured_media":0,"comment_status":"closed","ping_status":"open","sticky":false,"template":"","format":"standard","meta":{"_coblocks_attr":"","_coblocks_dimensions":"","_coblocks_responsive_height":"","_coblocks_accordion_ie_support":"","footnotes":""},"categories":[5],"tags":[],"class_list":["post-999","post","type-post","status-publish","format-standard","hentry","category-beitraege","no-featured-image-padding"],"_links":{"self":[{"href":"https:\/\/www.eberswalderturnerschaft.de\/home\/wp-json\/wp\/v2\/posts\/999","targetHints":{"allow":["GET"]}}],"collection":[{"href":"https:\/\/www.eberswalderturnerschaft.de\/home\/wp-json\/wp\/v2\/posts"}],"about":[{"href":"https:\/\/www.eberswalderturnerschaft.de\/home\/wp-json\/wp\/v2\/types\/post"}],"author":[{"embeddable":true,"href":"https:\/\/www.eberswalderturnerschaft.de\/home\/wp-json\/wp\/v2\/users\/4"}],"replies":[{"embeddable":true,"href":"https:\/\/www.eberswalderturnerschaft.de\/home\/wp-json\/wp\/v2\/comments?post=999"}],"version-history":[{"count":2,"href":"https:\/\/www.eberswalderturnerschaft.de\/home\/wp-json\/wp\/v2\/posts\/999\/revisions"}],"predecessor-version":[{"id":1005,"href":"https:\/\/www.eberswalderturnerschaft.de\/home\/wp-json\/wp\/v2\/posts\/999\/revisions\/1005"}],"wp:attachment":[{"href":"https:\/\/www.eberswalderturnerschaft.de\/home\/wp-json\/wp\/v2\/media?parent=999"}],"wp:term":[{"taxonomy":"category","embeddable":true,"href":"https:\/\/www.eberswalderturnerschaft.de\/home\/wp-json\/wp\/v2\/categories?post=999"},{"taxonomy":"post_tag","embeddable":true,"href":"https:\/\/www.eberswalderturnerschaft.de\/home\/wp-json\/wp\/v2\/tags?post=999"}],"curies":[{"name":"wp","href":"https:\/\/api.w.org\/{rel}","templated":true}]}}