{"id":990,"date":"2023-03-15T08:00:00","date_gmt":"2023-03-15T08:00:00","guid":{"rendered":"https:\/\/www.eberswalderturnerschaft.de\/home\/?p=990"},"modified":"2023-03-16T06:07:08","modified_gmt":"2023-03-16T06:07:08","slug":"kein-aprilscherz","status":"publish","type":"post","link":"https:\/\/www.eberswalderturnerschaft.de\/home\/kein-aprilscherz\/","title":{"rendered":"Kein Aprilscherz!"},"content":{"rendered":"\n<div style=\"height:25px\" aria-hidden=\"true\" class=\"wp-block-spacer\"><\/div>\n\n\n\n<p>Am <strong>Samstag, dem 1. April 2023,<em> <\/em><\/strong>wird <strong>um 11:00 Uhr<\/strong> <strong>zum 47. Mal<\/strong> die Er\u00f6ffnungsfanfare f\u00fcr den <strong>Eberswalder Turnertreff<\/strong> erklingen. Schaut man im Internet unter <a href=\"http:\/\/www.turnertreff.org\/\">www.turnertreff.org<\/a> nach, kann man die Tage, Stunden, Minuten und Sekunden bis zum Beginn ablesen, Auch in diesem Jahr ist der Zuspruch \u00fcberw\u00e4ltigend. 303 Meldungen liegen vor, davon gehen 177 als Aktive aus 46 Vereinen und 9 Bundesl\u00e4ndern an die Ger\u00e4te.<\/p>\n\n\n\n<p>Die \u00e4lteste Turnerin kommt aus Berlin und stellt sich mit 85 Jahren den Wettkampfgerichten. Aus\u00a0 Nordhausen reist mit 80 Jahren der \u00e4lteste m\u00e4nnliche Aktive an. Es ist sehens-und bemerkenswert, welche Leistungen auch in diesem hohen Alter noch erbracht werden k\u00f6nnen.<\/p>\n\n\n\n<p>Am <strong>Sonntag, dem 2. April,<\/strong> beginnt der Wettkampf f\u00fcr die <strong>Jugend-und Erwachsenenklassen<\/strong> bereits <strong>ab 10:00 Uhr<\/strong>. Der Eintritt ist an beiden Tagen frei und das Organisationsteam um Andrea Schellenberger und Rudolf Trautmann hofft nat\u00fcrlich auch auf gro\u00dfes Zuschauerinteresse seitens der einheimischen Bev\u00f6lkerung.<\/p>\n\n\n\n<div style=\"height:25px\" aria-hidden=\"true\" class=\"wp-block-spacer\"><\/div>\n\n\n\n<figure class=\"wp-block-image size-large\"><img loading=\"lazy\" decoding=\"async\" width=\"1024\" height=\"583\" src=\"https:\/\/www.eberswalderturnerschaft.de\/home\/wp-content\/uploads\/2023\/03\/4-Daniel-Woehe-Felix-Woehe-am-Barren--1024x583.jpg\" alt=\"\" class=\"wp-image-993\" srcset=\"https:\/\/www.eberswalderturnerschaft.de\/home\/wp-content\/uploads\/2023\/03\/4-Daniel-Woehe-Felix-Woehe-am-Barren--1024x583.jpg 1024w, https:\/\/www.eberswalderturnerschaft.de\/home\/wp-content\/uploads\/2023\/03\/4-Daniel-Woehe-Felix-Woehe-am-Barren--300x171.jpg 300w, https:\/\/www.eberswalderturnerschaft.de\/home\/wp-content\/uploads\/2023\/03\/4-Daniel-Woehe-Felix-Woehe-am-Barren--768x437.jpg 768w, https:\/\/www.eberswalderturnerschaft.de\/home\/wp-content\/uploads\/2023\/03\/4-Daniel-Woehe-Felix-Woehe-am-Barren--1536x874.jpg 1536w, https:\/\/www.eberswalderturnerschaft.de\/home\/wp-content\/uploads\/2023\/03\/4-Daniel-Woehe-Felix-Woehe-am-Barren--2048x1166.jpg 2048w\" sizes=\"auto, (max-width: 1024px) 100vw, 1024px\" \/><\/figure>\n\n\n\n<figure class=\"wp-block-image size-large\"><img loading=\"lazy\" decoding=\"async\" width=\"1024\" height=\"683\" src=\"https:\/\/www.eberswalderturnerschaft.de\/home\/wp-content\/uploads\/2023\/03\/5-Turnkunst-am-Schwebebalken-1024x683.jpg\" alt=\"\" class=\"wp-image-991\" srcset=\"https:\/\/www.eberswalderturnerschaft.de\/home\/wp-content\/uploads\/2023\/03\/5-Turnkunst-am-Schwebebalken-1024x683.jpg 1024w, https:\/\/www.eberswalderturnerschaft.de\/home\/wp-content\/uploads\/2023\/03\/5-Turnkunst-am-Schwebebalken-300x200.jpg 300w, https:\/\/www.eberswalderturnerschaft.de\/home\/wp-content\/uploads\/2023\/03\/5-Turnkunst-am-Schwebebalken-768x512.jpg 768w, https:\/\/www.eberswalderturnerschaft.de\/home\/wp-content\/uploads\/2023\/03\/5-Turnkunst-am-Schwebebalken-1536x1024.jpg 1536w, https:\/\/www.eberswalderturnerschaft.de\/home\/wp-content\/uploads\/2023\/03\/5-Turnkunst-am-Schwebebalken-2048x1365.jpg 2048w\" sizes=\"auto, (max-width: 1024px) 100vw, 1024px\" \/><\/figure>\n\n\n\n<figure class=\"wp-block-image size-large\"><img loading=\"lazy\" decoding=\"async\" width=\"1024\" height=\"819\" src=\"https:\/\/www.eberswalderturnerschaft.de\/home\/wp-content\/uploads\/2023\/03\/1-Collage-ETT-1024x819.jpg\" alt=\"\" class=\"wp-image-992\" srcset=\"https:\/\/www.eberswalderturnerschaft.de\/home\/wp-content\/uploads\/2023\/03\/1-Collage-ETT-1024x819.jpg 1024w, https:\/\/www.eberswalderturnerschaft.de\/home\/wp-content\/uploads\/2023\/03\/1-Collage-ETT-300x240.jpg 300w, https:\/\/www.eberswalderturnerschaft.de\/home\/wp-content\/uploads\/2023\/03\/1-Collage-ETT-768x614.jpg 768w, https:\/\/www.eberswalderturnerschaft.de\/home\/wp-content\/uploads\/2023\/03\/1-Collage-ETT.jpg 1500w\" sizes=\"auto, (max-width: 1024px) 100vw, 1024px\" \/><\/figure>\n\n\n\n<div style=\"height:25px\" aria-hidden=\"true\" class=\"wp-block-spacer\"><\/div>\n\n\n\n<hr class=\"wp-block-separator has-alpha-channel-opacity\"\/>\n","protected":false},"excerpt":{"rendered":"<p>Am Samstag, dem 1. April 2023, wird um 11:00 Uhr zum 47. Mal die Er\u00f6ffnungsfanfare f\u00fcr den Eberswalder Turnertreff erklingen. Schaut man im Internet unter www.turnertreff.org nach, kann man die Tage, Stunden, Minuten und Sekunden bis zum Beginn ablesen, Auch in diesem Jahr ist der Zuspruch \u00fcberw\u00e4ltigend. 303 Meldungen liegen vor, davon gehen 177 als &#8230; <a title=\"Kein Aprilscherz!\" class=\"read-more\" href=\"https:\/\/www.eberswalderturnerschaft.de\/home\/kein-aprilscherz\/\" aria-label=\"Mehr bei Kein Aprilscherz!\">Read more<\/a><\/p>\n","protected":false},"author":4,"featured_media":0,"comment_status":"closed","ping_status":"open","sticky":false,"template":"","format":"standard","meta":{"_coblocks_attr":"","_coblocks_dimensions":"","_coblocks_responsive_height":"","_coblocks_accordion_ie_support":"","footnotes":""},"categories":[5],"tags":[],"class_list":["post-990","post","type-post","status-publish","format-standard","hentry","category-beitraege","no-featured-image-padding"],"_links":{"self":[{"href":"https:\/\/www.eberswalderturnerschaft.de\/home\/wp-json\/wp\/v2\/posts\/990","targetHints":{"allow":["GET"]}}],"collection":[{"href":"https:\/\/www.eberswalderturnerschaft.de\/home\/wp-json\/wp\/v2\/posts"}],"about":[{"href":"https:\/\/www.eberswalderturnerschaft.de\/home\/wp-json\/wp\/v2\/types\/post"}],"author":[{"embeddable":true,"href":"https:\/\/www.eberswalderturnerschaft.de\/home\/wp-json\/wp\/v2\/users\/4"}],"replies":[{"embeddable":true,"href":"https:\/\/www.eberswalderturnerschaft.de\/home\/wp-json\/wp\/v2\/comments?post=990"}],"version-history":[{"count":2,"href":"https:\/\/www.eberswalderturnerschaft.de\/home\/wp-json\/wp\/v2\/posts\/990\/revisions"}],"predecessor-version":[{"id":995,"href":"https:\/\/www.eberswalderturnerschaft.de\/home\/wp-json\/wp\/v2\/posts\/990\/revisions\/995"}],"wp:attachment":[{"href":"https:\/\/www.eberswalderturnerschaft.de\/home\/wp-json\/wp\/v2\/media?parent=990"}],"wp:term":[{"taxonomy":"category","embeddable":true,"href":"https:\/\/www.eberswalderturnerschaft.de\/home\/wp-json\/wp\/v2\/categories?post=990"},{"taxonomy":"post_tag","embeddable":true,"href":"https:\/\/www.eberswalderturnerschaft.de\/home\/wp-json\/wp\/v2\/tags?post=990"}],"curies":[{"name":"wp","href":"https:\/\/api.w.org\/{rel}","templated":true}]}}