{"id":970,"date":"2023-02-23T18:00:00","date_gmt":"2023-02-23T18:00:00","guid":{"rendered":"https:\/\/www.eberswalderturnerschaft.de\/home\/?p=970"},"modified":"2023-03-10T16:17:07","modified_gmt":"2023-03-10T16:17:07","slug":"das-ett-paket-2023-ist-geschnuert","status":"publish","type":"post","link":"https:\/\/www.eberswalderturnerschaft.de\/home\/das-ett-paket-2023-ist-geschnuert\/","title":{"rendered":"Das ETT-Paket 2023 ist geschn\u00fcrt"},"content":{"rendered":"\n<div style=\"height:25px\" aria-hidden=\"true\" class=\"wp-block-spacer\"><\/div>\n\n\n\n<p>Die Verantwortlichen des Organisationsstabes f\u00fcr den 47. Eberswalder Turnertreff unter der Leitung von Andrea Schellenberger und Rudolf Trautmann haben die Rahmenbedingungen f\u00fcr das bevorstehende Event am 1. \/2. April 2023 besprochen und versucht, f\u00fcr offene Fragen aus dem Vorjahr L\u00f6sungen zu finden.<\/p>\n\n\n\n<p>Zum Organisationsteam geh\u00f6ren weiterhin:<\/p>\n\n\n\n<ul class=\"wp-block-list\">\n<li>Jana Rathmann und Annette Kuhlig vom TSC Strausberg als Hauptkampfrichterinnen f\u00fcr den weiblichen Bereich,<\/li>\n\n\n\n<li>Dieter Becherer (SG Spergau) und Helge Bochmann (TSV Falkensee) als Hauptkampfrichter m\u00e4nnlich,<\/li>\n\n\n\n<li>Henri Durke als Abteilungsleiter,<\/li>\n\n\n\n<li>Andrej Kolew als Verantwortlicher f\u00fcr Meldet\u00e4tigkeit, Riegeneinteilung und Quartierfragen,<\/li>\n\n\n\n<li>Gertraude Trautmann als Zust\u00e4ndige f\u00fcr \u00d6ffentlichkeitsarbeit,<\/li>\n\n\n\n<li>Corinna Schiller als Gestalterin f\u00fcr Urkunden und Druck,<\/li>\n\n\n\n<li>Oliver Prinz und Olaf Tank als Rechenb\u00fcro,<\/li>\n\n\n\n<li>Annekatrin Petzold (Finanzen) und Yvonne Schemel (Turnkindereinweisung)<\/li>\n<\/ul>\n\n\n\n<p>Nach dem Meldeschluss am 11. M\u00e4rz 2023 gibt es zwei Tage sp\u00e4ter noch einmal eine Zusammenkunft des Eberswalder Org. \u2013 Teams, um letzte Probleme zu kl\u00e4ren und das 47. ETT-Paket auf den Weg zu bringen.<\/p>\n\n\n\n<div style=\"height:25px\" aria-hidden=\"true\" class=\"wp-block-spacer\"><\/div>\n\n\n\n<figure class=\"wp-block-image size-large\"><img loading=\"lazy\" decoding=\"async\" width=\"1024\" height=\"768\" src=\"https:\/\/www.eberswalderturnerschaft.de\/home\/wp-content\/uploads\/2023\/03\/Das-Organisationsteam-fuer-den-47.-ETT-1024x768.jpg\" alt=\"\" class=\"wp-image-971\" srcset=\"https:\/\/www.eberswalderturnerschaft.de\/home\/wp-content\/uploads\/2023\/03\/Das-Organisationsteam-fuer-den-47.-ETT-1024x768.jpg 1024w, https:\/\/www.eberswalderturnerschaft.de\/home\/wp-content\/uploads\/2023\/03\/Das-Organisationsteam-fuer-den-47.-ETT-300x225.jpg 300w, https:\/\/www.eberswalderturnerschaft.de\/home\/wp-content\/uploads\/2023\/03\/Das-Organisationsteam-fuer-den-47.-ETT-768x576.jpg 768w, https:\/\/www.eberswalderturnerschaft.de\/home\/wp-content\/uploads\/2023\/03\/Das-Organisationsteam-fuer-den-47.-ETT-1536x1152.jpg 1536w, https:\/\/www.eberswalderturnerschaft.de\/home\/wp-content\/uploads\/2023\/03\/Das-Organisationsteam-fuer-den-47.-ETT.jpg 1600w\" sizes=\"auto, (max-width: 1024px) 100vw, 1024px\" \/><\/figure>\n\n\n\n<div style=\"height:25px\" aria-hidden=\"true\" class=\"wp-block-spacer\"><\/div>\n\n\n\n<hr class=\"wp-block-separator has-alpha-channel-opacity\"\/>\n","protected":false},"excerpt":{"rendered":"<p>Die Verantwortlichen des Organisationsstabes f\u00fcr den 47. Eberswalder Turnertreff unter der Leitung von Andrea Schellenberger und Rudolf Trautmann haben die Rahmenbedingungen f\u00fcr das bevorstehende Event am 1. \/2. April 2023 besprochen und versucht, f\u00fcr offene Fragen aus dem Vorjahr L\u00f6sungen zu finden. Zum Organisationsteam geh\u00f6ren weiterhin: Nach dem Meldeschluss am 11. M\u00e4rz 2023 gibt es &#8230; <a title=\"Das ETT-Paket 2023 ist geschn\u00fcrt\" class=\"read-more\" href=\"https:\/\/www.eberswalderturnerschaft.de\/home\/das-ett-paket-2023-ist-geschnuert\/\" aria-label=\"Mehr bei Das ETT-Paket 2023 ist geschn\u00fcrt\">Read more<\/a><\/p>\n","protected":false},"author":4,"featured_media":0,"comment_status":"closed","ping_status":"open","sticky":false,"template":"","format":"standard","meta":{"_coblocks_attr":"","_coblocks_dimensions":"","_coblocks_responsive_height":"","_coblocks_accordion_ie_support":"","footnotes":""},"categories":[5],"tags":[],"class_list":["post-970","post","type-post","status-publish","format-standard","hentry","category-beitraege","no-featured-image-padding"],"_links":{"self":[{"href":"https:\/\/www.eberswalderturnerschaft.de\/home\/wp-json\/wp\/v2\/posts\/970","targetHints":{"allow":["GET"]}}],"collection":[{"href":"https:\/\/www.eberswalderturnerschaft.de\/home\/wp-json\/wp\/v2\/posts"}],"about":[{"href":"https:\/\/www.eberswalderturnerschaft.de\/home\/wp-json\/wp\/v2\/types\/post"}],"author":[{"embeddable":true,"href":"https:\/\/www.eberswalderturnerschaft.de\/home\/wp-json\/wp\/v2\/users\/4"}],"replies":[{"embeddable":true,"href":"https:\/\/www.eberswalderturnerschaft.de\/home\/wp-json\/wp\/v2\/comments?post=970"}],"version-history":[{"count":2,"href":"https:\/\/www.eberswalderturnerschaft.de\/home\/wp-json\/wp\/v2\/posts\/970\/revisions"}],"predecessor-version":[{"id":973,"href":"https:\/\/www.eberswalderturnerschaft.de\/home\/wp-json\/wp\/v2\/posts\/970\/revisions\/973"}],"wp:attachment":[{"href":"https:\/\/www.eberswalderturnerschaft.de\/home\/wp-json\/wp\/v2\/media?parent=970"}],"wp:term":[{"taxonomy":"category","embeddable":true,"href":"https:\/\/www.eberswalderturnerschaft.de\/home\/wp-json\/wp\/v2\/categories?post=970"},{"taxonomy":"post_tag","embeddable":true,"href":"https:\/\/www.eberswalderturnerschaft.de\/home\/wp-json\/wp\/v2\/tags?post=970"}],"curies":[{"name":"wp","href":"https:\/\/api.w.org\/{rel}","templated":true}]}}