{"id":960,"date":"2023-02-18T08:00:00","date_gmt":"2023-02-18T08:00:00","guid":{"rendered":"https:\/\/www.eberswalderturnerschaft.de\/home\/?p=960"},"modified":"2023-03-03T14:25:19","modified_gmt":"2023-03-03T14:25:19","slug":"freundschaftswettkampf-in-der-frauenturnhalle-des-sc-berlin-unsere-maedchen-erfolgreich","status":"publish","type":"post","link":"https:\/\/www.eberswalderturnerschaft.de\/home\/freundschaftswettkampf-in-der-frauenturnhalle-des-sc-berlin-unsere-maedchen-erfolgreich\/","title":{"rendered":"Freundschaftswettkampf in der Frauenturnhalle des SC Berlin \u2013 Unsere M\u00e4dchen erfolgreich!"},"content":{"rendered":"\n<hr class=\"wp-block-separator has-alpha-channel-opacity\"\/>\n\n\n\n<div style=\"height:25px\" aria-hidden=\"true\" class=\"wp-block-spacer\"><\/div>\n\n\n\n<p>Am vergangenen Sonntag war es soweit \u2013 die Frauenturnhalle des SC Berlin \u00f6ffnete ihre T\u00fcren f\u00fcr 28 Starterinnen aus Eberswalde. Es war ein Freundschaftswettkampf, bei dem sich unsere M\u00e4dchen in zwei Durchg\u00e4ngen mit insgesamt 126 Wettk\u00e4mpferinnen messen konnten.<\/p>\n\n\n\n<p>Und unsere M\u00e4dchen haben sich mehr als bew\u00e4hrt! Drei erste Pl\u00e4tze (Madlen Ehlers, LK4 Jg.2011; Luna Schwarz, LK4 Jg.2009; Mila Heenemann, LK2 Jg.2007) und sechs zweite Pl\u00e4tze (Irma Lemke, LK3 Jg. 2011; Marken Kain, LK3 Jg. 2008+; Josephine Prane LK4 Jg.2011; Anni Ziebart, LK4 Jg. 2010; Ida D\u00f6rfer, LK4 Jg.2009; Maja Schmerse, LK4 Jg.2012) konnten erreicht werden. Und auch die vier dritten Pl\u00e4tze (Mimi Ziebart, LK4 Jg. 2013; Marina Kain, LK3 Jg. 2008+; Lina Karnstedt, LK4 Jg. 2008+; Lotte Kr\u00fcger, LK4 Jg.2012) zeigen, dass unsere M\u00e4dchen einen tollen Wettkampf hingelegt haben.<\/p>\n\n\n\n<p>\u00dcber die kleinen Pokale haben sich unsere M\u00e4dchen sehr gefreut und die tolle Atmosph\u00e4re in der besonders gut ausgestatteten Halle genossen alle Starterinnen bei diesem ersten Wettkampf des Jahres sehr.<\/p>\n\n\n\n<p>Die \u00dcbungsleiterinnen und Betreuerinnen Chayenne Vandamme, Yvonne Schemel und Nadine Schwarz waren mit den Leistungen ihrer Sch\u00fctzlinge zufrieden. Aber auch kleine Unsicherheiten wurden erkannt und werden in den kommenden Trainingseinheiten intensiver bearbeitet.<\/p>\n\n\n\n<p>Ein besonderer Dank gilt auch den Kampfrichterinnen Dorothea Durke, Natalie Aldana und Andrea Heenemann. Ohne Betreuer und Karis l\u00e4uft eben nichts!<\/p>\n\n\n\n<p>Wir sind stolz auf unsere M\u00e4dchen und freuen uns auf viele weitere erfolgreiche Wettk\u00e4mpfe!<\/p>\n\n\n\n<div style=\"height:25px\" aria-hidden=\"true\" class=\"wp-block-spacer\"><\/div>\n\n\n\n<figure class=\"wp-block-gallery has-nested-images columns-default is-cropped wp-block-gallery-1 is-layout-flex wp-block-gallery-is-layout-flex\">\n<figure class=\"wp-block-image size-large\"><img loading=\"lazy\" decoding=\"async\" width=\"683\" height=\"1024\" data-id=\"961\" src=\"https:\/\/www.eberswalderturnerschaft.de\/home\/wp-content\/uploads\/2023\/03\/IMG_7367-683x1024.jpg\" alt=\"\" class=\"wp-image-961\" srcset=\"https:\/\/www.eberswalderturnerschaft.de\/home\/wp-content\/uploads\/2023\/03\/IMG_7367-683x1024.jpg 683w, https:\/\/www.eberswalderturnerschaft.de\/home\/wp-content\/uploads\/2023\/03\/IMG_7367-200x300.jpg 200w, https:\/\/www.eberswalderturnerschaft.de\/home\/wp-content\/uploads\/2023\/03\/IMG_7367-768x1152.jpg 768w, https:\/\/www.eberswalderturnerschaft.de\/home\/wp-content\/uploads\/2023\/03\/IMG_7367-1024x1536.jpg 1024w, https:\/\/www.eberswalderturnerschaft.de\/home\/wp-content\/uploads\/2023\/03\/IMG_7367.jpg 1170w\" sizes=\"auto, (max-width: 683px) 100vw, 683px\" \/><\/figure>\n\n\n\n<figure class=\"wp-block-image size-large\"><img loading=\"lazy\" decoding=\"async\" width=\"683\" height=\"1024\" data-id=\"962\" src=\"https:\/\/www.eberswalderturnerschaft.de\/home\/wp-content\/uploads\/2023\/03\/IMG_7368-683x1024.jpg\" alt=\"\" class=\"wp-image-962\" srcset=\"https:\/\/www.eberswalderturnerschaft.de\/home\/wp-content\/uploads\/2023\/03\/IMG_7368-683x1024.jpg 683w, https:\/\/www.eberswalderturnerschaft.de\/home\/wp-content\/uploads\/2023\/03\/IMG_7368-200x300.jpg 200w, https:\/\/www.eberswalderturnerschaft.de\/home\/wp-content\/uploads\/2023\/03\/IMG_7368-768x1152.jpg 768w, https:\/\/www.eberswalderturnerschaft.de\/home\/wp-content\/uploads\/2023\/03\/IMG_7368-1024x1536.jpg 1024w, https:\/\/www.eberswalderturnerschaft.de\/home\/wp-content\/uploads\/2023\/03\/IMG_7368.jpg 1170w\" sizes=\"auto, (max-width: 683px) 100vw, 683px\" \/><\/figure>\n\n\n\n<figure class=\"wp-block-image size-large\"><img loading=\"lazy\" decoding=\"async\" width=\"683\" height=\"1024\" data-id=\"967\" src=\"https:\/\/www.eberswalderturnerschaft.de\/home\/wp-content\/uploads\/2023\/03\/IMG_7369-683x1024.jpg\" alt=\"\" class=\"wp-image-967\" srcset=\"https:\/\/www.eberswalderturnerschaft.de\/home\/wp-content\/uploads\/2023\/03\/IMG_7369-683x1024.jpg 683w, https:\/\/www.eberswalderturnerschaft.de\/home\/wp-content\/uploads\/2023\/03\/IMG_7369-200x300.jpg 200w, https:\/\/www.eberswalderturnerschaft.de\/home\/wp-content\/uploads\/2023\/03\/IMG_7369-768x1152.jpg 768w, https:\/\/www.eberswalderturnerschaft.de\/home\/wp-content\/uploads\/2023\/03\/IMG_7369-1024x1536.jpg 1024w, https:\/\/www.eberswalderturnerschaft.de\/home\/wp-content\/uploads\/2023\/03\/IMG_7369.jpg 1170w\" sizes=\"auto, (max-width: 683px) 100vw, 683px\" \/><\/figure>\n\n\n\n<figure class=\"wp-block-image size-large\"><img loading=\"lazy\" decoding=\"async\" width=\"683\" height=\"1024\" data-id=\"963\" src=\"https:\/\/www.eberswalderturnerschaft.de\/home\/wp-content\/uploads\/2023\/03\/IMG_7370-683x1024.jpg\" alt=\"\" class=\"wp-image-963\" srcset=\"https:\/\/www.eberswalderturnerschaft.de\/home\/wp-content\/uploads\/2023\/03\/IMG_7370-683x1024.jpg 683w, https:\/\/www.eberswalderturnerschaft.de\/home\/wp-content\/uploads\/2023\/03\/IMG_7370-200x300.jpg 200w, https:\/\/www.eberswalderturnerschaft.de\/home\/wp-content\/uploads\/2023\/03\/IMG_7370-768x1152.jpg 768w, https:\/\/www.eberswalderturnerschaft.de\/home\/wp-content\/uploads\/2023\/03\/IMG_7370-1024x1536.jpg 1024w, https:\/\/www.eberswalderturnerschaft.de\/home\/wp-content\/uploads\/2023\/03\/IMG_7370.jpg 1170w\" sizes=\"auto, (max-width: 683px) 100vw, 683px\" \/><\/figure>\n\n\n\n<figure class=\"wp-block-image size-large\"><img loading=\"lazy\" decoding=\"async\" width=\"683\" height=\"1024\" data-id=\"965\" src=\"https:\/\/www.eberswalderturnerschaft.de\/home\/wp-content\/uploads\/2023\/03\/IMG_7371-683x1024.jpg\" alt=\"\" class=\"wp-image-965\" srcset=\"https:\/\/www.eberswalderturnerschaft.de\/home\/wp-content\/uploads\/2023\/03\/IMG_7371-683x1024.jpg 683w, https:\/\/www.eberswalderturnerschaft.de\/home\/wp-content\/uploads\/2023\/03\/IMG_7371-200x300.jpg 200w, https:\/\/www.eberswalderturnerschaft.de\/home\/wp-content\/uploads\/2023\/03\/IMG_7371-768x1152.jpg 768w, https:\/\/www.eberswalderturnerschaft.de\/home\/wp-content\/uploads\/2023\/03\/IMG_7371-1024x1536.jpg 1024w, https:\/\/www.eberswalderturnerschaft.de\/home\/wp-content\/uploads\/2023\/03\/IMG_7371.jpg 1170w\" sizes=\"auto, (max-width: 683px) 100vw, 683px\" \/><\/figure>\n\n\n\n<figure class=\"wp-block-image size-large\"><img loading=\"lazy\" decoding=\"async\" width=\"683\" height=\"1024\" data-id=\"964\" src=\"https:\/\/www.eberswalderturnerschaft.de\/home\/wp-content\/uploads\/2023\/03\/IMG_7372-683x1024.jpg\" alt=\"\" class=\"wp-image-964\" srcset=\"https:\/\/www.eberswalderturnerschaft.de\/home\/wp-content\/uploads\/2023\/03\/IMG_7372-683x1024.jpg 683w, https:\/\/www.eberswalderturnerschaft.de\/home\/wp-content\/uploads\/2023\/03\/IMG_7372-200x300.jpg 200w, https:\/\/www.eberswalderturnerschaft.de\/home\/wp-content\/uploads\/2023\/03\/IMG_7372-768x1152.jpg 768w, https:\/\/www.eberswalderturnerschaft.de\/home\/wp-content\/uploads\/2023\/03\/IMG_7372-1024x1536.jpg 1024w, https:\/\/www.eberswalderturnerschaft.de\/home\/wp-content\/uploads\/2023\/03\/IMG_7372.jpg 1170w\" sizes=\"auto, (max-width: 683px) 100vw, 683px\" \/><\/figure>\n\n\n\n<figure class=\"wp-block-image size-large\"><img loading=\"lazy\" decoding=\"async\" width=\"683\" height=\"1024\" data-id=\"966\" src=\"https:\/\/www.eberswalderturnerschaft.de\/home\/wp-content\/uploads\/2023\/03\/IMG_7373-683x1024.jpg\" alt=\"\" class=\"wp-image-966\" srcset=\"https:\/\/www.eberswalderturnerschaft.de\/home\/wp-content\/uploads\/2023\/03\/IMG_7373-683x1024.jpg 683w, https:\/\/www.eberswalderturnerschaft.de\/home\/wp-content\/uploads\/2023\/03\/IMG_7373-200x300.jpg 200w, https:\/\/www.eberswalderturnerschaft.de\/home\/wp-content\/uploads\/2023\/03\/IMG_7373-768x1152.jpg 768w, https:\/\/www.eberswalderturnerschaft.de\/home\/wp-content\/uploads\/2023\/03\/IMG_7373-1024x1536.jpg 1024w, https:\/\/www.eberswalderturnerschaft.de\/home\/wp-content\/uploads\/2023\/03\/IMG_7373.jpg 1170w\" sizes=\"auto, (max-width: 683px) 100vw, 683px\" \/><\/figure>\n<\/figure>\n\n\n\n<div style=\"height:25px\" aria-hidden=\"true\" class=\"wp-block-spacer\"><\/div>\n\n\n\n<hr class=\"wp-block-separator has-alpha-channel-opacity\"\/>\n","protected":false},"excerpt":{"rendered":"<p>Am vergangenen Sonntag war es soweit \u2013 die Frauenturnhalle des SC Berlin \u00f6ffnete ihre T\u00fcren f\u00fcr 28 Starterinnen aus Eberswalde. Es war ein Freundschaftswettkampf, bei dem sich unsere M\u00e4dchen in zwei Durchg\u00e4ngen mit insgesamt 126 Wettk\u00e4mpferinnen messen konnten. Und unsere M\u00e4dchen haben sich mehr als bew\u00e4hrt! Drei erste Pl\u00e4tze (Madlen Ehlers, LK4 Jg.2011; Luna Schwarz, &#8230; <a title=\"Freundschaftswettkampf in der Frauenturnhalle des SC Berlin \u2013 Unsere M\u00e4dchen erfolgreich!\" class=\"read-more\" href=\"https:\/\/www.eberswalderturnerschaft.de\/home\/freundschaftswettkampf-in-der-frauenturnhalle-des-sc-berlin-unsere-maedchen-erfolgreich\/\" aria-label=\"Mehr bei Freundschaftswettkampf in der Frauenturnhalle des SC Berlin \u2013 Unsere M\u00e4dchen erfolgreich!\">Read more<\/a><\/p>\n","protected":false},"author":1,"featured_media":0,"comment_status":"closed","ping_status":"open","sticky":false,"template":"","format":"standard","meta":{"_coblocks_attr":"","_coblocks_dimensions":"","_coblocks_responsive_height":"","_coblocks_accordion_ie_support":"","footnotes":""},"categories":[5],"tags":[],"class_list":["post-960","post","type-post","status-publish","format-standard","hentry","category-beitraege","no-featured-image-padding"],"_links":{"self":[{"href":"https:\/\/www.eberswalderturnerschaft.de\/home\/wp-json\/wp\/v2\/posts\/960","targetHints":{"allow":["GET"]}}],"collection":[{"href":"https:\/\/www.eberswalderturnerschaft.de\/home\/wp-json\/wp\/v2\/posts"}],"about":[{"href":"https:\/\/www.eberswalderturnerschaft.de\/home\/wp-json\/wp\/v2\/types\/post"}],"author":[{"embeddable":true,"href":"https:\/\/www.eberswalderturnerschaft.de\/home\/wp-json\/wp\/v2\/users\/1"}],"replies":[{"embeddable":true,"href":"https:\/\/www.eberswalderturnerschaft.de\/home\/wp-json\/wp\/v2\/comments?post=960"}],"version-history":[{"count":2,"href":"https:\/\/www.eberswalderturnerschaft.de\/home\/wp-json\/wp\/v2\/posts\/960\/revisions"}],"predecessor-version":[{"id":969,"href":"https:\/\/www.eberswalderturnerschaft.de\/home\/wp-json\/wp\/v2\/posts\/960\/revisions\/969"}],"wp:attachment":[{"href":"https:\/\/www.eberswalderturnerschaft.de\/home\/wp-json\/wp\/v2\/media?parent=960"}],"wp:term":[{"taxonomy":"category","embeddable":true,"href":"https:\/\/www.eberswalderturnerschaft.de\/home\/wp-json\/wp\/v2\/categories?post=960"},{"taxonomy":"post_tag","embeddable":true,"href":"https:\/\/www.eberswalderturnerschaft.de\/home\/wp-json\/wp\/v2\/tags?post=960"}],"curies":[{"name":"wp","href":"https:\/\/api.w.org\/{rel}","templated":true}]}}