{"id":917,"date":"2022-11-14T08:00:00","date_gmt":"2022-11-14T08:00:00","guid":{"rendered":"https:\/\/www.eberswalderturnerschaft.de\/home\/?p=917"},"modified":"2022-11-28T19:08:21","modified_gmt":"2022-11-28T19:08:21","slug":"kampf-um-den-kleinen-pokal-in-oranienburg","status":"publish","type":"post","link":"https:\/\/www.eberswalderturnerschaft.de\/home\/kampf-um-den-kleinen-pokal-in-oranienburg\/","title":{"rendered":"Kampf um den &#8222;Kleinen Pokal&#8220; in Oranienburg"},"content":{"rendered":"\n<div style=\"height:50px\" aria-hidden=\"true\" class=\"wp-block-spacer\"><\/div>\n\n\n\n<p>Am Wochenende hie\u00df es f\u00fcr vier unserer jungen Turnerinnen &#8222;Alles geben!&#8220; beim sogenannten &#8222;Kleinen Pokal&#8220; in Oranienburg.<br>Miriam Ehlers, Mila Heenemann, Dorothea Durke und Eskarina Leoni Metzdorf traten zwar in verkleinerter Mannschaft in LK2, bzw. LK 3 an und waren wegen Verletzungen und Krankheit in j\u00fcngster Vergangenheit sportlich etwas eingeschr\u00e4nkt.<br>Dem &#8222;Teamspirit&#8220; konnte all das jedoch nichts anhaben.<br>Mit viel Freude starteten sie in den Wettkampf.<br>Leider war der &#8222;Zitter-&#8222;Balken, das erste Ger\u00e4t des Wettkampfes, gleich ein starker Gegner. Drei St\u00fcrze vom Balken musste unsere tolle Mannschaft akzeptieren.<br>Am Boden jedoch konnte einiges aufgeholt werden. Es gab f\u00fcr unsere M\u00e4dchen gute Wertungen, besonders f\u00fcr Mila.<br>Ausgepowert, aber mit sich und ihrer Leistung zufrieden, erreichte unser Team am Ende Platz 5 in der Mannschaftswertung.<br>Mila Hennemann konnte sich in der Einzelwertung sogar ebenfalls \u00fcber Platz 5 freuen.<\/p>\n\n\n\n<div class=\"wp-block-image\"><figure class=\"aligncenter size-large\"><img loading=\"lazy\" decoding=\"async\" width=\"1024\" height=\"768\" src=\"https:\/\/www.eberswalderturnerschaft.de\/home\/wp-content\/uploads\/2022\/11\/image0-1024x768.jpeg\" alt=\"\" class=\"wp-image-918\" srcset=\"https:\/\/www.eberswalderturnerschaft.de\/home\/wp-content\/uploads\/2022\/11\/image0-1024x768.jpeg 1024w, https:\/\/www.eberswalderturnerschaft.de\/home\/wp-content\/uploads\/2022\/11\/image0-300x225.jpeg 300w, https:\/\/www.eberswalderturnerschaft.de\/home\/wp-content\/uploads\/2022\/11\/image0-768x576.jpeg 768w, https:\/\/www.eberswalderturnerschaft.de\/home\/wp-content\/uploads\/2022\/11\/image0-1536x1152.jpeg 1536w, https:\/\/www.eberswalderturnerschaft.de\/home\/wp-content\/uploads\/2022\/11\/image0-2048x1536.jpeg 2048w\" sizes=\"auto, (max-width: 1024px) 100vw, 1024px\" \/><\/figure><\/div>\n\n\n\n<div style=\"height:50px\" aria-hidden=\"true\" class=\"wp-block-spacer\"><\/div>\n","protected":false},"excerpt":{"rendered":"<p>Am Wochenende hie\u00df es f\u00fcr vier unserer jungen Turnerinnen &#8222;Alles geben!&#8220; beim sogenannten &#8222;Kleinen Pokal&#8220; in Oranienburg.Miriam Ehlers, Mila Heenemann, Dorothea Durke und Eskarina Leoni Metzdorf traten zwar in verkleinerter Mannschaft in LK2, bzw. LK 3 an und waren wegen Verletzungen und Krankheit in j\u00fcngster Vergangenheit sportlich etwas eingeschr\u00e4nkt.Dem &#8222;Teamspirit&#8220; konnte all das jedoch nichts &#8230; <a title=\"Kampf um den &#8222;Kleinen Pokal&#8220; in Oranienburg\" class=\"read-more\" href=\"https:\/\/www.eberswalderturnerschaft.de\/home\/kampf-um-den-kleinen-pokal-in-oranienburg\/\" aria-label=\"Mehr bei Kampf um den &#8222;Kleinen Pokal&#8220; in Oranienburg\">Read more<\/a><\/p>\n","protected":false},"author":1,"featured_media":0,"comment_status":"closed","ping_status":"open","sticky":false,"template":"","format":"standard","meta":{"_coblocks_attr":"","_coblocks_dimensions":"","_coblocks_responsive_height":"","_coblocks_accordion_ie_support":"","footnotes":""},"categories":[5],"tags":[],"class_list":["post-917","post","type-post","status-publish","format-standard","hentry","category-beitraege","no-featured-image-padding"],"_links":{"self":[{"href":"https:\/\/www.eberswalderturnerschaft.de\/home\/wp-json\/wp\/v2\/posts\/917","targetHints":{"allow":["GET"]}}],"collection":[{"href":"https:\/\/www.eberswalderturnerschaft.de\/home\/wp-json\/wp\/v2\/posts"}],"about":[{"href":"https:\/\/www.eberswalderturnerschaft.de\/home\/wp-json\/wp\/v2\/types\/post"}],"author":[{"embeddable":true,"href":"https:\/\/www.eberswalderturnerschaft.de\/home\/wp-json\/wp\/v2\/users\/1"}],"replies":[{"embeddable":true,"href":"https:\/\/www.eberswalderturnerschaft.de\/home\/wp-json\/wp\/v2\/comments?post=917"}],"version-history":[{"count":1,"href":"https:\/\/www.eberswalderturnerschaft.de\/home\/wp-json\/wp\/v2\/posts\/917\/revisions"}],"predecessor-version":[{"id":919,"href":"https:\/\/www.eberswalderturnerschaft.de\/home\/wp-json\/wp\/v2\/posts\/917\/revisions\/919"}],"wp:attachment":[{"href":"https:\/\/www.eberswalderturnerschaft.de\/home\/wp-json\/wp\/v2\/media?parent=917"}],"wp:term":[{"taxonomy":"category","embeddable":true,"href":"https:\/\/www.eberswalderturnerschaft.de\/home\/wp-json\/wp\/v2\/categories?post=917"},{"taxonomy":"post_tag","embeddable":true,"href":"https:\/\/www.eberswalderturnerschaft.de\/home\/wp-json\/wp\/v2\/tags?post=917"}],"curies":[{"name":"wp","href":"https:\/\/api.w.org\/{rel}","templated":true}]}}