{"id":911,"date":"2022-11-18T08:00:00","date_gmt":"2022-11-18T08:00:00","guid":{"rendered":"https:\/\/www.eberswalderturnerschaft.de\/home\/?p=911"},"modified":"2022-11-28T19:04:03","modified_gmt":"2022-11-28T19:04:03","slug":"46-cottbuser-turnmemorial-mit-eberswalder-beteiligung","status":"publish","type":"post","link":"https:\/\/www.eberswalderturnerschaft.de\/home\/46-cottbuser-turnmemorial-mit-eberswalder-beteiligung\/","title":{"rendered":"46. Cottbuser Turnmemorial mit Eberswalder Beteiligung"},"content":{"rendered":"\n<div style=\"height:50px\" aria-hidden=\"true\" class=\"wp-block-spacer\"><\/div>\n\n\n\n<div class=\"wp-block-image\"><figure class=\"aligncenter size-large is-resized\"><img loading=\"lazy\" decoding=\"async\" src=\"https:\/\/www.eberswalderturnerschaft.de\/home\/wp-content\/uploads\/2022\/11\/PXL_20221105_130313808-576x1024.jpg\" alt=\"\" class=\"wp-image-913\" width=\"520\" height=\"925\" srcset=\"https:\/\/www.eberswalderturnerschaft.de\/home\/wp-content\/uploads\/2022\/11\/PXL_20221105_130313808-576x1024.jpg 576w, https:\/\/www.eberswalderturnerschaft.de\/home\/wp-content\/uploads\/2022\/11\/PXL_20221105_130313808-169x300.jpg 169w, https:\/\/www.eberswalderturnerschaft.de\/home\/wp-content\/uploads\/2022\/11\/PXL_20221105_130313808-768x1365.jpg 768w, https:\/\/www.eberswalderturnerschaft.de\/home\/wp-content\/uploads\/2022\/11\/PXL_20221105_130313808-864x1536.jpg 864w, https:\/\/www.eberswalderturnerschaft.de\/home\/wp-content\/uploads\/2022\/11\/PXL_20221105_130313808-1152x2048.jpg 1152w, https:\/\/www.eberswalderturnerschaft.de\/home\/wp-content\/uploads\/2022\/11\/PXL_20221105_130313808-scaled.jpg 1440w\" sizes=\"auto, (max-width: 520px) 100vw, 520px\" \/><\/figure><\/div>\n\n\n\n<p>Zur 36. Auflage des vom TV Cottbus 1861 durchgef\u00fchrten Pokalturnens bereiteten sich Anfang November Dagmar R\u00fchl und Kolju Kolew vom SV Motor Eberswalde gut vor.<\/p>\n\n\n\n<p>In diesem bei Seniorenturner\/innen beliebten Wettbewerb werden verschiedene \u2013 von Vereinen oder Einzelpersonen gestiftete Pokale \u2013 ausgeturnt und dadurch die Erinnerung an verstorbene Turnfreundinnen und Turnfreunde bewahrt.<\/p>\n\n\n\n<p>Auch ist es ein gro\u00dfes Vergn\u00fcgen, in der Leistungssport &#8211; Turnhalle des SC Cottbus an die Ger\u00e4te zu gehen und in herzlicher Atmosph\u00e4re viele Turnfreunde wiederzutreffen. In diesem Jahr waren dies mehr als 100 Aktive aus 29 Vereinen, die in zwei Durchg\u00e4ngen turnten.<\/p>\n\n\n\n<p>Dagmar traf in der AK 55+ einmal mehr auf einige Konkurrentinnen der deutschen Meisterschaften, entsprechend hoch war das Schwierigkeitsniveau f\u00fcr diesen Altersbereich. Den verdienten Sieg erturnte sich hier Antje Saegebrecht (SG Gaselan F\u00fcwa). Dagmar konnte an den drei Ger\u00e4ten ihre \u00dcbungen durchturnen und belegte den 4. Platz.<\/p>\n\n\n\n<p>F\u00fcr Kolju war es schon ein bewundernswerter Schritt, sich den Kampfrichtern zu stellen, nachdem er sich krankheitsbedingt erst langsam zur\u00fcck an die Ger\u00e4te wagte. Auch wenn nicht alles gelang \u2013 vielen Dank f\u00fcr deinen Auftritt und Kopf hoch! Es war ein guter Wettkampf, den du in der hohen Altersklasse AK 75+ auf dem Bronzerang beendetest!<\/p>\n\n\n\n<p>Ein weiteres Highlight des Cottbuser Memorials ist das Austurnen \u201ebesonderer Elemente\u201c, die aus alten B\u00fcchern oder historischen Unterlagen wieder ans Licht bef\u00f6rdert werden und mit heutigen Turnerfahrungen schwer machbar sind. In diesem Jahr wagten sich einige Mutige erfolgreich an die \u201eKatzenwelle\u201c am Reck oder das \u201eDoppel-Spagat\u201c am Balken.<\/p>\n\n\n\n<p>Alle Erfolge und pers\u00f6nlichen \u00dcberwindungen wurden bei der endlich wieder stattfindenden Abendveranstaltung geb\u00fchrend gefeiert.<\/p>\n\n\n\n<p>Vielen Dank an das nimmerm\u00fcde Ausrichterteam des TV Cottbus 1861!<\/p>\n\n\n\n<div class=\"wp-block-image\"><figure class=\"aligncenter size-large\"><img loading=\"lazy\" decoding=\"async\" width=\"576\" height=\"1024\" src=\"https:\/\/www.eberswalderturnerschaft.de\/home\/wp-content\/uploads\/2022\/11\/PXL_20221105_105509372-576x1024.jpg\" alt=\"\" class=\"wp-image-914\" srcset=\"https:\/\/www.eberswalderturnerschaft.de\/home\/wp-content\/uploads\/2022\/11\/PXL_20221105_105509372-576x1024.jpg 576w, https:\/\/www.eberswalderturnerschaft.de\/home\/wp-content\/uploads\/2022\/11\/PXL_20221105_105509372-169x300.jpg 169w, https:\/\/www.eberswalderturnerschaft.de\/home\/wp-content\/uploads\/2022\/11\/PXL_20221105_105509372-768x1365.jpg 768w, https:\/\/www.eberswalderturnerschaft.de\/home\/wp-content\/uploads\/2022\/11\/PXL_20221105_105509372-864x1536.jpg 864w, https:\/\/www.eberswalderturnerschaft.de\/home\/wp-content\/uploads\/2022\/11\/PXL_20221105_105509372.jpg 900w\" sizes=\"auto, (max-width: 576px) 100vw, 576px\" \/><\/figure><\/div>\n\n\n\n<div class=\"wp-block-image\"><figure class=\"aligncenter size-large\"><img loading=\"lazy\" decoding=\"async\" width=\"1024\" height=\"576\" src=\"https:\/\/www.eberswalderturnerschaft.de\/home\/wp-content\/uploads\/2022\/11\/PXL_20221105_105631160-1024x576.jpg\" alt=\"\" class=\"wp-image-915\" srcset=\"https:\/\/www.eberswalderturnerschaft.de\/home\/wp-content\/uploads\/2022\/11\/PXL_20221105_105631160-1024x576.jpg 1024w, https:\/\/www.eberswalderturnerschaft.de\/home\/wp-content\/uploads\/2022\/11\/PXL_20221105_105631160-300x169.jpg 300w, https:\/\/www.eberswalderturnerschaft.de\/home\/wp-content\/uploads\/2022\/11\/PXL_20221105_105631160-768x432.jpg 768w, https:\/\/www.eberswalderturnerschaft.de\/home\/wp-content\/uploads\/2022\/11\/PXL_20221105_105631160-1536x864.jpg 1536w, https:\/\/www.eberswalderturnerschaft.de\/home\/wp-content\/uploads\/2022\/11\/PXL_20221105_105631160.jpg 1600w\" sizes=\"auto, (max-width: 1024px) 100vw, 1024px\" \/><\/figure><\/div>\n\n\n\n<div style=\"height:50px\" aria-hidden=\"true\" class=\"wp-block-spacer\"><\/div>\n","protected":false},"excerpt":{"rendered":"<p>Zur 36. Auflage des vom TV Cottbus 1861 durchgef\u00fchrten Pokalturnens bereiteten sich Anfang November Dagmar R\u00fchl und Kolju Kolew vom SV Motor Eberswalde gut vor. In diesem bei Seniorenturner\/innen beliebten Wettbewerb werden verschiedene \u2013 von Vereinen oder Einzelpersonen gestiftete Pokale \u2013 ausgeturnt und dadurch die Erinnerung an verstorbene Turnfreundinnen und Turnfreunde bewahrt. Auch ist es &#8230; <a title=\"46. Cottbuser Turnmemorial mit Eberswalder Beteiligung\" class=\"read-more\" href=\"https:\/\/www.eberswalderturnerschaft.de\/home\/46-cottbuser-turnmemorial-mit-eberswalder-beteiligung\/\" aria-label=\"Mehr bei 46. Cottbuser Turnmemorial mit Eberswalder Beteiligung\">Read more<\/a><\/p>\n","protected":false},"author":1,"featured_media":0,"comment_status":"closed","ping_status":"open","sticky":false,"template":"","format":"standard","meta":{"_coblocks_attr":"","_coblocks_dimensions":"","_coblocks_responsive_height":"","_coblocks_accordion_ie_support":"","footnotes":""},"categories":[5],"tags":[],"class_list":["post-911","post","type-post","status-publish","format-standard","hentry","category-beitraege","no-featured-image-padding"],"_links":{"self":[{"href":"https:\/\/www.eberswalderturnerschaft.de\/home\/wp-json\/wp\/v2\/posts\/911","targetHints":{"allow":["GET"]}}],"collection":[{"href":"https:\/\/www.eberswalderturnerschaft.de\/home\/wp-json\/wp\/v2\/posts"}],"about":[{"href":"https:\/\/www.eberswalderturnerschaft.de\/home\/wp-json\/wp\/v2\/types\/post"}],"author":[{"embeddable":true,"href":"https:\/\/www.eberswalderturnerschaft.de\/home\/wp-json\/wp\/v2\/users\/1"}],"replies":[{"embeddable":true,"href":"https:\/\/www.eberswalderturnerschaft.de\/home\/wp-json\/wp\/v2\/comments?post=911"}],"version-history":[{"count":2,"href":"https:\/\/www.eberswalderturnerschaft.de\/home\/wp-json\/wp\/v2\/posts\/911\/revisions"}],"predecessor-version":[{"id":916,"href":"https:\/\/www.eberswalderturnerschaft.de\/home\/wp-json\/wp\/v2\/posts\/911\/revisions\/916"}],"wp:attachment":[{"href":"https:\/\/www.eberswalderturnerschaft.de\/home\/wp-json\/wp\/v2\/media?parent=911"}],"wp:term":[{"taxonomy":"category","embeddable":true,"href":"https:\/\/www.eberswalderturnerschaft.de\/home\/wp-json\/wp\/v2\/categories?post=911"},{"taxonomy":"post_tag","embeddable":true,"href":"https:\/\/www.eberswalderturnerschaft.de\/home\/wp-json\/wp\/v2\/tags?post=911"}],"curies":[{"name":"wp","href":"https:\/\/api.w.org\/{rel}","templated":true}]}}