{"id":896,"date":"2022-06-13T08:00:00","date_gmt":"2022-06-13T08:00:00","guid":{"rendered":"https:\/\/www.eberswalderturnerschaft.de\/home\/?p=896"},"modified":"2022-11-06T13:21:16","modified_gmt":"2022-11-06T13:21:16","slug":"zwei-bezirksmeistertitel-und-vier-weitere-podestplaetze-fuer-die-eberswalder-turnkids","status":"publish","type":"post","link":"https:\/\/www.eberswalderturnerschaft.de\/home\/zwei-bezirksmeistertitel-und-vier-weitere-podestplaetze-fuer-die-eberswalder-turnkids\/","title":{"rendered":"Zwei Bezirksmeistertitel und vier weitere Podestpl\u00e4tze f\u00fcr die Eberswalder Turnkids"},"content":{"rendered":"\n<hr class=\"wp-block-separator\"\/>\n\n\n\n<p>Die Eberswalder Turnerschaft ging mit 25 weiblichen und 7 m\u00e4nnlichen Aktiven bei den diesj\u00e4hrigen Bezirksmeisterschaften der Kinder des Turnbezirks Oderland\/Uckermark in Schwedt an den Start, wo sie sich 42 weiblichen und 19 m\u00e4nnlichen Konkurrenten aus Frankfurt\/Oder, Strausberg und Schwedt stellen mussten.<\/p>\n\n\n\n<p>Im weiblichen Bereich gab es f\u00fcr Rosalie Schatz (AK 10\/11) den Bezirksmeistertitel, den sie sich mit 50,95 Punkten und tollen Leistungen an Sprung und Barren erk\u00e4mpft hatte. Im m\u00e4nnlichen Bereich dieser Altersklasse gelang es Jonah K\u00f6hle mit 83,70 Mehrkampfpunkten den h\u00f6chsten Podestplatz zu erzielen. Seine besten Ger\u00e4te waren Pauschenpferd und Sprung.<\/p>\n\n\n\n<p>Die Waldstadtriege konnte auch noch zwei Silbermedaillen verbuchen, n\u00e4mlich f\u00fcr Felipe Br\u00e4uning (AK 10\/11) und f\u00fcr Julian Stenschke (LK4 bis 11 Jahre), der sich diesen Podestplatz mit Denis Schatz vom TSC Strausberg teilte.<\/p>\n\n\n\n<p>Bei den M\u00e4dchen kamen noch 2 Bronzemedaillen in die Ergebnisschatulle, erturnt von Tamina Mewes (LK4 bis 11 Jahre) und Charline Zweininger (LK4 bis 13 Jahre).<\/p>\n\n\n\n<p>Zwei Turnerinnen mussten sich mit dem undankbaren 4. Platz zufrieden geben, aber auch die danach Platzierten waren sich alle einig: \u201eEin toll organisierter Wettkampf mit guten Ger\u00e4ten, sch\u00f6ner Wettkampfatmosph\u00e4re, bei dem auch die kulinarische Versorgung nichts zu w\u00fcnschen \u00fcbrig lie\u00df.\u201c<\/p>\n\n\n\n<div style=\"height:50px\" aria-hidden=\"true\" class=\"wp-block-spacer\"><\/div>\n\n\n\n<div aria-label=\"Carousel Gallery\" class=\"wp-block-coblocks-gallery-carousel alignfull\"><div class=\"coblocks-gallery-carousel-swiper-container is-cropped coblocks-gallery has-caption-style-dark has-horizontal-gutter has-lightbox has-no-thumbnails\"><div class=\"has-carousel has-carousel-lrg swiper-container has-responsive-height\" data-swiper=\"{&quot;alignCells&quot;:false,&quot;autoPlay&quot;:true,&quot;autoPlaySpeed&quot;:&quot;5000&quot;,&quot;draggable&quot;:false,&quot;freeMode&quot;:false,&quot;loop&quot;:false,&quot;navigation&quot;:true,&quot;pageDots&quot;:false,&quot;pauseHover&quot;:true,&quot;responsiveHeight&quot;:true,&quot;slidesPerView&quot;:2,&quot;thumbnails&quot;:false,&quot;uuid&quot;:&quot;12345&quot;}\" id=\"12345\" style=\"height:400px\"><div class=\"swiper-wrapper\"><div class=\"swiper-slide\"><div class=\"coblocks-gallery--item\" role=\"button\" tabindex=\"0\"><figure class=\"coblocks-gallery--figure has-margin-left-10 has-margin-left-mobile-5 has-margin-right-10 has-margin-right-mobile-5\"><img loading=\"lazy\" decoding=\"async\" width=\"1024\" height=\"768\" alt=\"\" class=\"wp-image-897\" data-id=\"897\" data-link=\"https:\/\/www.eberswalderturnerschaft.de\/home\/?attachment_id=897#main\" src=\"https:\/\/www.eberswalderturnerschaft.de\/home\/wp-content\/uploads\/2022\/11\/Aufmerksame-Beobachter-beim-Bezirksturnfest-Kinder-2022-in-Schwedt-1024x768.jpg\" srcset=\"https:\/\/www.eberswalderturnerschaft.de\/home\/wp-content\/uploads\/2022\/11\/Aufmerksame-Beobachter-beim-Bezirksturnfest-Kinder-2022-in-Schwedt-1024x768.jpg 1024w, https:\/\/www.eberswalderturnerschaft.de\/home\/wp-content\/uploads\/2022\/11\/Aufmerksame-Beobachter-beim-Bezirksturnfest-Kinder-2022-in-Schwedt-300x225.jpg 300w, https:\/\/www.eberswalderturnerschaft.de\/home\/wp-content\/uploads\/2022\/11\/Aufmerksame-Beobachter-beim-Bezirksturnfest-Kinder-2022-in-Schwedt-768x576.jpg 768w, https:\/\/www.eberswalderturnerschaft.de\/home\/wp-content\/uploads\/2022\/11\/Aufmerksame-Beobachter-beim-Bezirksturnfest-Kinder-2022-in-Schwedt.jpg 1280w\" sizes=\"auto, (max-width: 1024px) 100vw, 1024px\" \/><\/figure><figcaption class=\"coblocks-gallery--caption coblocks-gallery--primary-caption\"><\/figcaption><\/div><\/div><div class=\"swiper-slide\"><div class=\"coblocks-gallery--item\" role=\"button\" tabindex=\"1\"><figure class=\"coblocks-gallery--figure has-margin-left-10 has-margin-left-mobile-5 has-margin-right-10 has-margin-right-mobile-5\"><img loading=\"lazy\" decoding=\"async\" width=\"1024\" height=\"768\" alt=\"\" class=\"wp-image-898\" data-id=\"898\" data-link=\"https:\/\/www.eberswalderturnerschaft.de\/home\/?attachment_id=898#main\" src=\"https:\/\/www.eberswalderturnerschaft.de\/home\/wp-content\/uploads\/2022\/11\/Konzentriertes-Kampfgericht-beim-Bez.-Tu-Fest-KK-Schwedt-1024x768.jpg\" srcset=\"https:\/\/www.eberswalderturnerschaft.de\/home\/wp-content\/uploads\/2022\/11\/Konzentriertes-Kampfgericht-beim-Bez.-Tu-Fest-KK-Schwedt-1024x768.jpg 1024w, https:\/\/www.eberswalderturnerschaft.de\/home\/wp-content\/uploads\/2022\/11\/Konzentriertes-Kampfgericht-beim-Bez.-Tu-Fest-KK-Schwedt-300x225.jpg 300w, https:\/\/www.eberswalderturnerschaft.de\/home\/wp-content\/uploads\/2022\/11\/Konzentriertes-Kampfgericht-beim-Bez.-Tu-Fest-KK-Schwedt-768x576.jpg 768w, https:\/\/www.eberswalderturnerschaft.de\/home\/wp-content\/uploads\/2022\/11\/Konzentriertes-Kampfgericht-beim-Bez.-Tu-Fest-KK-Schwedt.jpg 1280w\" sizes=\"auto, (max-width: 1024px) 100vw, 1024px\" \/><\/figure><figcaption class=\"coblocks-gallery--caption coblocks-gallery--primary-caption\"><\/figcaption><\/div><\/div><div class=\"swiper-slide\"><div class=\"coblocks-gallery--item\" role=\"button\" tabindex=\"2\"><figure class=\"coblocks-gallery--figure has-margin-left-10 has-margin-left-mobile-5 has-margin-right-10 has-margin-right-mobile-5\"><img loading=\"lazy\" decoding=\"async\" width=\"1024\" height=\"768\" alt=\"\" class=\"wp-image-899\" data-id=\"899\" data-link=\"https:\/\/www.eberswalderturnerschaft.de\/home\/?attachment_id=899#main\" src=\"https:\/\/www.eberswalderturnerschaft.de\/home\/wp-content\/uploads\/2022\/11\/Gold-Jonah-Koehle-und-Silber-Felipe-Braeuning-fuer-Eberswalde-1024x768.jpg\" srcset=\"https:\/\/www.eberswalderturnerschaft.de\/home\/wp-content\/uploads\/2022\/11\/Gold-Jonah-Koehle-und-Silber-Felipe-Braeuning-fuer-Eberswalde-1024x768.jpg 1024w, https:\/\/www.eberswalderturnerschaft.de\/home\/wp-content\/uploads\/2022\/11\/Gold-Jonah-Koehle-und-Silber-Felipe-Braeuning-fuer-Eberswalde-300x225.jpg 300w, https:\/\/www.eberswalderturnerschaft.de\/home\/wp-content\/uploads\/2022\/11\/Gold-Jonah-Koehle-und-Silber-Felipe-Braeuning-fuer-Eberswalde-768x576.jpg 768w, https:\/\/www.eberswalderturnerschaft.de\/home\/wp-content\/uploads\/2022\/11\/Gold-Jonah-Koehle-und-Silber-Felipe-Braeuning-fuer-Eberswalde.jpg 1280w\" sizes=\"auto, (max-width: 1024px) 100vw, 1024px\" \/><\/figure><figcaption class=\"coblocks-gallery--caption coblocks-gallery--primary-caption\"><\/figcaption><\/div><\/div><div class=\"swiper-slide\"><div class=\"coblocks-gallery--item\" role=\"button\" tabindex=\"3\"><figure class=\"coblocks-gallery--figure has-margin-left-10 has-margin-left-mobile-5 has-margin-right-10 has-margin-right-mobile-5\"><img loading=\"lazy\" decoding=\"async\" width=\"1024\" height=\"768\" alt=\"\" class=\"wp-image-900\" data-id=\"900\" data-link=\"https:\/\/www.eberswalderturnerschaft.de\/home\/?attachment_id=900#main\" src=\"https:\/\/www.eberswalderturnerschaft.de\/home\/wp-content\/uploads\/2022\/11\/Bezirksmeisterin-Rosalie-Schatz-1024x768.jpg\" srcset=\"https:\/\/www.eberswalderturnerschaft.de\/home\/wp-content\/uploads\/2022\/11\/Bezirksmeisterin-Rosalie-Schatz-1024x768.jpg 1024w, https:\/\/www.eberswalderturnerschaft.de\/home\/wp-content\/uploads\/2022\/11\/Bezirksmeisterin-Rosalie-Schatz-300x225.jpg 300w, https:\/\/www.eberswalderturnerschaft.de\/home\/wp-content\/uploads\/2022\/11\/Bezirksmeisterin-Rosalie-Schatz-768x576.jpg 768w, https:\/\/www.eberswalderturnerschaft.de\/home\/wp-content\/uploads\/2022\/11\/Bezirksmeisterin-Rosalie-Schatz.jpg 1280w\" sizes=\"auto, (max-width: 1024px) 100vw, 1024px\" \/><\/figure><figcaption class=\"coblocks-gallery--caption coblocks-gallery--primary-caption\"><\/figcaption><\/div><\/div><\/div><button class=\"nav-button__prev\" id=\"12345-prev\"><svg class=\"icon\" style=\"transform:rotate(180deg)\"><\/svg><\/button><button class=\"nav-button__next\" id=\"12345-next\"><svg class=\"icon\"><\/svg><\/button><\/div><\/div><\/div>\n","protected":false},"excerpt":{"rendered":"<p>Die Eberswalder Turnerschaft ging mit 25 weiblichen und 7 m\u00e4nnlichen Aktiven bei den diesj\u00e4hrigen Bezirksmeisterschaften der Kinder des Turnbezirks Oderland\/Uckermark in Schwedt an den Start, wo sie sich 42 weiblichen und 19 m\u00e4nnlichen Konkurrenten aus Frankfurt\/Oder, Strausberg und Schwedt stellen mussten. Im weiblichen Bereich gab es f\u00fcr Rosalie Schatz (AK 10\/11) den Bezirksmeistertitel, den sie &#8230; <a title=\"Zwei Bezirksmeistertitel und vier weitere Podestpl\u00e4tze f\u00fcr die Eberswalder Turnkids\" class=\"read-more\" href=\"https:\/\/www.eberswalderturnerschaft.de\/home\/zwei-bezirksmeistertitel-und-vier-weitere-podestplaetze-fuer-die-eberswalder-turnkids\/\" aria-label=\"Mehr bei Zwei Bezirksmeistertitel und vier weitere Podestpl\u00e4tze f\u00fcr die Eberswalder Turnkids\">Read more<\/a><\/p>\n","protected":false},"author":4,"featured_media":0,"comment_status":"closed","ping_status":"open","sticky":false,"template":"","format":"standard","meta":{"_coblocks_attr":"","_coblocks_dimensions":"","_coblocks_responsive_height":"","_coblocks_accordion_ie_support":"","footnotes":""},"categories":[5],"tags":[],"class_list":["post-896","post","type-post","status-publish","format-standard","hentry","category-beitraege","no-featured-image-padding"],"_links":{"self":[{"href":"https:\/\/www.eberswalderturnerschaft.de\/home\/wp-json\/wp\/v2\/posts\/896","targetHints":{"allow":["GET"]}}],"collection":[{"href":"https:\/\/www.eberswalderturnerschaft.de\/home\/wp-json\/wp\/v2\/posts"}],"about":[{"href":"https:\/\/www.eberswalderturnerschaft.de\/home\/wp-json\/wp\/v2\/types\/post"}],"author":[{"embeddable":true,"href":"https:\/\/www.eberswalderturnerschaft.de\/home\/wp-json\/wp\/v2\/users\/4"}],"replies":[{"embeddable":true,"href":"https:\/\/www.eberswalderturnerschaft.de\/home\/wp-json\/wp\/v2\/comments?post=896"}],"version-history":[{"count":5,"href":"https:\/\/www.eberswalderturnerschaft.de\/home\/wp-json\/wp\/v2\/posts\/896\/revisions"}],"predecessor-version":[{"id":905,"href":"https:\/\/www.eberswalderturnerschaft.de\/home\/wp-json\/wp\/v2\/posts\/896\/revisions\/905"}],"wp:attachment":[{"href":"https:\/\/www.eberswalderturnerschaft.de\/home\/wp-json\/wp\/v2\/media?parent=896"}],"wp:term":[{"taxonomy":"category","embeddable":true,"href":"https:\/\/www.eberswalderturnerschaft.de\/home\/wp-json\/wp\/v2\/categories?post=896"},{"taxonomy":"post_tag","embeddable":true,"href":"https:\/\/www.eberswalderturnerschaft.de\/home\/wp-json\/wp\/v2\/tags?post=896"}],"curies":[{"name":"wp","href":"https:\/\/api.w.org\/{rel}","templated":true}]}}