{"id":834,"date":"2022-04-13T08:00:59","date_gmt":"2022-04-13T08:00:59","guid":{"rendered":"https:\/\/www.eberswalderturnerschaft.de\/home\/?p=834"},"modified":"2022-04-19T14:39:43","modified_gmt":"2022-04-19T14:39:43","slug":"siegeszug-fuer-die-waldstaedter-beim-46-turnevent","status":"publish","type":"post","link":"https:\/\/www.eberswalderturnerschaft.de\/home\/siegeszug-fuer-die-waldstaedter-beim-46-turnevent\/","title":{"rendered":"Siegeszug f\u00fcr die Waldst\u00e4dter beim 46. Turnevent"},"content":{"rendered":"<hr \/>\n<h2>12 Podestpl\u00e4tze f\u00fcr den Gastgeber<\/h2>\n<p>&nbsp;<\/p>\n<p>Nach zweij\u00e4hriger Zwangspause hatten sich 274 G\u00e4ste f\u00fcr den 46. Eberswalder Turnertreff beim Veranstalter SV Motor Eberswalde, Abt. Turnen angemeldet. Davon bewiesen 132 Aktive aus 36 Vereinen und 8 Bundesl\u00e4ndern im Eberswalder Sportkomplex Westend, dass \u00a0sie das Turnen w\u00e4hrend der Corona \u2013 Pandemie keinesfalls verlernt haben. Die Wiedersehensfreude war \u00fcberw\u00e4ltigend und die Wettkampfatmosph\u00e4re von entspanntem Miteinander gepr\u00e4gt.<\/p>\n<p>Nach der Begr\u00fc\u00dfung der Ehreng\u00e4ste er\u00f6ffnete Abteilungs- und Organisationsleiterin Andrea Schellenberger den ersten Wettkampftag. Lokalmatador Dr. Rudolf Radecke, mit 89 Jahren gleichzeitig \u00e4ltester Turner, zeigte vor allen Anwesenden seine \u00dcbung am Barren. Er wurde mit lang anhaltendem Beifall und 10,0 Punkten vom Kampfgericht belohnt. Mit 83 Lenzen schlug sich Rosemarie Schiedt vom TV Nordost Berlin e.V. an Bank, Boden, Barren und Wahlger\u00e4t Seil als \u00e4lteste Teilnehmerin hervorragend. Sie nahm einen der begehrten Eberswalder Wurstk\u00f6rbe als Siegertroph\u00e4e mit nach Hause.<\/p>\n<p>Den wohlwollenden Augen der Kampfrichter*innen stellten sich im Seniorenbereich 50 Aktive von 30 bis 89 Jahren, unter ihnen zehn aus der hiesigen Turnerschaft. Vier nutzten den Heimvorteil und standen zum Schluss auf dem obersten Treppchen: Andrea Schellenberger (AK 55), Tini Trautmann (AK 70), Henri Durke (AK 60) und der bereits erw\u00e4hnte Dr. Rudolf Radecke (AK 85+). Dazu kamen weitere vier Silberpl\u00e4tze: Janka Sz\u00f6gedi (AK 35), Nadine Schwarz (AK 40) sowie Kolju Kolew (AK 75) und sein Sohn Andrej (AK 40). Dagmar R\u00fchl (AK 55) erturnte einen 4. \u00a0und Axel \u00a0Irrling (AK 60) einen 5. Platz.<\/p>\n<p>Die Eberswalder Turnerjugend, ausgestattet mit der neuen, attraktiven Vereinskleidung, brachte mit einer tollen Tanzperformance die Halle zum Kochen. Ehemalige Trainer und Aktive des Heimatvereins nutzten die Gelegenheit f\u00fcr ein internes Treffen.<\/p>\n<p>Am 2. Wettkampftag, der den Jugend-und Erwachsenenklassen vorbehalten ist, gab es mit 82 Aktiven\u00a0 wieder hohe Teilnehmerzahlen bei den jungen Leuten. Es herrschte eine tolle Stimmung in der Halle und ganz oft brandete Szenenbeifall auf. Und auch hier schlugen sich die Eberswalder mit Bravour. Felix W\u00f6he, der seinen ersten gro\u00dfen Wettkampf in der LK4 Jugend turnte, siegte \u00fcberlegen. Benjamin Rothe erturnte in der LK3 (Erwachsene) einen zweiten Platz. Bei den weiblichen Aktiven gab es mit Chiara Grohe LK3 (Jugend) und Mila Heenemann LK2 (Jugend) zwei \u00a0\u00a0Silberr\u00e4nge. Natalie Aldana, Miriam Ehlers und Dorothea Durke (alle Jugend LK3)) belegten die Pl\u00e4tze 9, 10 und 20. Sie mussten gegen ein starkes Teilnehmerfeld anturnen. Nina M\u00fcller und Lea Korbik, beide LK3 Erwachsene, erzielten Platz 9 und 15.<\/p>\n<p>Der Gastgeber schickte summa summarum 19 Starter*innen ins Rennen und verbuchte am Ende der Wettkampftage 12 Podestpl\u00e4tze. Das wurde nat\u00fcrlich nach Art der Turner ausgiebig auf der Abendveranstaltung im \u201eseezeit \u2013 resort\u201c am Werbellinsee mit allen G\u00e4sten fr\u00f6hlich gefeiert.<\/p>\n<p>&nbsp;<\/p>\n<p>Die Hauptkampfrichter Jana Rathmann und Annette Kuhlig (beide vom TSC\u00a0 \u00a0Strausberg) f\u00fcr den weiblichen- sowie Dieter Becherer (SG Spergau) und Helge Bochmann (TSV Falkensee e.V.) \u00a0f\u00fcr den m\u00e4nnlichen Bereich waren sich einig in ihrem Urteil: \u201eEs ist f\u00fcr uns jedes Mal eine gro\u00dfe Freude und Ehre, f\u00fcr diese Funktion eingeladen zu werden, da dieser Wettkampf durch sein hohes Organisationsniveau und eine perfekt hergerichtete Turnb\u00fchne besticht.\u201c<\/p>\n<p>Mit diesem positiven Res\u00fcmee m\u00f6chten sich die Organisatoren bei allen Turner*innen, Kampfrichter*innen, G\u00e4sten, Sponsoren und vor allem bei der \u00a0\u00a0gro\u00dfen Helferschar hinter den Kulissen f\u00fcr das gelungene Gro\u00dfereignis bedanken.<\/p>\n<p>Der Termin f\u00fcr den <strong><em>47. Eberswalder Turnertreff<\/em><\/strong> steht \u00fcbrigens mit dem <strong><em>1.\/2. April 2023<\/em><\/strong> bereits fest.<\/p>\n<p>&nbsp;<\/p>\n<p>&nbsp;<\/p>\n<p>&nbsp;<\/p>\n<p>Weitere Fotos und Informationen sind unter <a href=\"http:\/\/www.turnertreff.org\">www.turnertreff.org<\/a> zu finden.<\/p>\n<hr \/>\n<p>&nbsp;<\/p>\n","protected":false},"excerpt":{"rendered":"<p>12 Podestpl\u00e4tze f\u00fcr den Gastgeber &nbsp; Nach zweij\u00e4hriger Zwangspause hatten sich 274 G\u00e4ste f\u00fcr den 46. Eberswalder Turnertreff beim Veranstalter SV Motor Eberswalde, Abt. Turnen angemeldet. Davon bewiesen 132 Aktive aus 36 Vereinen und 8 Bundesl\u00e4ndern im Eberswalder Sportkomplex Westend, dass \u00a0sie das Turnen w\u00e4hrend der Corona \u2013 Pandemie keinesfalls verlernt haben. Die Wiedersehensfreude war &#8230; <a title=\"Siegeszug f\u00fcr die Waldst\u00e4dter beim 46. Turnevent\" class=\"read-more\" href=\"https:\/\/www.eberswalderturnerschaft.de\/home\/siegeszug-fuer-die-waldstaedter-beim-46-turnevent\/\" aria-label=\"Mehr bei Siegeszug f\u00fcr die Waldst\u00e4dter beim 46. Turnevent\">Read more<\/a><\/p>\n","protected":false},"author":4,"featured_media":0,"comment_status":"closed","ping_status":"open","sticky":false,"template":"","format":"standard","meta":{"_coblocks_attr":"","_coblocks_dimensions":"","_coblocks_responsive_height":"","_coblocks_accordion_ie_support":"","footnotes":""},"categories":[5],"tags":[],"class_list":["post-834","post","type-post","status-publish","format-standard","hentry","category-beitraege","no-featured-image-padding"],"_links":{"self":[{"href":"https:\/\/www.eberswalderturnerschaft.de\/home\/wp-json\/wp\/v2\/posts\/834","targetHints":{"allow":["GET"]}}],"collection":[{"href":"https:\/\/www.eberswalderturnerschaft.de\/home\/wp-json\/wp\/v2\/posts"}],"about":[{"href":"https:\/\/www.eberswalderturnerschaft.de\/home\/wp-json\/wp\/v2\/types\/post"}],"author":[{"embeddable":true,"href":"https:\/\/www.eberswalderturnerschaft.de\/home\/wp-json\/wp\/v2\/users\/4"}],"replies":[{"embeddable":true,"href":"https:\/\/www.eberswalderturnerschaft.de\/home\/wp-json\/wp\/v2\/comments?post=834"}],"version-history":[{"count":3,"href":"https:\/\/www.eberswalderturnerschaft.de\/home\/wp-json\/wp\/v2\/posts\/834\/revisions"}],"predecessor-version":[{"id":838,"href":"https:\/\/www.eberswalderturnerschaft.de\/home\/wp-json\/wp\/v2\/posts\/834\/revisions\/838"}],"wp:attachment":[{"href":"https:\/\/www.eberswalderturnerschaft.de\/home\/wp-json\/wp\/v2\/media?parent=834"}],"wp:term":[{"taxonomy":"category","embeddable":true,"href":"https:\/\/www.eberswalderturnerschaft.de\/home\/wp-json\/wp\/v2\/categories?post=834"},{"taxonomy":"post_tag","embeddable":true,"href":"https:\/\/www.eberswalderturnerschaft.de\/home\/wp-json\/wp\/v2\/tags?post=834"}],"curies":[{"name":"wp","href":"https:\/\/api.w.org\/{rel}","templated":true}]}}