{"id":819,"date":"2022-04-01T08:00:40","date_gmt":"2022-04-01T08:00:40","guid":{"rendered":"https:\/\/www.eberswalderturnerschaft.de\/home\/?p=819"},"modified":"2022-04-01T15:14:53","modified_gmt":"2022-04-01T15:14:53","slug":"endlich-wieder-turnglanzlichter-im-eberswalder-sportkomplex-westend","status":"publish","type":"post","link":"https:\/\/www.eberswalderturnerschaft.de\/home\/endlich-wieder-turnglanzlichter-im-eberswalder-sportkomplex-westend\/","title":{"rendered":"Endlich wieder Turnglanzlichter im Eberswalder Sportkomplex Westend"},"content":{"rendered":"<hr \/>\n<p>Zum <strong>46.<\/strong> Mal wird am <strong><em>Samstag, dem 9. April 2022 um 11:00 Uhr<\/em><\/strong> die Er\u00f6ffnungsfanfare f\u00fcr den <strong>Eberswalder Turnertreff<\/strong> erklingen. Nach zwei Jahren Zwangspause durch die Corona-Pandemie ist der Zuspruch \u00fcberw\u00e4ltigend. 274 Meldungen liegen vor, davon gehen 178 als Aktive aus 36 Vereinen und 8 Bundesl\u00e4ndern an die Ger\u00e4te. 59 Kampfrichter*innen sind n\u00f6tig, um die Leistungen zu beurteilen.<\/p>\n<p>Die Hauptkampfrichter sind Annette Kuhlig und Jana Rathmann vom TSC Strausberg f\u00fcr den weiblichen Bereich und f\u00fcr den m\u00e4nnlichen Part sind Helge Bochmann vom TSV Falkensee e.V. sowie Dieter Becherer von der SG Spergau verantwortlich. Letzerer \u00fcbt diese Funktion immer noch mit seinen 82 Lenzen aus!!!<\/p>\n<p>Am Sonnabend wird in den Altersklassen von 25 bis \u00fcber 80 Jahre geturnt. Hier entbrennt immer ein harter Kampf um die begehrten Eberswalder Wurstk\u00f6rbe als Siegertroph\u00e4e.<\/p>\n<p>Als \u00e4lteste Turnerin geht Rosemarie Schiedt vom Turnverein Nordost Berlin mit 83 Jahren an den Start und bei den M\u00e4nnern ist Lokalmatador Dr. Rudolf Radecke mit 89 Jahren dabei.<\/p>\n<p>Der TSV Falkensee e.V. stellt mit 22 Aktiven die meisten Teilnehmer*innen aus einem Verein.<\/p>\n<p>Am <strong><em>Sonntag, dem 10. April<\/em><\/strong> beginnt der Wettkampf f\u00fcr die Jugend-und Erwachsenenklassen bereits <strong><em>ab 10:00 Uhr<\/em><\/strong>. Der Eintritt ist an beiden Tagen frei und das Organisationsteam um Andrea Schellenberger und Rudolf Trautmann hofft nat\u00fcrlich auch auf gro\u00dfes Zuschauerinteresse seitens der einheimischen Bev\u00f6lkerung. Um die kulinarische Versorgung k\u00fcmmern sich viele flei\u00dfige Helfer aus den eigenen Reihen, aber auch von Seiten des Betreibers des \u201cSunset\u201d kommt Unterst\u00fctzung. Ebenso wird sich an beiden Wettkampftagen der Sportbekleidungs- und Sportger\u00e4teanbieter SAM Sport aus Berlin pr\u00e4sentieren.<\/p>\n<p>Bei Hallenzutritt gilt 3G.<\/p>\n<hr \/>\n<p><a href=\"https:\/\/www.eberswalderturnerschaft.de\/home\/wp-content\/uploads\/2022\/04\/2-Impressionen-ETT-von-Soeren-Tetzlaff2137-scaled.jpg\"><img loading=\"lazy\" decoding=\"async\" class=\"aligncenter wp-image-821 size-full\" src=\"https:\/\/www.eberswalderturnerschaft.de\/home\/wp-content\/uploads\/2022\/04\/2-Impressionen-ETT-von-Soeren-Tetzlaff2137-scaled.jpg\" alt=\"\" width=\"2560\" height=\"1707\" srcset=\"https:\/\/www.eberswalderturnerschaft.de\/home\/wp-content\/uploads\/2022\/04\/2-Impressionen-ETT-von-Soeren-Tetzlaff2137-scaled.jpg 2560w, https:\/\/www.eberswalderturnerschaft.de\/home\/wp-content\/uploads\/2022\/04\/2-Impressionen-ETT-von-Soeren-Tetzlaff2137-300x200.jpg 300w, https:\/\/www.eberswalderturnerschaft.de\/home\/wp-content\/uploads\/2022\/04\/2-Impressionen-ETT-von-Soeren-Tetzlaff2137-1024x683.jpg 1024w, https:\/\/www.eberswalderturnerschaft.de\/home\/wp-content\/uploads\/2022\/04\/2-Impressionen-ETT-von-Soeren-Tetzlaff2137-768x512.jpg 768w, https:\/\/www.eberswalderturnerschaft.de\/home\/wp-content\/uploads\/2022\/04\/2-Impressionen-ETT-von-Soeren-Tetzlaff2137-1536x1024.jpg 1536w, https:\/\/www.eberswalderturnerschaft.de\/home\/wp-content\/uploads\/2022\/04\/2-Impressionen-ETT-von-Soeren-Tetzlaff2137-2048x1365.jpg 2048w, https:\/\/www.eberswalderturnerschaft.de\/home\/wp-content\/uploads\/2022\/04\/2-Impressionen-ETT-von-Soeren-Tetzlaff2137-1200x800.jpg 1200w, https:\/\/www.eberswalderturnerschaft.de\/home\/wp-content\/uploads\/2022\/04\/2-Impressionen-ETT-von-Soeren-Tetzlaff2137-600x400.jpg 600w\" sizes=\"auto, (max-width: 2560px) 100vw, 2560px\" \/><\/a><\/p>\n<p><a href=\"https:\/\/www.eberswalderturnerschaft.de\/home\/wp-content\/uploads\/2022\/04\/3-Yvonne-Schemel-am-Boden2138.jpg\"><img loading=\"lazy\" decoding=\"async\" class=\"size-full wp-image-822 aligncenter\" src=\"https:\/\/www.eberswalderturnerschaft.de\/home\/wp-content\/uploads\/2022\/04\/3-Yvonne-Schemel-am-Boden2138.jpg\" alt=\"\" width=\"2430\" height=\"1620\" srcset=\"https:\/\/www.eberswalderturnerschaft.de\/home\/wp-content\/uploads\/2022\/04\/3-Yvonne-Schemel-am-Boden2138.jpg 2430w, https:\/\/www.eberswalderturnerschaft.de\/home\/wp-content\/uploads\/2022\/04\/3-Yvonne-Schemel-am-Boden2138-300x200.jpg 300w, https:\/\/www.eberswalderturnerschaft.de\/home\/wp-content\/uploads\/2022\/04\/3-Yvonne-Schemel-am-Boden2138-1024x683.jpg 1024w, https:\/\/www.eberswalderturnerschaft.de\/home\/wp-content\/uploads\/2022\/04\/3-Yvonne-Schemel-am-Boden2138-768x512.jpg 768w, https:\/\/www.eberswalderturnerschaft.de\/home\/wp-content\/uploads\/2022\/04\/3-Yvonne-Schemel-am-Boden2138-1536x1024.jpg 1536w, https:\/\/www.eberswalderturnerschaft.de\/home\/wp-content\/uploads\/2022\/04\/3-Yvonne-Schemel-am-Boden2138-2048x1365.jpg 2048w, https:\/\/www.eberswalderturnerschaft.de\/home\/wp-content\/uploads\/2022\/04\/3-Yvonne-Schemel-am-Boden2138-1200x800.jpg 1200w, https:\/\/www.eberswalderturnerschaft.de\/home\/wp-content\/uploads\/2022\/04\/3-Yvonne-Schemel-am-Boden2138-600x400.jpg 600w\" sizes=\"auto, (max-width: 2430px) 100vw, 2430px\" \/><\/a><\/p>\n<p><a href=\"https:\/\/www.eberswalderturnerschaft.de\/home\/wp-content\/uploads\/2022\/04\/4-Henri-Durke-am-Reck-Henner2139.jpg\"><img loading=\"lazy\" decoding=\"async\" class=\"size-full wp-image-823 aligncenter\" src=\"https:\/\/www.eberswalderturnerschaft.de\/home\/wp-content\/uploads\/2022\/04\/4-Henri-Durke-am-Reck-Henner2139.jpg\" alt=\"\" width=\"1280\" height=\"754\" srcset=\"https:\/\/www.eberswalderturnerschaft.de\/home\/wp-content\/uploads\/2022\/04\/4-Henri-Durke-am-Reck-Henner2139.jpg 1280w, https:\/\/www.eberswalderturnerschaft.de\/home\/wp-content\/uploads\/2022\/04\/4-Henri-Durke-am-Reck-Henner2139-300x177.jpg 300w, https:\/\/www.eberswalderturnerschaft.de\/home\/wp-content\/uploads\/2022\/04\/4-Henri-Durke-am-Reck-Henner2139-1024x603.jpg 1024w, https:\/\/www.eberswalderturnerschaft.de\/home\/wp-content\/uploads\/2022\/04\/4-Henri-Durke-am-Reck-Henner2139-768x452.jpg 768w, https:\/\/www.eberswalderturnerschaft.de\/home\/wp-content\/uploads\/2022\/04\/4-Henri-Durke-am-Reck-Henner2139-600x353.jpg 600w\" sizes=\"auto, (max-width: 1280px) 100vw, 1280px\" \/><\/a><\/p>\n<p><a href=\"https:\/\/www.eberswalderturnerschaft.de\/home\/wp-content\/uploads\/2022\/04\/5-Kolju-Kolew-am-Barren-12140.jpg\"><img loading=\"lazy\" decoding=\"async\" class=\"size-full wp-image-824 aligncenter\" src=\"https:\/\/www.eberswalderturnerschaft.de\/home\/wp-content\/uploads\/2022\/04\/5-Kolju-Kolew-am-Barren-12140.jpg\" alt=\"\" width=\"2048\" height=\"1536\" srcset=\"https:\/\/www.eberswalderturnerschaft.de\/home\/wp-content\/uploads\/2022\/04\/5-Kolju-Kolew-am-Barren-12140.jpg 2048w, https:\/\/www.eberswalderturnerschaft.de\/home\/wp-content\/uploads\/2022\/04\/5-Kolju-Kolew-am-Barren-12140-300x225.jpg 300w, https:\/\/www.eberswalderturnerschaft.de\/home\/wp-content\/uploads\/2022\/04\/5-Kolju-Kolew-am-Barren-12140-1024x768.jpg 1024w, https:\/\/www.eberswalderturnerschaft.de\/home\/wp-content\/uploads\/2022\/04\/5-Kolju-Kolew-am-Barren-12140-768x576.jpg 768w, https:\/\/www.eberswalderturnerschaft.de\/home\/wp-content\/uploads\/2022\/04\/5-Kolju-Kolew-am-Barren-12140-1536x1152.jpg 1536w, https:\/\/www.eberswalderturnerschaft.de\/home\/wp-content\/uploads\/2022\/04\/5-Kolju-Kolew-am-Barren-12140-600x450.jpg 600w\" sizes=\"auto, (max-width: 2048px) 100vw, 2048px\" \/><\/a><\/p>\n<p><a href=\"https:\/\/www.eberswalderturnerschaft.de\/home\/wp-content\/uploads\/2022\/04\/6-alt-und-jung2141-scaled.jpg\"><img loading=\"lazy\" decoding=\"async\" class=\"size-full wp-image-825 aligncenter\" src=\"https:\/\/www.eberswalderturnerschaft.de\/home\/wp-content\/uploads\/2022\/04\/6-alt-und-jung2141-scaled.jpg\" alt=\"\" width=\"2560\" height=\"1700\" srcset=\"https:\/\/www.eberswalderturnerschaft.de\/home\/wp-content\/uploads\/2022\/04\/6-alt-und-jung2141-scaled.jpg 2560w, https:\/\/www.eberswalderturnerschaft.de\/home\/wp-content\/uploads\/2022\/04\/6-alt-und-jung2141-300x199.jpg 300w, https:\/\/www.eberswalderturnerschaft.de\/home\/wp-content\/uploads\/2022\/04\/6-alt-und-jung2141-1024x680.jpg 1024w, https:\/\/www.eberswalderturnerschaft.de\/home\/wp-content\/uploads\/2022\/04\/6-alt-und-jung2141-768x510.jpg 768w, https:\/\/www.eberswalderturnerschaft.de\/home\/wp-content\/uploads\/2022\/04\/6-alt-und-jung2141-1536x1020.jpg 1536w, https:\/\/www.eberswalderturnerschaft.de\/home\/wp-content\/uploads\/2022\/04\/6-alt-und-jung2141-2048x1360.jpg 2048w, https:\/\/www.eberswalderturnerschaft.de\/home\/wp-content\/uploads\/2022\/04\/6-alt-und-jung2141-600x399.jpg 600w\" sizes=\"auto, (max-width: 2560px) 100vw, 2560px\" \/><\/a><\/p>\n<hr \/>\n<p>&nbsp;<\/p>\n","protected":false},"excerpt":{"rendered":"<p>Zum 46. Mal wird am Samstag, dem 9. April 2022 um 11:00 Uhr die Er\u00f6ffnungsfanfare f\u00fcr den Eberswalder Turnertreff erklingen. Nach zwei Jahren Zwangspause durch die Corona-Pandemie ist der Zuspruch \u00fcberw\u00e4ltigend. 274 Meldungen liegen vor, davon gehen 178 als Aktive aus 36 Vereinen und 8 Bundesl\u00e4ndern an die Ger\u00e4te. 59 Kampfrichter*innen sind n\u00f6tig, um die &#8230; <a title=\"Endlich wieder Turnglanzlichter im Eberswalder Sportkomplex Westend\" class=\"read-more\" href=\"https:\/\/www.eberswalderturnerschaft.de\/home\/endlich-wieder-turnglanzlichter-im-eberswalder-sportkomplex-westend\/\" aria-label=\"Mehr bei Endlich wieder Turnglanzlichter im Eberswalder Sportkomplex Westend\">Read more<\/a><\/p>\n","protected":false},"author":1,"featured_media":0,"comment_status":"closed","ping_status":"open","sticky":false,"template":"","format":"standard","meta":{"_coblocks_attr":"","_coblocks_dimensions":"","_coblocks_responsive_height":"","_coblocks_accordion_ie_support":"","footnotes":""},"categories":[5],"tags":[],"class_list":["post-819","post","type-post","status-publish","format-standard","hentry","category-beitraege","no-featured-image-padding"],"_links":{"self":[{"href":"https:\/\/www.eberswalderturnerschaft.de\/home\/wp-json\/wp\/v2\/posts\/819","targetHints":{"allow":["GET"]}}],"collection":[{"href":"https:\/\/www.eberswalderturnerschaft.de\/home\/wp-json\/wp\/v2\/posts"}],"about":[{"href":"https:\/\/www.eberswalderturnerschaft.de\/home\/wp-json\/wp\/v2\/types\/post"}],"author":[{"embeddable":true,"href":"https:\/\/www.eberswalderturnerschaft.de\/home\/wp-json\/wp\/v2\/users\/1"}],"replies":[{"embeddable":true,"href":"https:\/\/www.eberswalderturnerschaft.de\/home\/wp-json\/wp\/v2\/comments?post=819"}],"version-history":[{"count":3,"href":"https:\/\/www.eberswalderturnerschaft.de\/home\/wp-json\/wp\/v2\/posts\/819\/revisions"}],"predecessor-version":[{"id":827,"href":"https:\/\/www.eberswalderturnerschaft.de\/home\/wp-json\/wp\/v2\/posts\/819\/revisions\/827"}],"wp:attachment":[{"href":"https:\/\/www.eberswalderturnerschaft.de\/home\/wp-json\/wp\/v2\/media?parent=819"}],"wp:term":[{"taxonomy":"category","embeddable":true,"href":"https:\/\/www.eberswalderturnerschaft.de\/home\/wp-json\/wp\/v2\/categories?post=819"},{"taxonomy":"post_tag","embeddable":true,"href":"https:\/\/www.eberswalderturnerschaft.de\/home\/wp-json\/wp\/v2\/tags?post=819"}],"curies":[{"name":"wp","href":"https:\/\/api.w.org\/{rel}","templated":true}]}}