{"id":743,"date":"2021-11-18T08:00:00","date_gmt":"2021-11-18T08:00:00","guid":{"rendered":"https:\/\/www.eberswalderturnerschaft.de\/home\/?p=743"},"modified":"2021-11-20T12:42:19","modified_gmt":"2021-11-20T12:42:19","slug":"aufholen-nach-corona","status":"publish","type":"post","link":"https:\/\/www.eberswalderturnerschaft.de\/home\/aufholen-nach-corona\/","title":{"rendered":"Aufholen nach Corona"},"content":{"rendered":"<p>Unter diesem Motto haben sich die jugendlichen Turnerinnen des SV Motor Eberswalde zum Bowlen getroffen.<\/p>\n<p>Stellt sich die Frage: Was k\u00f6nnen Turnerinnen durch diese Sportart aufholen? Sicher nichts, was direkt am Stufenbarren oder Balken gebraucht wird. Oder doch?<\/p>\n<p>Die vielen Monate und Wochen ohne Training in der Ger\u00e4tturnhalle hat die M\u00e4dchen nicht nur das eine oder andere Turnelement verlernen lassen. Nein, auch die sozialen Kontakte fielen komplett weg und das hat Spuren hinterlassen. Zweifel, ob es sich \u00fcberhaupt noch lohnt in die Turnhalle zu gehen, Zweifel an den eigenen F\u00e4higkeiten und Fertigkeiten und Fragen, ob ein Training mit den Mitstreiterinnen noch so sein wird, wie es einmal war, besch\u00e4ftigten die M\u00e4dchen. Was kann es bei so \u201etr\u00fcben\u201c Gedanken also Besseres geben, als etwas gemeinsam zu unternehmen, um die sozialen Kontakte aufzufrischen und Spa\u00df in der Gemeinschaft zu haben. Und Spa\u00df gab es ausreichend! Es war ein toller Abend, wir haben viel gelacht und uns so richtig wohl gef\u00fchlt.<\/p>\n<p>Die M\u00e4dchen freuen sich schon heute auf eine n\u00e4chste gemeinsame Unternehmung.<\/p>\n<p>Ihr gr\u00f6\u00dfter Wunsch ist aber: NIE wieder Lockdown \u2013 NIE wieder Hallenschlie\u00dfung!<\/p>\n","protected":false},"excerpt":{"rendered":"<p>Unter diesem Motto haben sich die jugendlichen Turnerinnen des SV Motor Eberswalde zum Bowlen getroffen. Stellt sich die Frage: Was k\u00f6nnen Turnerinnen durch diese Sportart aufholen? Sicher nichts, was direkt am Stufenbarren oder Balken gebraucht wird. Oder doch? Die vielen Monate und Wochen ohne Training in der Ger\u00e4tturnhalle hat die M\u00e4dchen nicht nur das eine &#8230; <a title=\"Aufholen nach Corona\" class=\"read-more\" href=\"https:\/\/www.eberswalderturnerschaft.de\/home\/aufholen-nach-corona\/\" aria-label=\"Mehr bei Aufholen nach Corona\">Read more<\/a><\/p>\n","protected":false},"author":1,"featured_media":0,"comment_status":"closed","ping_status":"open","sticky":false,"template":"","format":"standard","meta":{"_coblocks_attr":"","_coblocks_dimensions":"","_coblocks_responsive_height":"","_coblocks_accordion_ie_support":"","footnotes":""},"categories":[5],"tags":[],"class_list":["post-743","post","type-post","status-publish","format-standard","hentry","category-beitraege","no-featured-image-padding"],"_links":{"self":[{"href":"https:\/\/www.eberswalderturnerschaft.de\/home\/wp-json\/wp\/v2\/posts\/743","targetHints":{"allow":["GET"]}}],"collection":[{"href":"https:\/\/www.eberswalderturnerschaft.de\/home\/wp-json\/wp\/v2\/posts"}],"about":[{"href":"https:\/\/www.eberswalderturnerschaft.de\/home\/wp-json\/wp\/v2\/types\/post"}],"author":[{"embeddable":true,"href":"https:\/\/www.eberswalderturnerschaft.de\/home\/wp-json\/wp\/v2\/users\/1"}],"replies":[{"embeddable":true,"href":"https:\/\/www.eberswalderturnerschaft.de\/home\/wp-json\/wp\/v2\/comments?post=743"}],"version-history":[{"count":1,"href":"https:\/\/www.eberswalderturnerschaft.de\/home\/wp-json\/wp\/v2\/posts\/743\/revisions"}],"predecessor-version":[{"id":744,"href":"https:\/\/www.eberswalderturnerschaft.de\/home\/wp-json\/wp\/v2\/posts\/743\/revisions\/744"}],"wp:attachment":[{"href":"https:\/\/www.eberswalderturnerschaft.de\/home\/wp-json\/wp\/v2\/media?parent=743"}],"wp:term":[{"taxonomy":"category","embeddable":true,"href":"https:\/\/www.eberswalderturnerschaft.de\/home\/wp-json\/wp\/v2\/categories?post=743"},{"taxonomy":"post_tag","embeddable":true,"href":"https:\/\/www.eberswalderturnerschaft.de\/home\/wp-json\/wp\/v2\/tags?post=743"}],"curies":[{"name":"wp","href":"https:\/\/api.w.org\/{rel}","templated":true}]}}