{"id":729,"date":"2021-09-27T08:00:58","date_gmt":"2021-09-27T08:00:58","guid":{"rendered":"https:\/\/www.eberswalderturnerschaft.de\/home\/?p=729"},"modified":"2021-10-04T10:03:09","modified_gmt":"2021-10-04T10:03:09","slug":"fuer-nachwuchs-gesorgt","status":"publish","type":"post","link":"https:\/\/www.eberswalderturnerschaft.de\/home\/fuer-nachwuchs-gesorgt\/","title":{"rendered":"F\u00fcr Nachwuchs gesorgt!"},"content":{"rendered":"<p>&nbsp;<\/p>\n<hr \/>\n<p>Auch wenn die Eberswalder Turnerschaft derzeit, bedingt durch die Corona-Pandemie, nicht in ihrem angestammten Domizil im Sportkomplex Westend trainieren kann, wurde in der Sporthalle Schw\u00e4rzesee im Brandenburgischen Viertel ein Sichtungsturnen f\u00fcr den weiblichen Nachwuchs anberaumt. 25 Kinder im Alter zwischen f\u00fcnf und elf Jahren folgten der Einladung. Einige davon standen schon \u00fcber ein Jahr auf der Warteliste. An sechs Stationen ging es darum, Grundvoraussetzungen f\u00fcr die Sportart Ger\u00e4tturnen zu testen: Kraft, Beweglichkeit, Koordination, Mut und Geschicklichkeit. 16 flei\u00dfige Helfer (Trainer\/\u00dcbungsleiter, jugendliche Turnerinnen, Eltern) unterst\u00fctzen das Organisationsteam und sorgten daf\u00fcr, dass die Kinder auch Spa\u00df bei dieser Aktion hatten. Zum Schluss gab es sogar eine Teilnehmerurkunde f\u00fcr alle Akteure.<\/p>\n<p>Nun freuen sich nicht nur die frisch gebackenen Turneleven darauf, dass das gewohnte Training ab dem 25. Oktober 2021 hoffentlich wieder in der Ger\u00e4tturnhalle in Westend stattfinden kann.<\/p>\n<p>&nbsp;<\/p>\n<figure id=\"attachment_731\" aria-describedby=\"caption-attachment-731\" style=\"width: 1526px\" class=\"wp-caption aligncenter\"><a href=\"https:\/\/www.eberswalderturnerschaft.de\/home\/wp-content\/uploads\/2021\/10\/3-Balanceact-auf-dem-Schwebebalken.jpg\"><img loading=\"lazy\" decoding=\"async\" class=\"wp-image-731 size-full\" src=\"https:\/\/www.eberswalderturnerschaft.de\/home\/wp-content\/uploads\/2021\/10\/3-Balanceact-auf-dem-Schwebebalken.jpg\" alt=\"\" width=\"1536\" height=\"2048\" srcset=\"https:\/\/www.eberswalderturnerschaft.de\/home\/wp-content\/uploads\/2021\/10\/3-Balanceact-auf-dem-Schwebebalken.jpg 1536w, https:\/\/www.eberswalderturnerschaft.de\/home\/wp-content\/uploads\/2021\/10\/3-Balanceact-auf-dem-Schwebebalken-600x800.jpg 600w, https:\/\/www.eberswalderturnerschaft.de\/home\/wp-content\/uploads\/2021\/10\/3-Balanceact-auf-dem-Schwebebalken-225x300.jpg 225w, https:\/\/www.eberswalderturnerschaft.de\/home\/wp-content\/uploads\/2021\/10\/3-Balanceact-auf-dem-Schwebebalken-768x1024.jpg 768w, https:\/\/www.eberswalderturnerschaft.de\/home\/wp-content\/uploads\/2021\/10\/3-Balanceact-auf-dem-Schwebebalken-1152x1536.jpg 1152w\" sizes=\"auto, (max-width: 1536px) 100vw, 1536px\" \/><\/a><figcaption id=\"caption-attachment-731\" class=\"wp-caption-text\">Balanceakt auf dem Schwebebalken. Foto: Yvonne Schemel<\/figcaption><\/figure>\n<p>&nbsp;<\/p>\n<figure id=\"attachment_732\" aria-describedby=\"caption-attachment-732\" style=\"width: 1526px\" class=\"wp-caption aligncenter\"><a href=\"https:\/\/www.eberswalderturnerschaft.de\/home\/wp-content\/uploads\/2021\/10\/5-Stuetzkraft-und-Koerperspannung.jpg\"><img loading=\"lazy\" decoding=\"async\" class=\"wp-image-732 size-full\" src=\"https:\/\/www.eberswalderturnerschaft.de\/home\/wp-content\/uploads\/2021\/10\/5-Stuetzkraft-und-Koerperspannung.jpg\" alt=\"\" width=\"1536\" height=\"2048\" srcset=\"https:\/\/www.eberswalderturnerschaft.de\/home\/wp-content\/uploads\/2021\/10\/5-Stuetzkraft-und-Koerperspannung.jpg 1536w, https:\/\/www.eberswalderturnerschaft.de\/home\/wp-content\/uploads\/2021\/10\/5-Stuetzkraft-und-Koerperspannung-600x800.jpg 600w, https:\/\/www.eberswalderturnerschaft.de\/home\/wp-content\/uploads\/2021\/10\/5-Stuetzkraft-und-Koerperspannung-225x300.jpg 225w, https:\/\/www.eberswalderturnerschaft.de\/home\/wp-content\/uploads\/2021\/10\/5-Stuetzkraft-und-Koerperspannung-768x1024.jpg 768w, https:\/\/www.eberswalderturnerschaft.de\/home\/wp-content\/uploads\/2021\/10\/5-Stuetzkraft-und-Koerperspannung-1152x1536.jpg 1152w\" sizes=\"auto, (max-width: 1536px) 100vw, 1536px\" \/><\/a><figcaption id=\"caption-attachment-732\" class=\"wp-caption-text\">St\u00fctzkraft und K\u00f6rperspannung. Foto: Yvonne Schemel<\/figcaption><\/figure>\n<hr \/>\n<p>&nbsp;<\/p>\n","protected":false},"excerpt":{"rendered":"<p>&nbsp; Auch wenn die Eberswalder Turnerschaft derzeit, bedingt durch die Corona-Pandemie, nicht in ihrem angestammten Domizil im Sportkomplex Westend trainieren kann, wurde in der Sporthalle Schw\u00e4rzesee im Brandenburgischen Viertel ein Sichtungsturnen f\u00fcr den weiblichen Nachwuchs anberaumt. 25 Kinder im Alter zwischen f\u00fcnf und elf Jahren folgten der Einladung. Einige davon standen schon \u00fcber ein Jahr &#8230; <a title=\"F\u00fcr Nachwuchs gesorgt!\" class=\"read-more\" href=\"https:\/\/www.eberswalderturnerschaft.de\/home\/fuer-nachwuchs-gesorgt\/\" aria-label=\"Mehr bei F\u00fcr Nachwuchs gesorgt!\">Read more<\/a><\/p>\n","protected":false},"author":1,"featured_media":0,"comment_status":"closed","ping_status":"open","sticky":false,"template":"","format":"standard","meta":{"_coblocks_attr":"","_coblocks_dimensions":"","_coblocks_responsive_height":"","_coblocks_accordion_ie_support":"","footnotes":""},"categories":[5],"tags":[],"class_list":["post-729","post","type-post","status-publish","format-standard","hentry","category-beitraege","no-featured-image-padding"],"_links":{"self":[{"href":"https:\/\/www.eberswalderturnerschaft.de\/home\/wp-json\/wp\/v2\/posts\/729","targetHints":{"allow":["GET"]}}],"collection":[{"href":"https:\/\/www.eberswalderturnerschaft.de\/home\/wp-json\/wp\/v2\/posts"}],"about":[{"href":"https:\/\/www.eberswalderturnerschaft.de\/home\/wp-json\/wp\/v2\/types\/post"}],"author":[{"embeddable":true,"href":"https:\/\/www.eberswalderturnerschaft.de\/home\/wp-json\/wp\/v2\/users\/1"}],"replies":[{"embeddable":true,"href":"https:\/\/www.eberswalderturnerschaft.de\/home\/wp-json\/wp\/v2\/comments?post=729"}],"version-history":[{"count":6,"href":"https:\/\/www.eberswalderturnerschaft.de\/home\/wp-json\/wp\/v2\/posts\/729\/revisions"}],"predecessor-version":[{"id":738,"href":"https:\/\/www.eberswalderturnerschaft.de\/home\/wp-json\/wp\/v2\/posts\/729\/revisions\/738"}],"wp:attachment":[{"href":"https:\/\/www.eberswalderturnerschaft.de\/home\/wp-json\/wp\/v2\/media?parent=729"}],"wp:term":[{"taxonomy":"category","embeddable":true,"href":"https:\/\/www.eberswalderturnerschaft.de\/home\/wp-json\/wp\/v2\/categories?post=729"},{"taxonomy":"post_tag","embeddable":true,"href":"https:\/\/www.eberswalderturnerschaft.de\/home\/wp-json\/wp\/v2\/tags?post=729"}],"curies":[{"name":"wp","href":"https:\/\/api.w.org\/{rel}","templated":true}]}}