{"id":710,"date":"2021-08-23T08:00:51","date_gmt":"2021-08-23T08:00:51","guid":{"rendered":"https:\/\/www.eberswalderturnerschaft.de\/home\/?p=710"},"modified":"2021-08-24T09:41:07","modified_gmt":"2021-08-24T09:41:07","slug":"das-grosse-sommerfest-der-eberswalder-turnerschaft","status":"publish","type":"post","link":"https:\/\/www.eberswalderturnerschaft.de\/home\/das-grosse-sommerfest-der-eberswalder-turnerschaft\/","title":{"rendered":"Das gro\u00dfe Sommerfest der Eberswalder Turnerschaft"},"content":{"rendered":"<hr \/>\n<p><img loading=\"lazy\" decoding=\"async\" class=\"size-full wp-image-711 aligncenter\" src=\"https:\/\/www.eberswalderturnerschaft.de\/home\/wp-content\/uploads\/2021\/08\/2-Nicole-Reh-Gruppenfoto-2-vom-Sommerfest-2021-der-Eberswalder-Turnerschaft.jpg\" alt=\"\" width=\"1280\" height=\"960\" srcset=\"https:\/\/www.eberswalderturnerschaft.de\/home\/wp-content\/uploads\/2021\/08\/2-Nicole-Reh-Gruppenfoto-2-vom-Sommerfest-2021-der-Eberswalder-Turnerschaft.jpg 1280w, https:\/\/www.eberswalderturnerschaft.de\/home\/wp-content\/uploads\/2021\/08\/2-Nicole-Reh-Gruppenfoto-2-vom-Sommerfest-2021-der-Eberswalder-Turnerschaft-600x450.jpg 600w, https:\/\/www.eberswalderturnerschaft.de\/home\/wp-content\/uploads\/2021\/08\/2-Nicole-Reh-Gruppenfoto-2-vom-Sommerfest-2021-der-Eberswalder-Turnerschaft-300x225.jpg 300w, https:\/\/www.eberswalderturnerschaft.de\/home\/wp-content\/uploads\/2021\/08\/2-Nicole-Reh-Gruppenfoto-2-vom-Sommerfest-2021-der-Eberswalder-Turnerschaft-1024x768.jpg 1024w, https:\/\/www.eberswalderturnerschaft.de\/home\/wp-content\/uploads\/2021\/08\/2-Nicole-Reh-Gruppenfoto-2-vom-Sommerfest-2021-der-Eberswalder-Turnerschaft-768x576.jpg 768w\" sizes=\"auto, (max-width: 1280px) 100vw, 1280px\" \/><\/p>\n<p>&nbsp;<\/p>\n<p>Nach der langen, durch \u00a0die Corona \u2013 Pandemie verursachte Durststrecke, die ein Turnhallentraining unm\u00f6glich machte, hatte der Vorstand der Abteilung Turnen des SV Motor Eberswalde e.V. das gro\u00dfe Bed\u00fcrfnis, sich bei allen Mitgliedern zu bedanken, die dem Verein in diesen schwierigen Zeiten die Treue gehalten haben. Nach den Online-Fitnessangeboten, dem Freilufttraining im Fritz-Lesch-Stadion sowie privaten Initiativen f\u00fcr Bewegungsschulung turnerischer Art mit eingegrenzten pers\u00f6nlichen Kontakten, war es endlich wieder m\u00f6glich, sich zu treffen. Und so wurde die Idee geboren, ein gro\u00dfes Sommerfest im Eberswalder Familiengarten zu organisieren. Besonders den Kindern sollte so die M\u00f6glichkeit geboten werden, unbeschwert miteinander zu spielen und sich zu bewegen. Die Eltern und alle \u00fcbrigen Mitglieder sollten Gelegenheit zum Gedankenaustausch bekommen und alle gemeinsam das liebevoll vorbereitete Grillbuffet genie\u00dfen. Der als Gast anwesende Vorsitzende des SV Motor Eberswalde e.V., Martin Hoeck, f\u00fchlte sich inmitten dieser bunten Kulisse sichtlich wohl.<\/p>\n<p>So gab es auch eine Tombola, wo Preise wie Turnutensilien mit Vereinslogo, Jahreskarten f\u00fcr Zoo und Familiengarten sowie ein halbes Jahr Beitragsfreiheit f\u00fcr den Turnverein gewonnen werden konnten. Jugendwartin Yvonne Schemel, die sich durch ihren unglaublich hohen Einsatz beim Sommertrainingslager der M\u00e4dchen in Berlin verdient gemacht hatte, erhielt eine Auszeichnung. Abteilungsleiterin Andrea Schellenberger, welche den 51 Kindern und 65 Erwachsenen u.a. auch einen guten Start f\u00fcr das kommende Trainingsjahr w\u00fcnschte und sich bei allen flei\u00dfigen Helfern, die zum Gelingen dieses Events beitrugen, herzlich bedankte, res\u00fcmierte: \u201eEs hat sich richtig gut angef\u00fchlt, euch alle zu sehen, mit euch zu plauschen und den Tag zu genie\u00dfen.\u201c<\/p>\n<p>&nbsp;<\/p>\n<p><img loading=\"lazy\" decoding=\"async\" class=\"size-full wp-image-714 aligncenter\" src=\"https:\/\/www.eberswalderturnerschaft.de\/home\/wp-content\/uploads\/2021\/08\/4-Tini-Trautmann-Rudi-Radecke-mit-88-aeltester-Turner-fungiert-als-Gluecksengel-bei-der-Tombola.jpg\" alt=\"\" width=\"1280\" height=\"960\" srcset=\"https:\/\/www.eberswalderturnerschaft.de\/home\/wp-content\/uploads\/2021\/08\/4-Tini-Trautmann-Rudi-Radecke-mit-88-aeltester-Turner-fungiert-als-Gluecksengel-bei-der-Tombola.jpg 1280w, https:\/\/www.eberswalderturnerschaft.de\/home\/wp-content\/uploads\/2021\/08\/4-Tini-Trautmann-Rudi-Radecke-mit-88-aeltester-Turner-fungiert-als-Gluecksengel-bei-der-Tombola-600x450.jpg 600w, https:\/\/www.eberswalderturnerschaft.de\/home\/wp-content\/uploads\/2021\/08\/4-Tini-Trautmann-Rudi-Radecke-mit-88-aeltester-Turner-fungiert-als-Gluecksengel-bei-der-Tombola-300x225.jpg 300w, https:\/\/www.eberswalderturnerschaft.de\/home\/wp-content\/uploads\/2021\/08\/4-Tini-Trautmann-Rudi-Radecke-mit-88-aeltester-Turner-fungiert-als-Gluecksengel-bei-der-Tombola-1024x768.jpg 1024w, https:\/\/www.eberswalderturnerschaft.de\/home\/wp-content\/uploads\/2021\/08\/4-Tini-Trautmann-Rudi-Radecke-mit-88-aeltester-Turner-fungiert-als-Gluecksengel-bei-der-Tombola-768x576.jpg 768w\" sizes=\"auto, (max-width: 1280px) 100vw, 1280px\" \/><\/p>\n<p>&nbsp;<\/p>\n<p>Noch immer k\u00f6nnen die Eberswalder \u00a0Turnerinnen und Turner nicht in ihrer Ger\u00e4tturnhalle im Sportkomplex Westend trainieren und m\u00fcssen mit eingeschr\u00e4nkten M\u00f6glichkeiten in verschiedenen Turnhallen zurechtkommen, in der Hoffnung, dass die Verantwortlichen auf Landkreisebene doch endlich gr\u00fcnes Licht f\u00fcr den Wiedereinzug in das angestammte Domizil\u00a0\u00a0 geben.<\/p>\n<p>&nbsp;<\/p>\n<p><img loading=\"lazy\" decoding=\"async\" class=\"size-full wp-image-712 aligncenter\" src=\"https:\/\/www.eberswalderturnerschaft.de\/home\/wp-content\/uploads\/2021\/08\/8-Tini-Trautmann-Buntes-Treiben-.jpg\" alt=\"\" width=\"1280\" height=\"720\" srcset=\"https:\/\/www.eberswalderturnerschaft.de\/home\/wp-content\/uploads\/2021\/08\/8-Tini-Trautmann-Buntes-Treiben-.jpg 1280w, https:\/\/www.eberswalderturnerschaft.de\/home\/wp-content\/uploads\/2021\/08\/8-Tini-Trautmann-Buntes-Treiben--600x338.jpg 600w, https:\/\/www.eberswalderturnerschaft.de\/home\/wp-content\/uploads\/2021\/08\/8-Tini-Trautmann-Buntes-Treiben--300x169.jpg 300w, https:\/\/www.eberswalderturnerschaft.de\/home\/wp-content\/uploads\/2021\/08\/8-Tini-Trautmann-Buntes-Treiben--1024x576.jpg 1024w, https:\/\/www.eberswalderturnerschaft.de\/home\/wp-content\/uploads\/2021\/08\/8-Tini-Trautmann-Buntes-Treiben--768x432.jpg 768w\" sizes=\"auto, (max-width: 1280px) 100vw, 1280px\" \/><\/p>\n<hr \/>\n<p>&nbsp;<\/p>\n","protected":false},"excerpt":{"rendered":"<p>&nbsp; Nach der langen, durch \u00a0die Corona \u2013 Pandemie verursachte Durststrecke, die ein Turnhallentraining unm\u00f6glich machte, hatte der Vorstand der Abteilung Turnen des SV Motor Eberswalde e.V. das gro\u00dfe Bed\u00fcrfnis, sich bei allen Mitgliedern zu bedanken, die dem Verein in diesen schwierigen Zeiten die Treue gehalten haben. Nach den Online-Fitnessangeboten, dem Freilufttraining im Fritz-Lesch-Stadion sowie &#8230; <a title=\"Das gro\u00dfe Sommerfest der Eberswalder Turnerschaft\" class=\"read-more\" href=\"https:\/\/www.eberswalderturnerschaft.de\/home\/das-grosse-sommerfest-der-eberswalder-turnerschaft\/\" aria-label=\"Mehr bei Das gro\u00dfe Sommerfest der Eberswalder Turnerschaft\">Read more<\/a><\/p>\n","protected":false},"author":1,"featured_media":0,"comment_status":"closed","ping_status":"open","sticky":false,"template":"","format":"standard","meta":{"_coblocks_attr":"","_coblocks_dimensions":"","_coblocks_responsive_height":"","_coblocks_accordion_ie_support":"","footnotes":""},"categories":[5],"tags":[],"class_list":["post-710","post","type-post","status-publish","format-standard","hentry","category-beitraege","no-featured-image-padding"],"_links":{"self":[{"href":"https:\/\/www.eberswalderturnerschaft.de\/home\/wp-json\/wp\/v2\/posts\/710","targetHints":{"allow":["GET"]}}],"collection":[{"href":"https:\/\/www.eberswalderturnerschaft.de\/home\/wp-json\/wp\/v2\/posts"}],"about":[{"href":"https:\/\/www.eberswalderturnerschaft.de\/home\/wp-json\/wp\/v2\/types\/post"}],"author":[{"embeddable":true,"href":"https:\/\/www.eberswalderturnerschaft.de\/home\/wp-json\/wp\/v2\/users\/1"}],"replies":[{"embeddable":true,"href":"https:\/\/www.eberswalderturnerschaft.de\/home\/wp-json\/wp\/v2\/comments?post=710"}],"version-history":[{"count":3,"href":"https:\/\/www.eberswalderturnerschaft.de\/home\/wp-json\/wp\/v2\/posts\/710\/revisions"}],"predecessor-version":[{"id":717,"href":"https:\/\/www.eberswalderturnerschaft.de\/home\/wp-json\/wp\/v2\/posts\/710\/revisions\/717"}],"wp:attachment":[{"href":"https:\/\/www.eberswalderturnerschaft.de\/home\/wp-json\/wp\/v2\/media?parent=710"}],"wp:term":[{"taxonomy":"category","embeddable":true,"href":"https:\/\/www.eberswalderturnerschaft.de\/home\/wp-json\/wp\/v2\/categories?post=710"},{"taxonomy":"post_tag","embeddable":true,"href":"https:\/\/www.eberswalderturnerschaft.de\/home\/wp-json\/wp\/v2\/tags?post=710"}],"curies":[{"name":"wp","href":"https:\/\/api.w.org\/{rel}","templated":true}]}}