{"id":698,"date":"2021-04-07T08:00:30","date_gmt":"2021-04-07T08:00:30","guid":{"rendered":"https:\/\/www.eberswalderturnerschaft.de\/home\/?p=698"},"modified":"2021-04-07T16:09:28","modified_gmt":"2021-04-07T16:09:28","slug":"45-ett-neues-outfit-fuer-den-turnertreff","status":"publish","type":"post","link":"https:\/\/www.eberswalderturnerschaft.de\/home\/45-ett-neues-outfit-fuer-den-turnertreff\/","title":{"rendered":"45. ETT  &#8211; Neues Outfit f\u00fcr den Turnertreff"},"content":{"rendered":"<hr \/>\n<p><img loading=\"lazy\" decoding=\"async\" class=\"wp-image-704 aligncenter\" src=\"https:\/\/www.eberswalderturnerschaft.de\/home\/wp-content\/uploads\/2021\/04\/9-Kontakt-mit-Heidelberg-scaled.jpg\" alt=\"\" width=\"1351\" height=\"760\" srcset=\"https:\/\/www.eberswalderturnerschaft.de\/home\/wp-content\/uploads\/2021\/04\/9-Kontakt-mit-Heidelberg-scaled.jpg 2560w, https:\/\/www.eberswalderturnerschaft.de\/home\/wp-content\/uploads\/2021\/04\/9-Kontakt-mit-Heidelberg-scaled-600x338.jpg 600w, https:\/\/www.eberswalderturnerschaft.de\/home\/wp-content\/uploads\/2021\/04\/9-Kontakt-mit-Heidelberg-300x169.jpg 300w, https:\/\/www.eberswalderturnerschaft.de\/home\/wp-content\/uploads\/2021\/04\/9-Kontakt-mit-Heidelberg-1024x576.jpg 1024w, https:\/\/www.eberswalderturnerschaft.de\/home\/wp-content\/uploads\/2021\/04\/9-Kontakt-mit-Heidelberg-768x432.jpg 768w, https:\/\/www.eberswalderturnerschaft.de\/home\/wp-content\/uploads\/2021\/04\/9-Kontakt-mit-Heidelberg-1536x864.jpg 1536w, https:\/\/www.eberswalderturnerschaft.de\/home\/wp-content\/uploads\/2021\/04\/9-Kontakt-mit-Heidelberg-2048x1152.jpg 2048w\" sizes=\"auto, (max-width: 1351px) 100vw, 1351px\" \/><\/p>\n<p>&nbsp;<\/p>\n<p>Bereits 2020 fiel der Eberswalder Turnertreff Nummer 44 der Covid19 \u2013 Pandemie zum Opfer. Damals Schockstarre bei den Ausrichtern und Teilnehmer*innen. Ein Jahr sp\u00e4ter stand die Eberswalder Turnerschaft wieder vor dem gleichen Problem. Doch diesmal war sie nicht unvorbereitet. Die z\u00fcndende Idee von Kassenwartin Nadine Schwarz, den 45. ETT mit modifizierten Wettkampfbestimmungen virtuell durchzuf\u00fchren, fand einhellige Zustimmung der Abteilungsleitung und sofort ging es an die kreative Umsetzung durch das Team.<\/p>\n<p>Die entsprechende Ausschreibung ging deutschlandweit an die Turnvereine und wurde auch auf der Homepage ver\u00f6ffentlicht. Die Anmeldedaten f\u00fcr das Zoom-Meeting erfolgten per Meldebest\u00e4tigung. Bis zum Start am Samstag, dem 27. M\u00e4rz 2021, hatten sich um die 80 Turnverr\u00fcckte aus 15 Vereinen der Bundesrepublik in der Schaltzentrale bei Nadine Schwarz angemeldet. Schon eine Stunde vor Beginn konnte man die vielen Online-Turner*innen auf dem Bildschirm sehen und Sprachkontakt aufnehmen. Um 11:00 Uhr ert\u00f6nte im Wohnzimmer der Familie Trautmann die Er\u00f6ffnungsfanfare. Nach dem Vortrag des Spruchs zum 45. ETT durch Tini Trautmann hielt Abteilungsleiterin Andrea Schellenberger die Er\u00f6ffnungsrede: \u201eMit diesem Format des ETT wollen wir signalisieren, dass es uns noch gibt und dass wir an euch denken. Wir wollen euch Hoffnung machen auf einen 46. Turnertreff im n\u00e4chsten Jahr. Vielen Dank an euch alle, dass ihr mit uns diesen wichtigen Wettkampf leben lasst! Wir haben uns \u00fcber die gro\u00dfe Resonanz eurerseits riesig gefreut und \u00fcber Feedbacks wie: \u2018Tolle Idee, endlich mal wiedersehen, die Gemeinschaft geht nicht unter, wir halten durch\u2026\u2018.\u201c Andrea Schellenberger \u00e4u\u00dferte die feste \u00dcberzeugung, dass der Termin f\u00fcr das <strong>46. Waldstadtevent<\/strong> nicht in den Sternen steht, sondern wieder in der heimischen Turnhalle und an richtigen Ger\u00e4ten<strong> am 9.\/10. April 2022 stattfinden<\/strong> kann.<\/p>\n<p>&nbsp;<\/p>\n<p><img loading=\"lazy\" decoding=\"async\" class=\"wp-image-703 aligncenter\" src=\"https:\/\/www.eberswalderturnerschaft.de\/home\/wp-content\/uploads\/2021\/04\/10-Virtuelle-Impressionen.png\" alt=\"\" width=\"1255\" height=\"784\" srcset=\"https:\/\/www.eberswalderturnerschaft.de\/home\/wp-content\/uploads\/2021\/04\/10-Virtuelle-Impressionen.png 2880w, https:\/\/www.eberswalderturnerschaft.de\/home\/wp-content\/uploads\/2021\/04\/10-Virtuelle-Impressionen-600x375.png 600w, https:\/\/www.eberswalderturnerschaft.de\/home\/wp-content\/uploads\/2021\/04\/10-Virtuelle-Impressionen-300x188.png 300w, https:\/\/www.eberswalderturnerschaft.de\/home\/wp-content\/uploads\/2021\/04\/10-Virtuelle-Impressionen-1024x640.png 1024w, https:\/\/www.eberswalderturnerschaft.de\/home\/wp-content\/uploads\/2021\/04\/10-Virtuelle-Impressionen-768x480.png 768w, https:\/\/www.eberswalderturnerschaft.de\/home\/wp-content\/uploads\/2021\/04\/10-Virtuelle-Impressionen-1536x960.png 1536w, https:\/\/www.eberswalderturnerschaft.de\/home\/wp-content\/uploads\/2021\/04\/10-Virtuelle-Impressionen-2048x1280.png 2048w\" sizes=\"auto, (max-width: 1255px) 100vw, 1255px\" \/><\/p>\n<p>&nbsp;<\/p>\n<p>Rudolf Trautmann, Mitbegr\u00fcnder dieses gro\u00dfartigen Wettkampfes, ehrte im Anschluss die \u00e4ltesten und j\u00fcngsten Teilnehmer*innen. Die Urkunden daf\u00fcr gehen laut Meldeschluss an Eva Maria Kinski vom Turnverein Nordost Berlin e.V. mit 70 und mit 79 Jahren an Reinhard Reetz von der SG Kirchheim &#8211; Heidelberg sowie an Frances Kral (14) und Jonathan Herz (17), beide vom TGV Lauchhammer 92 e.V.. Erw\u00e4hnenswert ist in diesem Zusammenhang auch die Teilnahme unseres 88-j\u00e4hrigen Lokalmatadors, Dr. Rudolf Radecke, an diesem digitalen Meeting und des Geburtstags\u201cKindes\u201c Henry Wittkopf (51) vom USV Potsdam\/BSRK Brandenburg.<\/p>\n<p>Nach diesem Er\u00f6ffnungszeremoniell ging es an das erste Ger\u00e4t \u2013 das gemeinsame Singen der Traditionshymne \u201eTurner auf zum Streite!\u201c, nat\u00fcrlich unter Beachtung der Corona \u2013Bestimmungen. Das zweite Wettkampfger\u00e4t bestand im Leeren eines Glases, gef\u00fcllt mit dem Lieblingsgetr\u00e4nk der Turnerschaft, Sekt der Marke Rotk\u00e4ppchen aus der Jahnstadt Freyburg an der Unstrut. Im Anschluss gab es noch einen regen virtuellen Gedankenaustausch mit allen und das gestrenge Kampfgericht zog sich dann zur Bewertung der kreativsten Teilnehmer*innen zur\u00fcck. Man musste nicht lange \u00fcberlegen und k\u00fcrte zwei Siegerteams. Einmal die Vertreter von Nordost Berlin um Detlef Neitzel sowie das Team von SV Gr\u00fcn-Wei\u00df Niederwiesa (Sachsen) mit Dr. Andreas Liebscher und J\u00f6rg Sommerschuh , die sich wahrlich viel M\u00fche mit ihrer Wettkampfpr\u00e4sentation gegeben hatten. Ihnen werden die traditionellen Eberswalder Wurstk\u00f6rbe als Preis zugesendet. Mit dem Hinweis auf eine spannende Abendveranstaltung in den eigenen vier W\u00e4nden endete der 45. Eberswalder Turnertreff.<\/p>\n<hr \/>\n<p><a href=\"https:\/\/www.eberswalderturnerschaft.de\/home\/wp-content\/uploads\/2021\/04\/11-Urkunde-mit-Spruch-2021.pdf\"><img loading=\"lazy\" decoding=\"async\" class=\" wp-image-700 aligncenter\" src=\"https:\/\/www.eberswalderturnerschaft.de\/home\/wp-content\/uploads\/2021\/04\/Urkunde-45-ETT.png\" alt=\"\" width=\"895\" height=\"1266\" srcset=\"https:\/\/www.eberswalderturnerschaft.de\/home\/wp-content\/uploads\/2021\/04\/Urkunde-45-ETT.png 1190w, https:\/\/www.eberswalderturnerschaft.de\/home\/wp-content\/uploads\/2021\/04\/Urkunde-45-ETT-600x849.png 600w, https:\/\/www.eberswalderturnerschaft.de\/home\/wp-content\/uploads\/2021\/04\/Urkunde-45-ETT-212x300.png 212w, https:\/\/www.eberswalderturnerschaft.de\/home\/wp-content\/uploads\/2021\/04\/Urkunde-45-ETT-724x1024.png 724w, https:\/\/www.eberswalderturnerschaft.de\/home\/wp-content\/uploads\/2021\/04\/Urkunde-45-ETT-768x1086.png 768w, https:\/\/www.eberswalderturnerschaft.de\/home\/wp-content\/uploads\/2021\/04\/Urkunde-45-ETT-1086x1536.png 1086w\" sizes=\"auto, (max-width: 895px) 100vw, 895px\" \/><\/a><\/p>\n","protected":false},"excerpt":{"rendered":"<p>&nbsp; Bereits 2020 fiel der Eberswalder Turnertreff Nummer 44 der Covid19 \u2013 Pandemie zum Opfer. Damals Schockstarre bei den Ausrichtern und Teilnehmer*innen. Ein Jahr sp\u00e4ter stand die Eberswalder Turnerschaft wieder vor dem gleichen Problem. Doch diesmal war sie nicht unvorbereitet. Die z\u00fcndende Idee von Kassenwartin Nadine Schwarz, den 45. ETT mit modifizierten Wettkampfbestimmungen virtuell durchzuf\u00fchren, &#8230; <a title=\"45. ETT  &#8211; Neues Outfit f\u00fcr den Turnertreff\" class=\"read-more\" href=\"https:\/\/www.eberswalderturnerschaft.de\/home\/45-ett-neues-outfit-fuer-den-turnertreff\/\" aria-label=\"Mehr bei 45. ETT  &#8211; Neues Outfit f\u00fcr den Turnertreff\">Read more<\/a><\/p>\n","protected":false},"author":4,"featured_media":0,"comment_status":"closed","ping_status":"open","sticky":false,"template":"","format":"standard","meta":{"_coblocks_attr":"","_coblocks_dimensions":"","_coblocks_responsive_height":"","_coblocks_accordion_ie_support":"","footnotes":""},"categories":[5],"tags":[],"class_list":["post-698","post","type-post","status-publish","format-standard","hentry","category-beitraege","no-featured-image-padding"],"_links":{"self":[{"href":"https:\/\/www.eberswalderturnerschaft.de\/home\/wp-json\/wp\/v2\/posts\/698","targetHints":{"allow":["GET"]}}],"collection":[{"href":"https:\/\/www.eberswalderturnerschaft.de\/home\/wp-json\/wp\/v2\/posts"}],"about":[{"href":"https:\/\/www.eberswalderturnerschaft.de\/home\/wp-json\/wp\/v2\/types\/post"}],"author":[{"embeddable":true,"href":"https:\/\/www.eberswalderturnerschaft.de\/home\/wp-json\/wp\/v2\/users\/4"}],"replies":[{"embeddable":true,"href":"https:\/\/www.eberswalderturnerschaft.de\/home\/wp-json\/wp\/v2\/comments?post=698"}],"version-history":[{"count":3,"href":"https:\/\/www.eberswalderturnerschaft.de\/home\/wp-json\/wp\/v2\/posts\/698\/revisions"}],"predecessor-version":[{"id":706,"href":"https:\/\/www.eberswalderturnerschaft.de\/home\/wp-json\/wp\/v2\/posts\/698\/revisions\/706"}],"wp:attachment":[{"href":"https:\/\/www.eberswalderturnerschaft.de\/home\/wp-json\/wp\/v2\/media?parent=698"}],"wp:term":[{"taxonomy":"category","embeddable":true,"href":"https:\/\/www.eberswalderturnerschaft.de\/home\/wp-json\/wp\/v2\/categories?post=698"},{"taxonomy":"post_tag","embeddable":true,"href":"https:\/\/www.eberswalderturnerschaft.de\/home\/wp-json\/wp\/v2\/tags?post=698"}],"curies":[{"name":"wp","href":"https:\/\/api.w.org\/{rel}","templated":true}]}}