{"id":689,"date":"2021-03-09T08:00:37","date_gmt":"2021-03-09T08:00:37","guid":{"rendered":"https:\/\/www.eberswalderturnerschaft.de\/home\/?p=689"},"modified":"2021-03-12T07:56:48","modified_gmt":"2021-03-12T07:56:48","slug":"hilferuf-der-eberswalder-turnerschaft","status":"publish","type":"post","link":"https:\/\/www.eberswalderturnerschaft.de\/home\/hilferuf-der-eberswalder-turnerschaft\/","title":{"rendered":"Hilferuf der Eberswalder Turnerschaft"},"content":{"rendered":"<p><strong>Die Eberswalder Turnerschaft befindet sich derzeit in einer prek\u00e4ren Situation.<\/strong><\/p>\n<p>Durch die Umfunktionierung des Eberswalder Sportkomplexes Westend in ein Impfzentrum ist unsere station\u00e4re <strong>Ger\u00e4tturnhalle f\u00fcr uns \u00fcber einen weiteren langen Zeitraum nicht mehr nutzbar<\/strong>. Dort befinden sich viele Spezialger\u00e4te, die f\u00fcr unsere Sportart notwendig sind. Uns wurden als Alternativen die Nutzung der Heidewaldhalle sowie der Halle des SV Motor Eberswalde e.V. angeboten, aber nur samstags. Eventuell w\u00e4re in der Max-Kienitz-Grundschule in Britz mittwochs ein kleines Zeitfenster offen, ansonsten bliebe auch hier nur der Sonnabend.<\/p>\n<p>&nbsp;<\/p>\n<figure id=\"attachment_694\" aria-describedby=\"caption-attachment-694\" style=\"width: 1014px\" class=\"wp-caption aligncenter\"><a href=\"https:\/\/www.eberswalderturnerschaft.de\/home\/wp-content\/uploads\/2021\/03\/3-Daniel-Woehe-Da-konnten-die-Jungs-sich-noch-freuen.jpg\"><img loading=\"lazy\" decoding=\"async\" class=\"wp-image-694 size-full\" src=\"https:\/\/www.eberswalderturnerschaft.de\/home\/wp-content\/uploads\/2021\/03\/3-Daniel-Woehe-Da-konnten-die-Jungs-sich-noch-freuen.jpg\" alt=\"\" width=\"1024\" height=\"768\" srcset=\"https:\/\/www.eberswalderturnerschaft.de\/home\/wp-content\/uploads\/2021\/03\/3-Daniel-Woehe-Da-konnten-die-Jungs-sich-noch-freuen.jpg 1024w, https:\/\/www.eberswalderturnerschaft.de\/home\/wp-content\/uploads\/2021\/03\/3-Daniel-Woehe-Da-konnten-die-Jungs-sich-noch-freuen-600x450.jpg 600w, https:\/\/www.eberswalderturnerschaft.de\/home\/wp-content\/uploads\/2021\/03\/3-Daniel-Woehe-Da-konnten-die-Jungs-sich-noch-freuen-300x225.jpg 300w, https:\/\/www.eberswalderturnerschaft.de\/home\/wp-content\/uploads\/2021\/03\/3-Daniel-Woehe-Da-konnten-die-Jungs-sich-noch-freuen-768x576.jpg 768w\" sizes=\"auto, (max-width: 1024px) 100vw, 1024px\" \/><\/a><figcaption id=\"caption-attachment-694\" class=\"wp-caption-text\">Foto von: Daniel W\u00f6he<\/figcaption><\/figure>\n<p>&nbsp;<\/p>\n<p><strong>Wir sind mit 148 Mitgliedern die zweitgr\u00f6\u00dfte Abteilung des Muttervereins.<\/strong> Bei uns existieren 11 Trainingsgruppen in verschiedenen Leistungs- und Altersklassen, davon 51 Erwachsene ab 18 Jahre, 14 Jugendliche zwischen 14 \u2013 17 Jahren und 83 Kinder von 4-13 Jahren. Die meisten der 12 Trainer*- und \u00dcbungsleiter*innen sind famili\u00e4r gebunden. Nach einer harten Arbeitswoche unter Corona-Bedingungen hei\u00dft das, auf ein entspanntes Wochenende mit Partner und Kindern zu verzichten und \u00fcber eine lange Zeit immer samstags in der Turnhalle pr\u00e4sent zu sein. Manchen ist es aus beruflichen Gr\u00fcnden auch gar nicht m\u00f6glich.<\/p>\n<p>Dazu kommt, dass die Ger\u00e4tebest\u00fcckung in den zur Verf\u00fcgung gestellten Turnhallen unseren Bed\u00fcrfnissen kaum gen\u00fcgt. Au\u00dferdem ist es kompliziert und zeitaufw\u00e4ndig, mit Kindern ab 4 Jahren die schweren Ger\u00e4te auf- und wieder abzubauen. Momentan behelfen wir uns mit Cyberfitnessangeboten durch unsere Trainer*innen. <strong>Die entstandenen Trainingsr\u00fcckst\u00e4nde sind aber nicht wieder aufzuholen<\/strong> und besonders bei den Kindern f\u00fchrt das zu gravierenden Langzeitdefiziten.<\/p>\n<p><strong>Wer kann uns helfen?<\/strong> Gibt es irgendwo in oder in der N\u00e4he von Eberswalde eine nicht ausgelastete Turnhalle oder einen Festsaal in einer Gemeinde, in dem wir unsere Ger\u00e4te \u00fcber einen l\u00e4ngeren Zeitraum deponieren und einen geregelten Trainingsbetrieb wieder aufnehmen k\u00f6nnten? Welche Sportgruppen anderer Vereine, die mehrmals in der Woche trainieren, w\u00fcrden eine ihrer Trainingszeiten gegen eine Samstagszeit tauschen? Vielleicht hat jemand noch eine ganz andere L\u00f6sungsvariante f\u00fcr unsere Probleme?<\/p>\n<p>&nbsp;<\/p>\n<figure id=\"attachment_693\" aria-describedby=\"caption-attachment-693\" style=\"width: 1270px\" class=\"wp-caption aligncenter\"><a href=\"https:\/\/www.eberswalderturnerschaft.de\/home\/wp-content\/uploads\/2021\/03\/1-Daniel-Woehe-Als-es-noch-Wettkaempfe-gab-Die-Teilnehmer-am-Ranglistenturnen.jpg\"><img loading=\"lazy\" decoding=\"async\" class=\"wp-image-693 size-full\" src=\"https:\/\/www.eberswalderturnerschaft.de\/home\/wp-content\/uploads\/2021\/03\/1-Daniel-Woehe-Als-es-noch-Wettkaempfe-gab-Die-Teilnehmer-am-Ranglistenturnen.jpg\" alt=\"\" width=\"1280\" height=\"727\" srcset=\"https:\/\/www.eberswalderturnerschaft.de\/home\/wp-content\/uploads\/2021\/03\/1-Daniel-Woehe-Als-es-noch-Wettkaempfe-gab-Die-Teilnehmer-am-Ranglistenturnen.jpg 1280w, https:\/\/www.eberswalderturnerschaft.de\/home\/wp-content\/uploads\/2021\/03\/1-Daniel-Woehe-Als-es-noch-Wettkaempfe-gab-Die-Teilnehmer-am-Ranglistenturnen-600x341.jpg 600w, https:\/\/www.eberswalderturnerschaft.de\/home\/wp-content\/uploads\/2021\/03\/1-Daniel-Woehe-Als-es-noch-Wettkaempfe-gab-Die-Teilnehmer-am-Ranglistenturnen-300x170.jpg 300w, https:\/\/www.eberswalderturnerschaft.de\/home\/wp-content\/uploads\/2021\/03\/1-Daniel-Woehe-Als-es-noch-Wettkaempfe-gab-Die-Teilnehmer-am-Ranglistenturnen-1024x582.jpg 1024w, https:\/\/www.eberswalderturnerschaft.de\/home\/wp-content\/uploads\/2021\/03\/1-Daniel-Woehe-Als-es-noch-Wettkaempfe-gab-Die-Teilnehmer-am-Ranglistenturnen-768x436.jpg 768w\" sizes=\"auto, (max-width: 1280px) 100vw, 1280px\" \/><\/a><figcaption id=\"caption-attachment-693\" class=\"wp-caption-text\">Foto von: Daniel W\u00f6he<\/figcaption><\/figure>\n","protected":false},"excerpt":{"rendered":"<p>Die Eberswalder Turnerschaft befindet sich derzeit in einer prek\u00e4ren Situation. Durch die Umfunktionierung des Eberswalder Sportkomplexes Westend in ein Impfzentrum ist unsere station\u00e4re Ger\u00e4tturnhalle f\u00fcr uns \u00fcber einen weiteren langen Zeitraum nicht mehr nutzbar. Dort befinden sich viele Spezialger\u00e4te, die f\u00fcr unsere Sportart notwendig sind. Uns wurden als Alternativen die Nutzung der Heidewaldhalle sowie der &#8230; <a title=\"Hilferuf der Eberswalder Turnerschaft\" class=\"read-more\" href=\"https:\/\/www.eberswalderturnerschaft.de\/home\/hilferuf-der-eberswalder-turnerschaft\/\" aria-label=\"Mehr bei Hilferuf der Eberswalder Turnerschaft\">Read more<\/a><\/p>\n","protected":false},"author":1,"featured_media":0,"comment_status":"closed","ping_status":"open","sticky":false,"template":"","format":"standard","meta":{"_coblocks_attr":"","_coblocks_dimensions":"","_coblocks_responsive_height":"","_coblocks_accordion_ie_support":"","footnotes":""},"categories":[5],"tags":[],"class_list":["post-689","post","type-post","status-publish","format-standard","hentry","category-beitraege","no-featured-image-padding"],"_links":{"self":[{"href":"https:\/\/www.eberswalderturnerschaft.de\/home\/wp-json\/wp\/v2\/posts\/689","targetHints":{"allow":["GET"]}}],"collection":[{"href":"https:\/\/www.eberswalderturnerschaft.de\/home\/wp-json\/wp\/v2\/posts"}],"about":[{"href":"https:\/\/www.eberswalderturnerschaft.de\/home\/wp-json\/wp\/v2\/types\/post"}],"author":[{"embeddable":true,"href":"https:\/\/www.eberswalderturnerschaft.de\/home\/wp-json\/wp\/v2\/users\/1"}],"replies":[{"embeddable":true,"href":"https:\/\/www.eberswalderturnerschaft.de\/home\/wp-json\/wp\/v2\/comments?post=689"}],"version-history":[{"count":4,"href":"https:\/\/www.eberswalderturnerschaft.de\/home\/wp-json\/wp\/v2\/posts\/689\/revisions"}],"predecessor-version":[{"id":695,"href":"https:\/\/www.eberswalderturnerschaft.de\/home\/wp-json\/wp\/v2\/posts\/689\/revisions\/695"}],"wp:attachment":[{"href":"https:\/\/www.eberswalderturnerschaft.de\/home\/wp-json\/wp\/v2\/media?parent=689"}],"wp:term":[{"taxonomy":"category","embeddable":true,"href":"https:\/\/www.eberswalderturnerschaft.de\/home\/wp-json\/wp\/v2\/categories?post=689"},{"taxonomy":"post_tag","embeddable":true,"href":"https:\/\/www.eberswalderturnerschaft.de\/home\/wp-json\/wp\/v2\/tags?post=689"}],"curies":[{"name":"wp","href":"https:\/\/api.w.org\/{rel}","templated":true}]}}