{"id":684,"date":"2021-01-13T08:00:25","date_gmt":"2021-01-13T08:00:25","guid":{"rendered":"https:\/\/www.eberswalderturnerschaft.de\/home\/?p=684"},"modified":"2021-02-16T06:28:32","modified_gmt":"2021-02-16T06:28:32","slug":"not-macht-erfinderisch-das-onlinetrainingsangebot-der-eberswalder-turnerschaft","status":"publish","type":"post","link":"https:\/\/www.eberswalderturnerschaft.de\/home\/not-macht-erfinderisch-das-onlinetrainingsangebot-der-eberswalder-turnerschaft\/","title":{"rendered":"Not macht erfinderisch: Das Onlinetrainingsangebot der Eberswalder Turnerschaft"},"content":{"rendered":"<hr \/>\n<p>Gerade hatte man sich damit arrangiert, dass das Turntraining wegen der Corona-Auflagen in der Ger\u00e4tturnhalle des Sportkomplexes Westend nur ein- statt zweimal w\u00f6chentlich in festgelegten \u00dcbungsgruppen unter eingeschr\u00e4nkten Trainingsbedingungen stattfinden darf, schon gab es den n\u00e4chsten Lockdown, der die Vollschlie\u00dfung der Sportst\u00e4tte mit sich brachte. Was tun? Um nicht v\u00f6llig einzurosten, Bewegungsanreize zu schaffen sowie das Gemeinschaftsgef\u00fchl zu f\u00f6rdern,<span class=\"Apple-converted-space\">\u00a0 <\/span>sich austauschen zu k\u00f6nnen und sich nicht aus den Augen zu verlieren, wurde die Idee geboren, ein Onlinetraining auf den Weg zu bringen.<span class=\"Apple-converted-space\">\u00a0<\/span><\/p>\n<p>Seit dem 10. November gibt es diese M\u00f6glichkeit nun f\u00fcr alle Mitglieder unter dem Namen: <strong>Gym@Home<\/strong>. Zun\u00e4chst wurde die kostenlose Probeversion getestet, um zu sehen, wie viele Interessenten das Angebot nutzen wollen. Nachdem eine regelm\u00e4\u00dfige Teilnehmerzahl zwischen 20 und 30 Personen festzustellen war, wurde von der Abteilungsleitung entschieden, die App kostenpflichtig zu abonnieren.<\/p>\n<p>So tummeln sich derzeit dienstags und donnerstags jeweils von 18:00 \u2013 18:30 Uhr die bewegungshungrigen Turner*innen im Alter von 6 Jahren bis \u00fcber 70 vor ihren Laptops im heimischen Wohnzimmer und erwarten voller Spannung, welches \u00dcbungsprogramm sich die Akteure der Abteilung Ger\u00e4tturnen ausgedacht haben. Sogar Mitglieder aus dem fernen Heidelberg sind mit von der Partie, wenn das Programm entweder von Nadine Schwarz, Annekatrin Petzold, Robin Becker, Regina Fischer, Lydia Graupe, Andrea Schellenberger und Sylvia Ehlers einzeln oder im Team geleitet wird. Letztere bietet mittwochs auch f\u00fcr die j\u00fcngsten Turnkinder eine \u201ePurzelgymnastik\u201c an. Im Anschluss gibt es immer noch einen Austausch per Chat mit dem jeweiligen Host, so dass auch die Kommunikation miteinander nicht zu kurz kommt.<\/p>\n<p>Ebenso nutzt die Turnerschaft eine weitere App, namens Teamfit,<span class=\"Apple-converted-space\">\u00a0 <\/span>die verschiedene Bewegungsmodule wie Bodyweight Training, Laufen, Inline-Skaten, Wandern und Radfahren beinhaltet, um Trainingsanreize zu erhalten und gemeinsam fit zu bleiben.<span class=\"Apple-converted-space\">\u00a0<\/span><\/p>\n<p>Auf diese Weise hoffen wir, gesund durch die schwere Zeit zu kommen und 2021 endlich wieder unter normalen Bedingungen Sport treiben, Wettk\u00e4mpfe durchf\u00fchren, aber auch das gesellige Miteinander genie\u00dfen zu k\u00f6nnen.<\/p>\n<p>&nbsp;<\/p>\n<table style=\"width: 100%;\">\n<tbody>\n<tr>\n<td><a href=\"https:\/\/www.eberswalderturnerschaft.de\/home\/wp-content\/uploads\/2021\/02\/3-Nadine-Schwarz-Gym@home-live.jpg\"><img loading=\"lazy\" decoding=\"async\" class=\"wp-image-682 aligncenter\" src=\"https:\/\/www.eberswalderturnerschaft.de\/home\/wp-content\/uploads\/2021\/02\/3-Nadine-Schwarz-Gym@home-live.jpg\" alt=\"\" width=\"253\" height=\"501\" srcset=\"https:\/\/www.eberswalderturnerschaft.de\/home\/wp-content\/uploads\/2021\/02\/3-Nadine-Schwarz-Gym@home-live.jpg 517w, https:\/\/www.eberswalderturnerschaft.de\/home\/wp-content\/uploads\/2021\/02\/3-Nadine-Schwarz-Gym@home-live-151x300.jpg 151w\" sizes=\"auto, (max-width: 253px) 100vw, 253px\" \/><\/a><\/td>\n<td><a href=\"https:\/\/www.eberswalderturnerschaft.de\/home\/wp-content\/uploads\/2021\/02\/2-Nadine-Schwarz-Die-Akteure-in-Aktion.jpg\"><img loading=\"lazy\" decoding=\"async\" class=\"wp-image-681 aligncenter\" src=\"https:\/\/www.eberswalderturnerschaft.de\/home\/wp-content\/uploads\/2021\/02\/2-Nadine-Schwarz-Die-Akteure-in-Aktion.jpg\" alt=\"\" width=\"346\" height=\"501\" srcset=\"https:\/\/www.eberswalderturnerschaft.de\/home\/wp-content\/uploads\/2021\/02\/2-Nadine-Schwarz-Die-Akteure-in-Aktion.jpg 706w, https:\/\/www.eberswalderturnerschaft.de\/home\/wp-content\/uploads\/2021\/02\/2-Nadine-Schwarz-Die-Akteure-in-Aktion-600x870.jpg 600w, https:\/\/www.eberswalderturnerschaft.de\/home\/wp-content\/uploads\/2021\/02\/2-Nadine-Schwarz-Die-Akteure-in-Aktion-207x300.jpg 207w\" sizes=\"auto, (max-width: 346px) 100vw, 346px\" \/><\/a><\/td>\n<td><a href=\"https:\/\/www.eberswalderturnerschaft.de\/home\/wp-content\/uploads\/2021\/02\/1-Nadine-Schwarz-Das-Online-Fitnssangebot-der-Eberswalder-Turnerschaft.jpg\"><img loading=\"lazy\" decoding=\"async\" class=\"wp-image-680 aligncenter\" src=\"https:\/\/www.eberswalderturnerschaft.de\/home\/wp-content\/uploads\/2021\/02\/1-Nadine-Schwarz-Das-Online-Fitnssangebot-der-Eberswalder-Turnerschaft.jpg\" alt=\"\" width=\"253\" height=\"501\" srcset=\"https:\/\/www.eberswalderturnerschaft.de\/home\/wp-content\/uploads\/2021\/02\/1-Nadine-Schwarz-Das-Online-Fitnssangebot-der-Eberswalder-Turnerschaft.jpg 517w, https:\/\/www.eberswalderturnerschaft.de\/home\/wp-content\/uploads\/2021\/02\/1-Nadine-Schwarz-Das-Online-Fitnssangebot-der-Eberswalder-Turnerschaft-151x300.jpg 151w\" sizes=\"auto, (max-width: 253px) 100vw, 253px\" \/><\/a><\/td>\n<\/tr>\n<\/tbody>\n<\/table>\n<hr \/>\n<p>&nbsp;<\/p>\n","protected":false},"excerpt":{"rendered":"<p>Gerade hatte man sich damit arrangiert, dass das Turntraining wegen der Corona-Auflagen in der Ger\u00e4tturnhalle des Sportkomplexes Westend nur ein- statt zweimal w\u00f6chentlich in festgelegten \u00dcbungsgruppen unter eingeschr\u00e4nkten Trainingsbedingungen stattfinden darf, schon gab es den n\u00e4chsten Lockdown, der die Vollschlie\u00dfung der Sportst\u00e4tte mit sich brachte. Was tun? Um nicht v\u00f6llig einzurosten, Bewegungsanreize zu schaffen sowie &#8230; <a title=\"Not macht erfinderisch: Das Onlinetrainingsangebot der Eberswalder Turnerschaft\" class=\"read-more\" href=\"https:\/\/www.eberswalderturnerschaft.de\/home\/not-macht-erfinderisch-das-onlinetrainingsangebot-der-eberswalder-turnerschaft\/\" aria-label=\"Mehr bei Not macht erfinderisch: Das Onlinetrainingsangebot der Eberswalder Turnerschaft\">Read more<\/a><\/p>\n","protected":false},"author":1,"featured_media":0,"comment_status":"closed","ping_status":"open","sticky":false,"template":"","format":"standard","meta":{"_coblocks_attr":"","_coblocks_dimensions":"","_coblocks_responsive_height":"","_coblocks_accordion_ie_support":"","footnotes":""},"categories":[5],"tags":[],"class_list":["post-684","post","type-post","status-publish","format-standard","hentry","category-beitraege","no-featured-image-padding"],"_links":{"self":[{"href":"https:\/\/www.eberswalderturnerschaft.de\/home\/wp-json\/wp\/v2\/posts\/684","targetHints":{"allow":["GET"]}}],"collection":[{"href":"https:\/\/www.eberswalderturnerschaft.de\/home\/wp-json\/wp\/v2\/posts"}],"about":[{"href":"https:\/\/www.eberswalderturnerschaft.de\/home\/wp-json\/wp\/v2\/types\/post"}],"author":[{"embeddable":true,"href":"https:\/\/www.eberswalderturnerschaft.de\/home\/wp-json\/wp\/v2\/users\/1"}],"replies":[{"embeddable":true,"href":"https:\/\/www.eberswalderturnerschaft.de\/home\/wp-json\/wp\/v2\/comments?post=684"}],"version-history":[{"count":1,"href":"https:\/\/www.eberswalderturnerschaft.de\/home\/wp-json\/wp\/v2\/posts\/684\/revisions"}],"predecessor-version":[{"id":685,"href":"https:\/\/www.eberswalderturnerschaft.de\/home\/wp-json\/wp\/v2\/posts\/684\/revisions\/685"}],"wp:attachment":[{"href":"https:\/\/www.eberswalderturnerschaft.de\/home\/wp-json\/wp\/v2\/media?parent=684"}],"wp:term":[{"taxonomy":"category","embeddable":true,"href":"https:\/\/www.eberswalderturnerschaft.de\/home\/wp-json\/wp\/v2\/categories?post=684"},{"taxonomy":"post_tag","embeddable":true,"href":"https:\/\/www.eberswalderturnerschaft.de\/home\/wp-json\/wp\/v2\/tags?post=684"}],"curies":[{"name":"wp","href":"https:\/\/api.w.org\/{rel}","templated":true}]}}