{"id":644,"date":"2020-12-24T08:00:54","date_gmt":"2020-12-24T08:00:54","guid":{"rendered":"https:\/\/www.eberswalderturnerschaft.de\/home\/?p=644"},"modified":"2021-01-04T09:26:29","modified_gmt":"2021-01-04T09:26:29","slug":"der-turnweihnachtsmann-hat-an-alle-kinder-gedacht","status":"publish","type":"post","link":"https:\/\/www.eberswalderturnerschaft.de\/home\/der-turnweihnachtsmann-hat-an-alle-kinder-gedacht\/","title":{"rendered":"Der Turnweihnachtsmann hat an alle Kinder gedacht"},"content":{"rendered":"<hr \/>\n<p>Dieses Jahr ist einfach alles anders als bisher dagewesen. Nach der langen Durststrecke mit eingeschr\u00e4nktem Training und ohne jeden Wettkampf sollte f\u00fcr die Turnkinder und deren Eltern wenigstens eine Veranstaltung zum Jahresabschluss \u2013 nat\u00fcrlich unter Einhaltung der zeitnahen Corona \u2013Auflagen erm\u00f6glicht werden. Der Abteilungsleitung war es wichtig, ein Zeichen zu setzen und sich auch bei allen zu bedanken, die bis dato so tapfer durchgehalte haben.<\/p>\n<p>&nbsp;<\/p>\n<p><a href=\"https:\/\/www.eberswalderturnerschaft.de\/home\/wp-content\/uploads\/2021\/01\/2-Nadine-Schwarz-Inhalt-des-Turnkinderweihnachtsbeutels.jpg\"><img loading=\"lazy\" decoding=\"async\" class=\"wp-image-646 aligncenter\" src=\"https:\/\/www.eberswalderturnerschaft.de\/home\/wp-content\/uploads\/2021\/01\/2-Nadine-Schwarz-Inhalt-des-Turnkinderweihnachtsbeutels.jpg\" alt=\"\" width=\"399\" height=\"300\" srcset=\"https:\/\/www.eberswalderturnerschaft.de\/home\/wp-content\/uploads\/2021\/01\/2-Nadine-Schwarz-Inhalt-des-Turnkinderweihnachtsbeutels.jpg 1600w, https:\/\/www.eberswalderturnerschaft.de\/home\/wp-content\/uploads\/2021\/01\/2-Nadine-Schwarz-Inhalt-des-Turnkinderweihnachtsbeutels-600x450.jpg 600w, https:\/\/www.eberswalderturnerschaft.de\/home\/wp-content\/uploads\/2021\/01\/2-Nadine-Schwarz-Inhalt-des-Turnkinderweihnachtsbeutels-300x225.jpg 300w, https:\/\/www.eberswalderturnerschaft.de\/home\/wp-content\/uploads\/2021\/01\/2-Nadine-Schwarz-Inhalt-des-Turnkinderweihnachtsbeutels-1024x769.jpg 1024w, https:\/\/www.eberswalderturnerschaft.de\/home\/wp-content\/uploads\/2021\/01\/2-Nadine-Schwarz-Inhalt-des-Turnkinderweihnachtsbeutels-768x576.jpg 768w, https:\/\/www.eberswalderturnerschaft.de\/home\/wp-content\/uploads\/2021\/01\/2-Nadine-Schwarz-Inhalt-des-Turnkinderweihnachtsbeutels-1536x1153.jpg 1536w\" sizes=\"auto, (max-width: 399px) 100vw, 399px\" \/><\/a><\/p>\n<p>&nbsp;<\/p>\n<p>So wurde eine Arbeitsgruppe \u201eChristmas-Turnen\u201c unter der Leitung von Antje Trautmann auf den Weg gebracht, die sich um die inhaltlichen und organisatorischen Modalit\u00e4ten f\u00fcr diese Veranstaltung k\u00fcmmerte. Wegen der gro\u00dfen Anzahl von Turnerinnen und Turnern mussten sogar zwei Termine geplant werden. Es sollte einen lustigen Wettkampf an verschiedenen weihnachtlich orientierten Stationen sowie individuelle Bewegungsangebote geben und zum Schluss ein Buffet mit verpackten Leckereien sowie einer Geschenkt\u00fcte f\u00fcr jedes Kind. Nun, da der erneute Lockdown diesen Plan zunichte gemacht hat, sollten sich die Kinder doch wenigstens \u00fcber eine Weihnachts\u00fcberraschung freuen k\u00f6nnen.<\/p>\n<p>Ein Pack-Team flei\u00dfiger Trainerwichtel (Simone Kleinfeldt, Nadine Schwarz, Regina Fischer und Yvonne Schemel) machte sich ans Werk und f\u00fcllte in dreist\u00fcndiger Arbeit 95\u00a0 Weihnachtst\u00fcten mit Naschwerk, einem Vereins-T-Shirt und f\u00fcr die Wettkampfkinder noch Schwei\u00dfb\u00e4nder und den obligatorischen Kalender, diesmal mit Abbildungen bekannter Turnidole. Alles wurde in Kisten verpackt und den \u00dcbungsleitern der jeweiligen Trainingsgruppen ausgeh\u00e4ndigt, die diese Vorweihnachtsfreude dann unter Beachtung der Abstandsregeln den Empf\u00e4ngern zukommen lie\u00dfen. Und so konnten die Kinderaugen doch noch leuchten\u2026<\/p>\n<p>&nbsp;<\/p>\n<p><a href=\"https:\/\/www.eberswalderturnerschaft.de\/home\/wp-content\/uploads\/2021\/01\/3-Nadine-Schwarz-Weihnachtsueberraschungen-fuer-die-Turnkinder.jpg\"><img loading=\"lazy\" decoding=\"async\" class=\"aligncenter wp-image-647 size-full\" src=\"https:\/\/www.eberswalderturnerschaft.de\/home\/wp-content\/uploads\/2021\/01\/3-Nadine-Schwarz-Weihnachtsueberraschungen-fuer-die-Turnkinder.jpg\" alt=\"\" width=\"1201\" height=\"1600\" srcset=\"https:\/\/www.eberswalderturnerschaft.de\/home\/wp-content\/uploads\/2021\/01\/3-Nadine-Schwarz-Weihnachtsueberraschungen-fuer-die-Turnkinder.jpg 1201w, https:\/\/www.eberswalderturnerschaft.de\/home\/wp-content\/uploads\/2021\/01\/3-Nadine-Schwarz-Weihnachtsueberraschungen-fuer-die-Turnkinder-600x799.jpg 600w, https:\/\/www.eberswalderturnerschaft.de\/home\/wp-content\/uploads\/2021\/01\/3-Nadine-Schwarz-Weihnachtsueberraschungen-fuer-die-Turnkinder-225x300.jpg 225w, https:\/\/www.eberswalderturnerschaft.de\/home\/wp-content\/uploads\/2021\/01\/3-Nadine-Schwarz-Weihnachtsueberraschungen-fuer-die-Turnkinder-769x1024.jpg 769w, https:\/\/www.eberswalderturnerschaft.de\/home\/wp-content\/uploads\/2021\/01\/3-Nadine-Schwarz-Weihnachtsueberraschungen-fuer-die-Turnkinder-768x1023.jpg 768w, https:\/\/www.eberswalderturnerschaft.de\/home\/wp-content\/uploads\/2021\/01\/3-Nadine-Schwarz-Weihnachtsueberraschungen-fuer-die-Turnkinder-1153x1536.jpg 1153w\" sizes=\"auto, (max-width: 1201px) 100vw, 1201px\" \/><\/a><\/p>\n<hr \/>\n<p>&nbsp;<\/p>\n","protected":false},"excerpt":{"rendered":"<p>Dieses Jahr ist einfach alles anders als bisher dagewesen. Nach der langen Durststrecke mit eingeschr\u00e4nktem Training und ohne jeden Wettkampf sollte f\u00fcr die Turnkinder und deren Eltern wenigstens eine Veranstaltung zum Jahresabschluss \u2013 nat\u00fcrlich unter Einhaltung der zeitnahen Corona \u2013Auflagen erm\u00f6glicht werden. Der Abteilungsleitung war es wichtig, ein Zeichen zu setzen und sich auch bei &#8230; <a title=\"Der Turnweihnachtsmann hat an alle Kinder gedacht\" class=\"read-more\" href=\"https:\/\/www.eberswalderturnerschaft.de\/home\/der-turnweihnachtsmann-hat-an-alle-kinder-gedacht\/\" aria-label=\"Mehr bei Der Turnweihnachtsmann hat an alle Kinder gedacht\">Read more<\/a><\/p>\n","protected":false},"author":1,"featured_media":0,"comment_status":"closed","ping_status":"open","sticky":false,"template":"","format":"standard","meta":{"_coblocks_attr":"","_coblocks_dimensions":"","_coblocks_responsive_height":"","_coblocks_accordion_ie_support":"","footnotes":""},"categories":[5],"tags":[],"class_list":["post-644","post","type-post","status-publish","format-standard","hentry","category-beitraege","no-featured-image-padding"],"_links":{"self":[{"href":"https:\/\/www.eberswalderturnerschaft.de\/home\/wp-json\/wp\/v2\/posts\/644","targetHints":{"allow":["GET"]}}],"collection":[{"href":"https:\/\/www.eberswalderturnerschaft.de\/home\/wp-json\/wp\/v2\/posts"}],"about":[{"href":"https:\/\/www.eberswalderturnerschaft.de\/home\/wp-json\/wp\/v2\/types\/post"}],"author":[{"embeddable":true,"href":"https:\/\/www.eberswalderturnerschaft.de\/home\/wp-json\/wp\/v2\/users\/1"}],"replies":[{"embeddable":true,"href":"https:\/\/www.eberswalderturnerschaft.de\/home\/wp-json\/wp\/v2\/comments?post=644"}],"version-history":[{"count":5,"href":"https:\/\/www.eberswalderturnerschaft.de\/home\/wp-json\/wp\/v2\/posts\/644\/revisions"}],"predecessor-version":[{"id":652,"href":"https:\/\/www.eberswalderturnerschaft.de\/home\/wp-json\/wp\/v2\/posts\/644\/revisions\/652"}],"wp:attachment":[{"href":"https:\/\/www.eberswalderturnerschaft.de\/home\/wp-json\/wp\/v2\/media?parent=644"}],"wp:term":[{"taxonomy":"category","embeddable":true,"href":"https:\/\/www.eberswalderturnerschaft.de\/home\/wp-json\/wp\/v2\/categories?post=644"},{"taxonomy":"post_tag","embeddable":true,"href":"https:\/\/www.eberswalderturnerschaft.de\/home\/wp-json\/wp\/v2\/tags?post=644"}],"curies":[{"name":"wp","href":"https:\/\/api.w.org\/{rel}","templated":true}]}}