{"id":614,"date":"2020-12-15T18:00:55","date_gmt":"2020-12-15T18:00:55","guid":{"rendered":"https:\/\/www.eberswalderturnerschaft.de\/home\/?p=614"},"modified":"2020-12-19T20:56:32","modified_gmt":"2020-12-19T20:56:32","slug":"neuwahl-der-abteilungsleitungsleitung","status":"publish","type":"post","link":"https:\/\/www.eberswalderturnerschaft.de\/home\/neuwahl-der-abteilungsleitungsleitung\/","title":{"rendered":"Neuwahl der Abteilungsleitung"},"content":{"rendered":"<hr>\n<p>Nach zwei Jahren Vereinsarbeit stand f\u00fcr die Mitglieder der Abteilung Turnen die Wahl ihrer neuen Abteilungsleitung an. Wegen der Corona-Pandemie wurde der Termin mehrmals verschoben und letztendlich eine Briefwahl mit folgendem Ergebnis durchgef\u00fchrt:<\/p>\n<p><strong>40<\/strong> Wahlzettel sind bis zum 30.11.2020 eingegangen, <strong>36<\/strong> Personen stimmten der Kandidatenliste zu. Von den <strong>vier<\/strong> Gegenstimmen wurden Ver\u00e4nderungsvorschl\u00e4ge angemerkt.<\/p>\n<p>&nbsp;<\/p>\n<p><strong>Damit wird die Abteilung Ger\u00e4tturnen des SV Motor Eberswalde e.V. nun f\u00fcr weitere zwei Jahre von folgenden Mitgliedern geleitet:<\/strong><\/p>\n<ul>\n<li><strong>Andrea Schellenberger<\/strong>, <em>Abteilungsleiterin<\/em><\/li>\n<li><strong>Rudolf Trautmann<\/strong>, <em>stellvertretender Abteilungsleiter<\/em><\/li>\n<li><strong>Nadine Schwarz<\/strong>, <em>Kassenwartin<\/em><\/li>\n<li><strong>Yvonne Schemel<\/strong>, <em>Jugenwartin f\u00fcr den weiblichen Bereich<\/em><\/li>\n<li><strong>Marco Br\u00e4uning<\/strong>, <em>Jugendwart f\u00fcr den m\u00e4nnlichen Bereich<\/em><\/li>\n<li><strong>Gertraude Trautmann<\/strong>, <em>Verantwortliche f\u00fcr Presse- und \u00d6ffentlichkeitsarbeit<\/em><\/li>\n<\/ul>\n<div id='gallery-1' class='gallery galleryid-614 gallery-columns-6 gallery-size-thumbnail'><figure class='gallery-item'>\n\t\t\t<div class='gallery-icon portrait'>\n\t\t\t\t<a href='https:\/\/www.eberswalderturnerschaft.de\/home\/info\/die-eberswalder-trainer\/andrea_1\/#main'><img loading=\"lazy\" decoding=\"async\" width=\"150\" height=\"150\" src=\"https:\/\/www.eberswalderturnerschaft.de\/home\/wp-content\/uploads\/2020\/02\/Andrea_1-150x150.jpg\" class=\"attachment-thumbnail size-thumbnail\" alt=\"\" srcset=\"https:\/\/www.eberswalderturnerschaft.de\/home\/wp-content\/uploads\/2020\/02\/Andrea_1-150x150.jpg 150w, https:\/\/www.eberswalderturnerschaft.de\/home\/wp-content\/uploads\/2020\/02\/Andrea_1-scaled-300x300.jpg 300w, https:\/\/www.eberswalderturnerschaft.de\/home\/wp-content\/uploads\/2020\/02\/Andrea_1-scaled-100x100.jpg 100w\" sizes=\"auto, (max-width: 150px) 100vw, 150px\" \/><\/a>\n\t\t\t<\/div><\/figure><figure class='gallery-item'>\n\t\t\t<div class='gallery-icon portrait'>\n\t\t\t\t<a href='https:\/\/www.eberswalderturnerschaft.de\/home\/neuwahl-der-abteilungsleitungsleitung\/rudolf-trautmann\/#main'><img loading=\"lazy\" decoding=\"async\" width=\"150\" height=\"150\" src=\"https:\/\/www.eberswalderturnerschaft.de\/home\/wp-content\/uploads\/2020\/12\/Rudolf-Trautmann-150x150.jpg\" class=\"attachment-thumbnail size-thumbnail\" alt=\"\" srcset=\"https:\/\/www.eberswalderturnerschaft.de\/home\/wp-content\/uploads\/2020\/12\/Rudolf-Trautmann-150x150.jpg 150w, https:\/\/www.eberswalderturnerschaft.de\/home\/wp-content\/uploads\/2020\/12\/Rudolf-Trautmann-300x300.jpg 300w, https:\/\/www.eberswalderturnerschaft.de\/home\/wp-content\/uploads\/2020\/12\/Rudolf-Trautmann-100x100.jpg 100w\" sizes=\"auto, (max-width: 150px) 100vw, 150px\" \/><\/a>\n\t\t\t<\/div><\/figure><figure class='gallery-item'>\n\t\t\t<div class='gallery-icon portrait'>\n\t\t\t\t<a href='https:\/\/www.eberswalderturnerschaft.de\/home\/info\/die-eberswalder-trainer\/nadine\/#main'><img loading=\"lazy\" decoding=\"async\" width=\"150\" height=\"150\" src=\"https:\/\/www.eberswalderturnerschaft.de\/home\/wp-content\/uploads\/2020\/02\/Nadine-150x150.jpg\" class=\"attachment-thumbnail size-thumbnail\" alt=\"\" srcset=\"https:\/\/www.eberswalderturnerschaft.de\/home\/wp-content\/uploads\/2020\/02\/Nadine-150x150.jpg 150w, https:\/\/www.eberswalderturnerschaft.de\/home\/wp-content\/uploads\/2020\/02\/Nadine-scaled-300x300.jpg 300w, https:\/\/www.eberswalderturnerschaft.de\/home\/wp-content\/uploads\/2020\/02\/Nadine-scaled-100x100.jpg 100w\" sizes=\"auto, (max-width: 150px) 100vw, 150px\" \/><\/a>\n\t\t\t<\/div><\/figure><figure class='gallery-item'>\n\t\t\t<div class='gallery-icon portrait'>\n\t\t\t\t<a href='https:\/\/www.eberswalderturnerschaft.de\/home\/info\/die-eberswalder-trainer\/yvonne\/#main'><img loading=\"lazy\" decoding=\"async\" width=\"150\" height=\"150\" src=\"https:\/\/www.eberswalderturnerschaft.de\/home\/wp-content\/uploads\/2020\/02\/Yvonne-150x150.jpg\" class=\"attachment-thumbnail size-thumbnail\" alt=\"\" srcset=\"https:\/\/www.eberswalderturnerschaft.de\/home\/wp-content\/uploads\/2020\/02\/Yvonne-150x150.jpg 150w, https:\/\/www.eberswalderturnerschaft.de\/home\/wp-content\/uploads\/2020\/02\/Yvonne-scaled-300x300.jpg 300w, https:\/\/www.eberswalderturnerschaft.de\/home\/wp-content\/uploads\/2020\/02\/Yvonne-scaled-100x100.jpg 100w\" sizes=\"auto, (max-width: 150px) 100vw, 150px\" \/><\/a>\n\t\t\t<\/div><\/figure><figure class='gallery-item'>\n\t\t\t<div class='gallery-icon landscape'>\n\t\t\t\t<a href='https:\/\/www.eberswalderturnerschaft.de\/home\/neuwahl-der-abteilungsleitungsleitung\/marco-braeuning\/#main'><img loading=\"lazy\" decoding=\"async\" width=\"150\" height=\"150\" src=\"https:\/\/www.eberswalderturnerschaft.de\/home\/wp-content\/uploads\/2020\/12\/Marco-Braeuning-150x150.jpg\" class=\"attachment-thumbnail size-thumbnail\" alt=\"\" srcset=\"https:\/\/www.eberswalderturnerschaft.de\/home\/wp-content\/uploads\/2020\/12\/Marco-Braeuning-150x150.jpg 150w, https:\/\/www.eberswalderturnerschaft.de\/home\/wp-content\/uploads\/2020\/12\/Marco-Braeuning-300x300.jpg 300w, https:\/\/www.eberswalderturnerschaft.de\/home\/wp-content\/uploads\/2020\/12\/Marco-Braeuning-100x100.jpg 100w\" sizes=\"auto, (max-width: 150px) 100vw, 150px\" \/><\/a>\n\t\t\t<\/div><\/figure><figure class='gallery-item'>\n\t\t\t<div class='gallery-icon portrait'>\n\t\t\t\t<a href='https:\/\/www.eberswalderturnerschaft.de\/home\/neuwahl-der-abteilungsleitungsleitung\/gertraude-trautmann\/#main'><img loading=\"lazy\" decoding=\"async\" width=\"150\" height=\"150\" src=\"https:\/\/www.eberswalderturnerschaft.de\/home\/wp-content\/uploads\/2020\/12\/Gertraude-Trautmann-150x150.png\" class=\"attachment-thumbnail size-thumbnail\" alt=\"\" srcset=\"https:\/\/www.eberswalderturnerschaft.de\/home\/wp-content\/uploads\/2020\/12\/Gertraude-Trautmann-150x150.png 150w, https:\/\/www.eberswalderturnerschaft.de\/home\/wp-content\/uploads\/2020\/12\/Gertraude-Trautmann-300x300.png 300w, https:\/\/www.eberswalderturnerschaft.de\/home\/wp-content\/uploads\/2020\/12\/Gertraude-Trautmann-100x100.png 100w\" sizes=\"auto, (max-width: 150px) 100vw, 150px\" \/><\/a>\n\t\t\t<\/div><\/figure>\n\t\t<\/div>\n\n<p>&nbsp;<\/p>\n<p>Die neue Abteilungsleitung konstituierte sich per Videokonferenz am 07.12.2020 mit dem Fazit, eine strukturierte und \u00fcbersichtliche Teamarbeit leisten zu wollen, den Corona bedingten Schwierigkeiten zu trotzen, neue Wege im Trainings-, \u00dcbungsleiter- , Kampfrichter- und Kommunikationsbereich zu gehen und den Verein nach bestem Wissen und Gewissen voranzubringen.<\/p>\n<p>&nbsp;<\/p>\n<p><strong>Weitere Informationen:<\/strong><\/p>\n<ul>\n<li>Die Abteilungsleitung trifft sich immer am <strong>ersten Montag jedes Monats<\/strong> zu einer <strong>\u00f6ffentlichen Vorstandssitzung<\/strong> (erforderliche \u00c4nderungen nicht ausgeschlossen). Hier werden die notwendigen Absprachen f\u00fcr den Trainings-, Wettkampf-, Kampfrichter- und Finanzbereich getroffen sowie vereinsinterne Veranstaltungen geplant, Probleme besprochen und Ma\u00dfnahmen festgelegt, wobei es auch um die Zusammenarbeit mit den \u00fcbergeordneten Gremien wie MTB und LSB geht.<\/li>\n<li>Da diese Zusammenkunft bei verschiedenen Vorstandsmitgliedern stattfindet (siehe Protokollvermerke) und die jeweilige Raumkapazit\u00e4t begrenzt ist, macht sich eine <strong>einw\u00f6chige Voranmeldung f\u00fcr Nichtvorstandsmitglieder notwendig<\/strong>.<\/li>\n<li>Um Fragen bzw. Probleme fundiert kl\u00e4ren zu k\u00f6nnen, wird ebenfalls um eine <strong>einw\u00f6chige Einreichfrist<\/strong> gebeten.<\/li>\n<li>F\u00fcr Vorschl\u00e4ge und Hinweise sowie Fragen zum Vereinsleben kann nat\u00fcrlich auch jederzeit gern unsere digitale Kontaktm\u00f6glichkeit <strong>info@eberswalderturnerschaft.de<\/strong> genutzt werden.<\/li>\n<\/ul>\n<p>&nbsp;<\/p>\n<hr>\n","protected":false},"excerpt":{"rendered":"<p>Nach zwei Jahren Vereinsarbeit stand f\u00fcr die Mitglieder der Abteilung Turnen die Wahl ihrer neuen Abteilungsleitung an. Wegen der Corona-Pandemie wurde der Termin mehrmals verschoben und letztendlich eine Briefwahl mit folgendem Ergebnis durchgef\u00fchrt: 40 Wahlzettel sind bis zum 30.11.2020 eingegangen, 36 Personen stimmten der Kandidatenliste zu. Von den vier Gegenstimmen wurden Ver\u00e4nderungsvorschl\u00e4ge angemerkt. &nbsp; Damit &#8230; <a title=\"Neuwahl der Abteilungsleitung\" class=\"read-more\" href=\"https:\/\/www.eberswalderturnerschaft.de\/home\/neuwahl-der-abteilungsleitungsleitung\/\" aria-label=\"Mehr bei Neuwahl der Abteilungsleitung\">Read more<\/a><\/p>\n","protected":false},"author":4,"featured_media":0,"comment_status":"closed","ping_status":"open","sticky":false,"template":"","format":"standard","meta":{"_coblocks_attr":"","_coblocks_dimensions":"","_coblocks_responsive_height":"","_coblocks_accordion_ie_support":"","footnotes":""},"categories":[5],"tags":[],"class_list":["post-614","post","type-post","status-publish","format-standard","hentry","category-beitraege","no-featured-image-padding"],"_links":{"self":[{"href":"https:\/\/www.eberswalderturnerschaft.de\/home\/wp-json\/wp\/v2\/posts\/614","targetHints":{"allow":["GET"]}}],"collection":[{"href":"https:\/\/www.eberswalderturnerschaft.de\/home\/wp-json\/wp\/v2\/posts"}],"about":[{"href":"https:\/\/www.eberswalderturnerschaft.de\/home\/wp-json\/wp\/v2\/types\/post"}],"author":[{"embeddable":true,"href":"https:\/\/www.eberswalderturnerschaft.de\/home\/wp-json\/wp\/v2\/users\/4"}],"replies":[{"embeddable":true,"href":"https:\/\/www.eberswalderturnerschaft.de\/home\/wp-json\/wp\/v2\/comments?post=614"}],"version-history":[{"count":8,"href":"https:\/\/www.eberswalderturnerschaft.de\/home\/wp-json\/wp\/v2\/posts\/614\/revisions"}],"predecessor-version":[{"id":638,"href":"https:\/\/www.eberswalderturnerschaft.de\/home\/wp-json\/wp\/v2\/posts\/614\/revisions\/638"}],"wp:attachment":[{"href":"https:\/\/www.eberswalderturnerschaft.de\/home\/wp-json\/wp\/v2\/media?parent=614"}],"wp:term":[{"taxonomy":"category","embeddable":true,"href":"https:\/\/www.eberswalderturnerschaft.de\/home\/wp-json\/wp\/v2\/categories?post=614"},{"taxonomy":"post_tag","embeddable":true,"href":"https:\/\/www.eberswalderturnerschaft.de\/home\/wp-json\/wp\/v2\/tags?post=614"}],"curies":[{"name":"wp","href":"https:\/\/api.w.org\/{rel}","templated":true}]}}