{"id":542,"date":"2020-04-09T03:41:02","date_gmt":"2020-04-09T03:41:02","guid":{"rendered":"https:\/\/www.eberswalderturnerschaft.de\/home\/?p=542"},"modified":"2020-04-09T03:41:04","modified_gmt":"2020-04-09T03:41:04","slug":"die-turnfamilie-haelt-zusammen","status":"publish","type":"post","link":"https:\/\/www.eberswalderturnerschaft.de\/home\/die-turnfamilie-haelt-zusammen\/","title":{"rendered":"Die Turnfamilie h\u00e4lt zusammen"},"content":{"rendered":"\n<p>Liebe Mitglieder der Abteilung Turnen des SV Motor Eberswalde e.V., ob ganz jung oder schon etwas \u00e4lter, liebe Eltern, Sponsoren und Fans,<\/p>\n\n\n\n<p>das erste Mal seit der Ausrichtung des Eberswalder Turnertreffs vor 44 Jahren konnte dieser nicht durchgef\u00fchrt werden. Wir waren sehr gut vorbereitet. Doch ein winziges Virus namens Covid 19 hat alles zunichte gemacht. Wir sind traurig und zugleich voller Hoffnung auf ein baldiges Ende dieser Krise. Damit ihr nachvollziehen k\u00f6nnt, welche Begr\u00fc\u00dfung in Versform euch diesmal erwartet h\u00e4tte, stellen wir euch die Teilnehmerurkunde <\/p>\n\n\n\n<div class=\"wp-block-image\"><figure class=\"aligncenter size-large\"><img loading=\"lazy\" decoding=\"async\" width=\"724\" height=\"1024\" src=\"https:\/\/www.eberswalderturnerschaft.de\/home\/wp-content\/uploads\/2020\/04\/Urkunde_Turnertreff_2020-724x1024.jpg\" alt=\"\" class=\"wp-image-544\" srcset=\"https:\/\/www.eberswalderturnerschaft.de\/home\/wp-content\/uploads\/2020\/04\/Urkunde_Turnertreff_2020-724x1024.jpg 724w, https:\/\/www.eberswalderturnerschaft.de\/home\/wp-content\/uploads\/2020\/04\/Urkunde_Turnertreff_2020-scaled-600x848.jpg 600w, https:\/\/www.eberswalderturnerschaft.de\/home\/wp-content\/uploads\/2020\/04\/Urkunde_Turnertreff_2020-212x300.jpg 212w, https:\/\/www.eberswalderturnerschaft.de\/home\/wp-content\/uploads\/2020\/04\/Urkunde_Turnertreff_2020-768x1086.jpg 768w, https:\/\/www.eberswalderturnerschaft.de\/home\/wp-content\/uploads\/2020\/04\/Urkunde_Turnertreff_2020-1086x1536.jpg 1086w, https:\/\/www.eberswalderturnerschaft.de\/home\/wp-content\/uploads\/2020\/04\/Urkunde_Turnertreff_2020-1448x2048.jpg 1448w, https:\/\/www.eberswalderturnerschaft.de\/home\/wp-content\/uploads\/2020\/04\/Urkunde_Turnertreff_2020-scaled.jpg 1811w\" sizes=\"auto, (max-width: 724px) 100vw, 724px\" \/><\/figure><\/div>\n\n\n\n<p>und unser Werbeplakat online zur Verf\u00fcgung. Die Turnfamilie muss zusammenhalten! Wir wissen nicht, wie es nach dem Ende der Osterferien weitergeht. Bedeutende Gro\u00dfveranstaltungen wie Olympische Spiele, Deutsche Meisterschaften und alle Landesmeisterschaften sind bereits abgesagt. Lasst aber bitte den Kontakt zu euren \u00dcbungsleitern, Trainern und Vereinskameraden nicht abrei\u00dfen. Bietet Corona die Stirn und bleibt unserem Verein und euch selbst treu, damit wir uns bald in alter Frische wieder in die Augen schauen k\u00f6nnen.<\/p>\n\n\n\n<p><\/p>\n\n\n\n<p>Zuvor w\u00fcnschen wir euch allen ein sonniges, hoffnungsvolles und vor allem ein gesundes Osterfest 2020.<\/p>\n\n\n\n<p>Die Abteilungsleitung Turnen des SV Motor Eberswalde e.V.<\/p>\n\n\n\n<p>Andrea Sz\u00f6gedi<\/p>\n\n\n\n<p>(Abteilungsleiterin)<\/p>\n\n\n\n<div class=\"wp-block-image\"><figure class=\"aligncenter size-large\"><img loading=\"lazy\" decoding=\"async\" width=\"724\" height=\"1024\" src=\"https:\/\/www.eberswalderturnerschaft.de\/home\/wp-content\/uploads\/2020\/04\/Plakat-2020-2-724x1024.jpg\" alt=\"\" class=\"wp-image-543\" srcset=\"https:\/\/www.eberswalderturnerschaft.de\/home\/wp-content\/uploads\/2020\/04\/Plakat-2020-2-724x1024.jpg 724w, https:\/\/www.eberswalderturnerschaft.de\/home\/wp-content\/uploads\/2020\/04\/Plakat-2020-2-scaled-600x849.jpg 600w, https:\/\/www.eberswalderturnerschaft.de\/home\/wp-content\/uploads\/2020\/04\/Plakat-2020-2-212x300.jpg 212w, https:\/\/www.eberswalderturnerschaft.de\/home\/wp-content\/uploads\/2020\/04\/Plakat-2020-2-768x1086.jpg 768w, https:\/\/www.eberswalderturnerschaft.de\/home\/wp-content\/uploads\/2020\/04\/Plakat-2020-2-1086x1536.jpg 1086w, https:\/\/www.eberswalderturnerschaft.de\/home\/wp-content\/uploads\/2020\/04\/Plakat-2020-2-1448x2048.jpg 1448w, https:\/\/www.eberswalderturnerschaft.de\/home\/wp-content\/uploads\/2020\/04\/Plakat-2020-2-scaled.jpg 1810w\" sizes=\"auto, (max-width: 724px) 100vw, 724px\" \/><figcaption>Werbeplakat 44. Eberswalder Turnertreff<\/figcaption><\/figure><\/div>\n\n\n\n<p><\/p>\n","protected":false},"excerpt":{"rendered":"<p>Liebe Mitglieder der Abteilung Turnen des SV Motor Eberswalde e.V., ob ganz jung oder schon etwas \u00e4lter, liebe Eltern, Sponsoren und Fans, das erste Mal seit der Ausrichtung des Eberswalder Turnertreffs vor 44 Jahren konnte dieser nicht durchgef\u00fchrt werden. Wir waren sehr gut vorbereitet. Doch ein winziges Virus namens Covid 19 hat alles zunichte gemacht. &#8230; <a title=\"Die Turnfamilie h\u00e4lt zusammen\" class=\"read-more\" href=\"https:\/\/www.eberswalderturnerschaft.de\/home\/die-turnfamilie-haelt-zusammen\/\" aria-label=\"Mehr bei Die Turnfamilie h\u00e4lt zusammen\">Read more<\/a><\/p>\n","protected":false},"author":1,"featured_media":0,"comment_status":"closed","ping_status":"open","sticky":false,"template":"","format":"standard","meta":{"_coblocks_attr":"","_coblocks_dimensions":"","_coblocks_responsive_height":"","_coblocks_accordion_ie_support":"","footnotes":""},"categories":[5],"tags":[],"class_list":["post-542","post","type-post","status-publish","format-standard","hentry","category-beitraege","no-featured-image-padding"],"_links":{"self":[{"href":"https:\/\/www.eberswalderturnerschaft.de\/home\/wp-json\/wp\/v2\/posts\/542","targetHints":{"allow":["GET"]}}],"collection":[{"href":"https:\/\/www.eberswalderturnerschaft.de\/home\/wp-json\/wp\/v2\/posts"}],"about":[{"href":"https:\/\/www.eberswalderturnerschaft.de\/home\/wp-json\/wp\/v2\/types\/post"}],"author":[{"embeddable":true,"href":"https:\/\/www.eberswalderturnerschaft.de\/home\/wp-json\/wp\/v2\/users\/1"}],"replies":[{"embeddable":true,"href":"https:\/\/www.eberswalderturnerschaft.de\/home\/wp-json\/wp\/v2\/comments?post=542"}],"version-history":[{"count":2,"href":"https:\/\/www.eberswalderturnerschaft.de\/home\/wp-json\/wp\/v2\/posts\/542\/revisions"}],"predecessor-version":[{"id":546,"href":"https:\/\/www.eberswalderturnerschaft.de\/home\/wp-json\/wp\/v2\/posts\/542\/revisions\/546"}],"wp:attachment":[{"href":"https:\/\/www.eberswalderturnerschaft.de\/home\/wp-json\/wp\/v2\/media?parent=542"}],"wp:term":[{"taxonomy":"category","embeddable":true,"href":"https:\/\/www.eberswalderturnerschaft.de\/home\/wp-json\/wp\/v2\/categories?post=542"},{"taxonomy":"post_tag","embeddable":true,"href":"https:\/\/www.eberswalderturnerschaft.de\/home\/wp-json\/wp\/v2\/tags?post=542"}],"curies":[{"name":"wp","href":"https:\/\/api.w.org\/{rel}","templated":true}]}}