{"id":514,"date":"2020-01-20T10:00:00","date_gmt":"2020-01-20T10:00:00","guid":{"rendered":"https:\/\/www.eberswalderturnerschaft.de\/home\/?p=514"},"modified":"2020-04-03T09:11:45","modified_gmt":"2020-04-03T09:11:45","slug":"neujahrsempfang-der-eberswalder-turnerschaft-in-sechster-auflage","status":"publish","type":"post","link":"https:\/\/www.eberswalderturnerschaft.de\/home\/neujahrsempfang-der-eberswalder-turnerschaft-in-sechster-auflage\/","title":{"rendered":"Neujahrsempfang der Eberswalder Turnerschaft in sechster Auflage"},"content":{"rendered":"\n<p>Es hat sich zu einer attraktiven Tradition entwickelt, dass die Eberswalder Turnabteilung des SV Motor zum Neujahrsempfang in die Ger\u00e4tturnhalle im Sportkomplex Westend einl\u00e4dt. Auch diesmal versammelten sich wieder etwa 40 Mitglieder, Helfer und Sponsoren zur 6. Ausgabe dieser Veranstaltung um das liebevoll selbst kreierte Buffet und erhoben gemeinsam mit dem Vereinsvorsitzenden, Martin Hoeck, das Glas auf ein erfolgreiches neues Turnjahr.<\/p>\n\n\n\n<p>Abteilungsleiterin Andrea Sz\u00f6gedi verwies auf das Erreichte im Jahr 2019, zeigte aber auch Reserven auf. Sie lobte das ehrenamtliche Engagement vieler Mitglieder sowie die gute Sponsorent\u00e4tigkeit. So wurde dieser Rahmen gleich genutzt, um Andrea Sz\u00f6gedi und Lydia Graupe mit einem vom B\u00fcrgermeister der Stadt Eberswalde signierten Buch \u00fcber unsere Stadt f\u00fcr ihre flei\u00dfige Vereinsarbeit zu danken. Zu den engagiertesten Kampfrichterinnen des vergangenen Jahres geh\u00f6rten Yvonne Schemel, Lisa Bobermien und Annekatrin Petzold. Sie wurden mit Gutscheinen ausgezeichnet. Rudolf Trautmann erm\u00f6glichte den Anwesenden eine Zeitreise in die Vereinsvergangenheit, die Grundsteinlegung der damaligen \u201eDrushba-Halle\u201c und das Entstehen des Sportkomplexes Westend per Gro\u00dfbildvortrag.&nbsp;<\/p>\n\n\n\n<p>Nat\u00fcrlich fehlten auch die Ausblicke auf anstehende Vorhaben nicht. Die H\u00f6hepunkte f\u00fcr 2020 werden die Durchf\u00fchrung des 44. Eberswalder Turnertreffs am 4.\/5. April im Sportkomplex Westend sein sowie die Teilnahme an vielen ausw\u00e4rtigen Wettk\u00e4mpfen im Kinder-, Jugend-, Erwachsenen- und Seniorenbereich.<\/p>\n\n\n\n<div style=\"height:50px\" aria-hidden=\"true\" class=\"wp-block-spacer\"><\/div>\n\n\n\n<figure class=\"wp-block-gallery aligncenter columns-3 is-cropped wp-block-gallery-1 is-layout-flex wp-block-gallery-is-layout-flex\"><ul class=\"blocks-gallery-grid\"><li class=\"blocks-gallery-item\"><figure><img loading=\"lazy\" decoding=\"async\" width=\"1024\" height=\"577\" src=\"https:\/\/www.eberswalderturnerschaft.de\/home\/wp-content\/uploads\/2020\/04\/2-Buchpr\u00e4mie-f\u00fcr-Andrea-Sz\u00f6gedi-1024x577.jpg\" alt=\"\" data-id=\"516\" data-full-url=\"https:\/\/www.eberswalderturnerschaft.de\/home\/wp-content\/uploads\/2020\/04\/2-Buchpr\u00e4mie-f\u00fcr-Andrea-Sz\u00f6gedi-scaled.jpg\" data-link=\"https:\/\/www.eberswalderturnerschaft.de\/home\/?attachment_id=516#main\" class=\"wp-image-516\" srcset=\"https:\/\/www.eberswalderturnerschaft.de\/home\/wp-content\/uploads\/2020\/04\/2-Buchpr\u00e4mie-f\u00fcr-Andrea-Sz\u00f6gedi-1024x577.jpg 1024w, https:\/\/www.eberswalderturnerschaft.de\/home\/wp-content\/uploads\/2020\/04\/2-Buchpr\u00e4mie-f\u00fcr-Andrea-Sz\u00f6gedi-scaled-600x338.jpg 600w, https:\/\/www.eberswalderturnerschaft.de\/home\/wp-content\/uploads\/2020\/04\/2-Buchpr\u00e4mie-f\u00fcr-Andrea-Sz\u00f6gedi-300x169.jpg 300w, https:\/\/www.eberswalderturnerschaft.de\/home\/wp-content\/uploads\/2020\/04\/2-Buchpr\u00e4mie-f\u00fcr-Andrea-Sz\u00f6gedi-768x433.jpg 768w, https:\/\/www.eberswalderturnerschaft.de\/home\/wp-content\/uploads\/2020\/04\/2-Buchpr\u00e4mie-f\u00fcr-Andrea-Sz\u00f6gedi-1536x865.jpg 1536w, https:\/\/www.eberswalderturnerschaft.de\/home\/wp-content\/uploads\/2020\/04\/2-Buchpr\u00e4mie-f\u00fcr-Andrea-Sz\u00f6gedi-2048x1154.jpg 2048w\" sizes=\"auto, (max-width: 1024px) 100vw, 1024px\" \/><\/figure><\/li><li class=\"blocks-gallery-item\"><figure><img loading=\"lazy\" decoding=\"async\" width=\"1024\" height=\"577\" src=\"https:\/\/www.eberswalderturnerschaft.de\/home\/wp-content\/uploads\/2020\/04\/1-Neujahrsansprache-von-Abteilungsleiterin-Andrea-Sz\u00f6gedi-1-1024x577.jpg\" alt=\"\" data-id=\"517\" data-full-url=\"https:\/\/www.eberswalderturnerschaft.de\/home\/wp-content\/uploads\/2020\/04\/1-Neujahrsansprache-von-Abteilungsleiterin-Andrea-Sz\u00f6gedi-1-scaled.jpg\" data-link=\"https:\/\/www.eberswalderturnerschaft.de\/home\/?attachment_id=517#main\" class=\"wp-image-517\" srcset=\"https:\/\/www.eberswalderturnerschaft.de\/home\/wp-content\/uploads\/2020\/04\/1-Neujahrsansprache-von-Abteilungsleiterin-Andrea-Sz\u00f6gedi-1-1024x577.jpg 1024w, https:\/\/www.eberswalderturnerschaft.de\/home\/wp-content\/uploads\/2020\/04\/1-Neujahrsansprache-von-Abteilungsleiterin-Andrea-Sz\u00f6gedi-1-scaled-600x338.jpg 600w, https:\/\/www.eberswalderturnerschaft.de\/home\/wp-content\/uploads\/2020\/04\/1-Neujahrsansprache-von-Abteilungsleiterin-Andrea-Sz\u00f6gedi-1-300x169.jpg 300w, https:\/\/www.eberswalderturnerschaft.de\/home\/wp-content\/uploads\/2020\/04\/1-Neujahrsansprache-von-Abteilungsleiterin-Andrea-Sz\u00f6gedi-1-768x433.jpg 768w, https:\/\/www.eberswalderturnerschaft.de\/home\/wp-content\/uploads\/2020\/04\/1-Neujahrsansprache-von-Abteilungsleiterin-Andrea-Sz\u00f6gedi-1-1536x865.jpg 1536w, https:\/\/www.eberswalderturnerschaft.de\/home\/wp-content\/uploads\/2020\/04\/1-Neujahrsansprache-von-Abteilungsleiterin-Andrea-Sz\u00f6gedi-1-2048x1154.jpg 2048w\" sizes=\"auto, (max-width: 1024px) 100vw, 1024px\" \/><\/figure><\/li><li class=\"blocks-gallery-item\"><figure><img loading=\"lazy\" decoding=\"async\" width=\"768\" height=\"1024\" src=\"https:\/\/www.eberswalderturnerschaft.de\/home\/wp-content\/uploads\/2020\/04\/3-Das-Buffet-zum-6.-Neujahrsempfang-der-Abt.-Turnen-768x1024.jpg\" alt=\"\" data-id=\"518\" data-full-url=\"https:\/\/www.eberswalderturnerschaft.de\/home\/wp-content\/uploads\/2020\/04\/3-Das-Buffet-zum-6.-Neujahrsempfang-der-Abt.-Turnen-scaled.jpg\" data-link=\"https:\/\/www.eberswalderturnerschaft.de\/home\/?attachment_id=518#main\" class=\"wp-image-518\" srcset=\"https:\/\/www.eberswalderturnerschaft.de\/home\/wp-content\/uploads\/2020\/04\/3-Das-Buffet-zum-6.-Neujahrsempfang-der-Abt.-Turnen-768x1024.jpg 768w, https:\/\/www.eberswalderturnerschaft.de\/home\/wp-content\/uploads\/2020\/04\/3-Das-Buffet-zum-6.-Neujahrsempfang-der-Abt.-Turnen-scaled-600x800.jpg 600w, https:\/\/www.eberswalderturnerschaft.de\/home\/wp-content\/uploads\/2020\/04\/3-Das-Buffet-zum-6.-Neujahrsempfang-der-Abt.-Turnen-225x300.jpg 225w, https:\/\/www.eberswalderturnerschaft.de\/home\/wp-content\/uploads\/2020\/04\/3-Das-Buffet-zum-6.-Neujahrsempfang-der-Abt.-Turnen-1152x1536.jpg 1152w, https:\/\/www.eberswalderturnerschaft.de\/home\/wp-content\/uploads\/2020\/04\/3-Das-Buffet-zum-6.-Neujahrsempfang-der-Abt.-Turnen-1536x2048.jpg 1536w, https:\/\/www.eberswalderturnerschaft.de\/home\/wp-content\/uploads\/2020\/04\/3-Das-Buffet-zum-6.-Neujahrsempfang-der-Abt.-Turnen-scaled.jpg 1920w\" sizes=\"auto, (max-width: 768px) 100vw, 768px\" \/><\/figure><\/li><\/ul><\/figure>\n\n\n\n<p><\/p>\n","protected":false},"excerpt":{"rendered":"<p>Es hat sich zu einer attraktiven Tradition entwickelt, dass die Eberswalder Turnabteilung des SV Motor zum Neujahrsempfang in die Ger\u00e4tturnhalle im Sportkomplex Westend einl\u00e4dt. Auch diesmal versammelten sich wieder etwa 40 Mitglieder, Helfer und Sponsoren zur 6. Ausgabe dieser Veranstaltung um das liebevoll selbst kreierte Buffet und erhoben gemeinsam mit dem Vereinsvorsitzenden, Martin Hoeck, das &#8230; <a title=\"Neujahrsempfang der Eberswalder Turnerschaft in sechster Auflage\" class=\"read-more\" href=\"https:\/\/www.eberswalderturnerschaft.de\/home\/neujahrsempfang-der-eberswalder-turnerschaft-in-sechster-auflage\/\" aria-label=\"Mehr bei Neujahrsempfang der Eberswalder Turnerschaft in sechster Auflage\">Read more<\/a><\/p>\n","protected":false},"author":4,"featured_media":0,"comment_status":"closed","ping_status":"open","sticky":false,"template":"","format":"standard","meta":{"_coblocks_attr":"","_coblocks_dimensions":"","_coblocks_responsive_height":"","_coblocks_accordion_ie_support":"","footnotes":""},"categories":[5],"tags":[],"class_list":["post-514","post","type-post","status-publish","format-standard","hentry","category-beitraege","no-featured-image-padding"],"_links":{"self":[{"href":"https:\/\/www.eberswalderturnerschaft.de\/home\/wp-json\/wp\/v2\/posts\/514","targetHints":{"allow":["GET"]}}],"collection":[{"href":"https:\/\/www.eberswalderturnerschaft.de\/home\/wp-json\/wp\/v2\/posts"}],"about":[{"href":"https:\/\/www.eberswalderturnerschaft.de\/home\/wp-json\/wp\/v2\/types\/post"}],"author":[{"embeddable":true,"href":"https:\/\/www.eberswalderturnerschaft.de\/home\/wp-json\/wp\/v2\/users\/4"}],"replies":[{"embeddable":true,"href":"https:\/\/www.eberswalderturnerschaft.de\/home\/wp-json\/wp\/v2\/comments?post=514"}],"version-history":[{"count":3,"href":"https:\/\/www.eberswalderturnerschaft.de\/home\/wp-json\/wp\/v2\/posts\/514\/revisions"}],"predecessor-version":[{"id":529,"href":"https:\/\/www.eberswalderturnerschaft.de\/home\/wp-json\/wp\/v2\/posts\/514\/revisions\/529"}],"wp:attachment":[{"href":"https:\/\/www.eberswalderturnerschaft.de\/home\/wp-json\/wp\/v2\/media?parent=514"}],"wp:term":[{"taxonomy":"category","embeddable":true,"href":"https:\/\/www.eberswalderturnerschaft.de\/home\/wp-json\/wp\/v2\/categories?post=514"},{"taxonomy":"post_tag","embeddable":true,"href":"https:\/\/www.eberswalderturnerschaft.de\/home\/wp-json\/wp\/v2\/tags?post=514"}],"curies":[{"name":"wp","href":"https:\/\/api.w.org\/{rel}","templated":true}]}}