{"id":377,"date":"2019-12-19T08:00:50","date_gmt":"2019-12-19T08:00:50","guid":{"rendered":"https:\/\/www.eberswalderturnerschaft.de\/home\/?p=377"},"modified":"2020-02-17T20:03:30","modified_gmt":"2020-02-17T20:03:30","slug":"4-ranglistenturnen-letzter-turnwettkampf-2019-im-sportkomplex-westend","status":"publish","type":"post","link":"https:\/\/www.eberswalderturnerschaft.de\/home\/4-ranglistenturnen-letzter-turnwettkampf-2019-im-sportkomplex-westend\/","title":{"rendered":"4. Ranglistenturnen: Letzter Turnwettkampf 2019 im Sportkomplex Westend"},"content":{"rendered":"<p style=\"text-align: left;\"><a href=\"https:\/\/www.eberswalderturnerschaft.de\/home\/wp-content\/uploads\/2020\/01\/1-Daniel-Wo\u0308he-Die-Teilnehmer-am-4.-Ranglistenturnen-2019.jpg\"><img loading=\"lazy\" decoding=\"async\" class=\"aligncenter wp-image-378 size-full\" src=\"https:\/\/www.eberswalderturnerschaft.de\/home\/wp-content\/uploads\/2020\/01\/1-Daniel-Wo\u0308he-Die-Teilnehmer-am-4.-Ranglistenturnen-2019.jpg\" alt=\"\" width=\"1280\" height=\"727\" srcset=\"https:\/\/www.eberswalderturnerschaft.de\/home\/wp-content\/uploads\/2020\/01\/1-Daniel-Wo\u0308he-Die-Teilnehmer-am-4.-Ranglistenturnen-2019.jpg 1280w, https:\/\/www.eberswalderturnerschaft.de\/home\/wp-content\/uploads\/2020\/01\/1-Daniel-Wo\u0308he-Die-Teilnehmer-am-4.-Ranglistenturnen-2019-600x341.jpg 600w, https:\/\/www.eberswalderturnerschaft.de\/home\/wp-content\/uploads\/2020\/01\/1-Daniel-Wo\u0308he-Die-Teilnehmer-am-4.-Ranglistenturnen-2019-300x170.jpg 300w, https:\/\/www.eberswalderturnerschaft.de\/home\/wp-content\/uploads\/2020\/01\/1-Daniel-Wo\u0308he-Die-Teilnehmer-am-4.-Ranglistenturnen-2019-1024x582.jpg 1024w, https:\/\/www.eberswalderturnerschaft.de\/home\/wp-content\/uploads\/2020\/01\/1-Daniel-Wo\u0308he-Die-Teilnehmer-am-4.-Ranglistenturnen-2019-768x436.jpg 768w\" sizes=\"auto, (max-width: 1280px) 100vw, 1280px\" \/><\/a><\/p>\n<hr \/>\n<p style=\"text-align: justify;\">Der traditionell letzte Wettkampf des Jahres startete diesmal mit dem Ger\u00e4t \u201eDankesch\u00f6n der Abteilung Turnen an Sponsoreneltern\u201c. Hier wurden <strong>Nicole<\/strong> und <strong>Daniel<\/strong> sowie <strong>Marianne<\/strong> und <strong>Klaus W\u00f6he<\/strong>, <strong>Katja D\u00f6rner<\/strong> und <strong>Marco Br\u00e4uning<\/strong> eine \u00f6ffentliche Anerkennung f\u00fcr ihre tolle Unterst\u00fctzung der Turnkinder zuteil. An die Wettkampfger\u00e4te gingen diesmal 30 Turnerinnen und 12 Turner und zeigten in unterschiedlichen Leistungsklassen ihr K\u00f6nnen.<\/p>\n<p>&nbsp;<\/p>\n<figure id=\"attachment_390\" aria-describedby=\"caption-attachment-390\" style=\"width: 590px\" class=\"wp-caption aligncenter\"><a href=\"https:\/\/www.eberswalderturnerschaft.de\/home\/wp-content\/uploads\/2019\/12\/11-Sylvia-Ehlers-Sponsorenehrung.jpg\"><img loading=\"lazy\" decoding=\"async\" class=\"wp-image-390\" src=\"https:\/\/www.eberswalderturnerschaft.de\/home\/wp-content\/uploads\/2019\/12\/11-Sylvia-Ehlers-Sponsorenehrung.jpg\" alt=\"\" width=\"600\" height=\"400\" srcset=\"https:\/\/www.eberswalderturnerschaft.de\/home\/wp-content\/uploads\/2019\/12\/11-Sylvia-Ehlers-Sponsorenehrung.jpg 1280w, https:\/\/www.eberswalderturnerschaft.de\/home\/wp-content\/uploads\/2019\/12\/11-Sylvia-Ehlers-Sponsorenehrung-600x400.jpg 600w, https:\/\/www.eberswalderturnerschaft.de\/home\/wp-content\/uploads\/2019\/12\/11-Sylvia-Ehlers-Sponsorenehrung-300x200.jpg 300w, https:\/\/www.eberswalderturnerschaft.de\/home\/wp-content\/uploads\/2019\/12\/11-Sylvia-Ehlers-Sponsorenehrung-1024x682.jpg 1024w, https:\/\/www.eberswalderturnerschaft.de\/home\/wp-content\/uploads\/2019\/12\/11-Sylvia-Ehlers-Sponsorenehrung-768x512.jpg 768w\" sizes=\"auto, (max-width: 600px) 100vw, 600px\" \/><\/a><figcaption id=\"caption-attachment-390\" class=\"wp-caption-text\">Sponsorenehrung &#8211; Bild von: Sylvia Ehlers<\/figcaption><\/figure>\n<p>&nbsp;<\/p>\n<p style=\"text-align: justify;\">In der anspruchsvollen LK 3, die momentan nur von f\u00fcnf Turnerinnen gemeistert wird, hatte <strong>Chiara Grohe<\/strong> die Nase vorn und gewann mit 48,50 Punkten, erk\u00e4mpft u.a. durch ihre souver\u00e4ne Sprungleistung von 13,1 Z\u00e4hlern.<br \/>\nIn der Leistungsklasse 4 der Jahrg\u00e4nge 2006-07 stand <strong>Lilli D\u00f6belin<\/strong> mit 44,45 Punkten auf dem Siegertreppchen. Auch ihr bestes Ger\u00e4t hie\u00df Sprung (11,3 Pkt.). Das war auch bei <strong>Irmela Weber<\/strong> (Jg. 2008\/09) so, sie erhielt 12,3 Punkte daf\u00fcr und wurde Jahrgangsbeste mit 47,15 Punkten.<br \/>\nIm Pflicht\u00fcbungsbereich der jahrgangsoffenen P-Stufen ab 2010 betr\u00e4gt die h\u00f6chstm\u00f6gliche Punktzahl 15 an einem Ger\u00e4t. <strong>Lotta Spann<\/strong> erturnte hier die Mehrkampfnote von 55,65 Punkten. Am Reck gl\u00fcckte ihr eine tolle \u00dcbung, von den Kampfrichtern mit sagenhaften 14,90 Punkten honoriert.<br \/>\nIm m\u00e4nnlichen Bereich in der LK 4 der Jahrg\u00e4nge 2001- 2009 k\u00e4mpfte <strong>Felix W\u00f6he<\/strong> gegen sich selbst und turnte einen starken Sechskampf. Er schaffte 59,00 Punkte und zeigte eine spitzenm\u00e4\u00dfige Barren\u00fcbung, die ihm 11,50 Punkte einbrachte<br \/>\n<strong>Felipe Br\u00e4uning<\/strong> turnte sich im P-Stufen \u2013 Bereich der Anf\u00e4nger mit 62,80 Punkten aufs Siegerpodest, sein bestes Ger\u00e4t waren die Ringe (11,60 Pkt.). Bei den Fortgeschrittenen der P-Stufe Jg. 2009 und j\u00fcnger ging <strong>Finn Lanowski<\/strong> als Sieger aus dem Wettkampf hervor mit einem Mehrkampfwert von 71,40 Z\u00e4hlern, der durch eine sehr gute 13- Punkte- Reck\u00fcbung manifestiert wurde.<\/p>\n<p>&nbsp;<\/p>\n<figure id=\"attachment_380\" aria-describedby=\"caption-attachment-380\" style=\"width: 590px\" class=\"wp-caption aligncenter\"><a href=\"https:\/\/www.eberswalderturnerschaft.de\/home\/wp-content\/uploads\/2020\/01\/3-Katharina-Muchow-Finn-Lanowski-am-Barren-.jpg\"><img loading=\"lazy\" decoding=\"async\" class=\"wp-image-380\" src=\"https:\/\/www.eberswalderturnerschaft.de\/home\/wp-content\/uploads\/2020\/01\/3-Katharina-Muchow-Finn-Lanowski-am-Barren-.jpg\" alt=\"\" width=\"600\" height=\"400\" srcset=\"https:\/\/www.eberswalderturnerschaft.de\/home\/wp-content\/uploads\/2020\/01\/3-Katharina-Muchow-Finn-Lanowski-am-Barren-.jpg 1280w, https:\/\/www.eberswalderturnerschaft.de\/home\/wp-content\/uploads\/2020\/01\/3-Katharina-Muchow-Finn-Lanowski-am-Barren--600x400.jpg 600w, https:\/\/www.eberswalderturnerschaft.de\/home\/wp-content\/uploads\/2020\/01\/3-Katharina-Muchow-Finn-Lanowski-am-Barren--300x200.jpg 300w, https:\/\/www.eberswalderturnerschaft.de\/home\/wp-content\/uploads\/2020\/01\/3-Katharina-Muchow-Finn-Lanowski-am-Barren--1024x682.jpg 1024w, https:\/\/www.eberswalderturnerschaft.de\/home\/wp-content\/uploads\/2020\/01\/3-Katharina-Muchow-Finn-Lanowski-am-Barren--768x512.jpg 768w\" sizes=\"auto, (max-width: 600px) 100vw, 600px\" \/><\/a><figcaption id=\"caption-attachment-380\" class=\"wp-caption-text\">Finn Lanowski am Barren &#8211; Bild von: Katharina Muchow<\/figcaption><\/figure>\n<p>&nbsp;<\/p>\n<p style=\"text-align: justify;\">Der Weihnachtsmann hatte f\u00fcr alle Kinder eine \u00dcberraschung in Form eines Turnkalenders vorbereitet und auch die Eltern bedankten sich bei allen Trainern und \u00dcbungsleitern dieser Wettkampfklassen f\u00fcr ihre geleistete Arbeit mit einem Pr\u00e4sent.<\/p>\n<p>&nbsp;<\/p>\n<p>Die vollst\u00e4ndigen Ergebnisse k\u00f6nnen Sie hier nachlesen: <a href=\"https:\/\/www.eberswalderturnerschaft.de\/home\/wp-content\/uploads\/2019\/12\/Auswertung12122019.pdf\">Ergebnisse 4. RLT<\/a>.<\/p>\n<hr \/>\n<figure id=\"attachment_386\" aria-describedby=\"caption-attachment-386\" style=\"width: 590px\" class=\"wp-caption aligncenter\"><a href=\"https:\/\/www.eberswalderturnerschaft.de\/home\/wp-content\/uploads\/2020\/01\/10-Daniel-Wo\u0308he-Siegerehrung-P-Stufe-Fortgeschrittene-2009-und-ju\u0308nger.jpg\"><img loading=\"lazy\" decoding=\"async\" class=\"wp-image-386\" src=\"https:\/\/www.eberswalderturnerschaft.de\/home\/wp-content\/uploads\/2020\/01\/10-Daniel-Wo\u0308he-Siegerehrung-P-Stufe-Fortgeschrittene-2009-und-ju\u0308nger.jpg\" alt=\"\" width=\"600\" height=\"312\" srcset=\"https:\/\/www.eberswalderturnerschaft.de\/home\/wp-content\/uploads\/2020\/01\/10-Daniel-Wo\u0308he-Siegerehrung-P-Stufe-Fortgeschrittene-2009-und-ju\u0308nger.jpg 1280w, https:\/\/www.eberswalderturnerschaft.de\/home\/wp-content\/uploads\/2020\/01\/10-Daniel-Wo\u0308he-Siegerehrung-P-Stufe-Fortgeschrittene-2009-und-ju\u0308nger-600x312.jpg 600w, https:\/\/www.eberswalderturnerschaft.de\/home\/wp-content\/uploads\/2020\/01\/10-Daniel-Wo\u0308he-Siegerehrung-P-Stufe-Fortgeschrittene-2009-und-ju\u0308nger-300x156.jpg 300w, https:\/\/www.eberswalderturnerschaft.de\/home\/wp-content\/uploads\/2020\/01\/10-Daniel-Wo\u0308he-Siegerehrung-P-Stufe-Fortgeschrittene-2009-und-ju\u0308nger-1024x532.jpg 1024w, https:\/\/www.eberswalderturnerschaft.de\/home\/wp-content\/uploads\/2020\/01\/10-Daniel-Wo\u0308he-Siegerehrung-P-Stufe-Fortgeschrittene-2009-und-ju\u0308nger-768x399.jpg 768w\" sizes=\"auto, (max-width: 600px) 100vw, 600px\" \/><\/a><figcaption id=\"caption-attachment-386\" class=\"wp-caption-text\">Siegerehrung P-Stufe Fortgeschrittene 2009 und ju\u0308nger &#8211; Bild von: Daniel W\u00f6he<\/figcaption><\/figure>\n<p>&nbsp;<\/p>\n<figure id=\"attachment_385\" aria-describedby=\"caption-attachment-385\" style=\"width: 590px\" class=\"wp-caption aligncenter\"><a href=\"https:\/\/www.eberswalderturnerschaft.de\/home\/wp-content\/uploads\/2020\/01\/9-Daniel-Wo\u0308he-Siegerehrung-P-Stufe-Anfa\u0308nger.jpg\"><img loading=\"lazy\" decoding=\"async\" class=\"wp-image-385\" src=\"https:\/\/www.eberswalderturnerschaft.de\/home\/wp-content\/uploads\/2020\/01\/9-Daniel-Wo\u0308he-Siegerehrung-P-Stufe-Anfa\u0308nger.jpg\" alt=\"\" width=\"600\" height=\"325\" srcset=\"https:\/\/www.eberswalderturnerschaft.de\/home\/wp-content\/uploads\/2020\/01\/9-Daniel-Wo\u0308he-Siegerehrung-P-Stufe-Anfa\u0308nger.jpg 1280w, https:\/\/www.eberswalderturnerschaft.de\/home\/wp-content\/uploads\/2020\/01\/9-Daniel-Wo\u0308he-Siegerehrung-P-Stufe-Anfa\u0308nger-600x325.jpg 600w, https:\/\/www.eberswalderturnerschaft.de\/home\/wp-content\/uploads\/2020\/01\/9-Daniel-Wo\u0308he-Siegerehrung-P-Stufe-Anfa\u0308nger-300x163.jpg 300w, https:\/\/www.eberswalderturnerschaft.de\/home\/wp-content\/uploads\/2020\/01\/9-Daniel-Wo\u0308he-Siegerehrung-P-Stufe-Anfa\u0308nger-1024x555.jpg 1024w, https:\/\/www.eberswalderturnerschaft.de\/home\/wp-content\/uploads\/2020\/01\/9-Daniel-Wo\u0308he-Siegerehrung-P-Stufe-Anfa\u0308nger-768x416.jpg 768w\" sizes=\"auto, (max-width: 600px) 100vw, 600px\" \/><\/a><figcaption id=\"caption-attachment-385\" class=\"wp-caption-text\">Siegerehrung P-Stufe Anfa\u0308nger &#8211; Bild von: Daniel W\u00f6he<\/figcaption><\/figure>\n<p>&nbsp;<\/p>\n<figure id=\"attachment_384\" aria-describedby=\"caption-attachment-384\" style=\"width: 590px\" class=\"wp-caption aligncenter\"><a href=\"https:\/\/www.eberswalderturnerschaft.de\/home\/wp-content\/uploads\/2020\/01\/8-Daniel-Wo\u0308he-Siegerehrung-P-Stufe-w-2010-jahrgangsoffen.jpg\"><img loading=\"lazy\" decoding=\"async\" class=\"wp-image-384\" src=\"https:\/\/www.eberswalderturnerschaft.de\/home\/wp-content\/uploads\/2020\/01\/8-Daniel-Wo\u0308he-Siegerehrung-P-Stufe-w-2010-jahrgangsoffen.jpg\" alt=\"\" width=\"600\" height=\"335\" srcset=\"https:\/\/www.eberswalderturnerschaft.de\/home\/wp-content\/uploads\/2020\/01\/8-Daniel-Wo\u0308he-Siegerehrung-P-Stufe-w-2010-jahrgangsoffen.jpg 1280w, https:\/\/www.eberswalderturnerschaft.de\/home\/wp-content\/uploads\/2020\/01\/8-Daniel-Wo\u0308he-Siegerehrung-P-Stufe-w-2010-jahrgangsoffen-600x335.jpg 600w, https:\/\/www.eberswalderturnerschaft.de\/home\/wp-content\/uploads\/2020\/01\/8-Daniel-Wo\u0308he-Siegerehrung-P-Stufe-w-2010-jahrgangsoffen-300x167.jpg 300w, https:\/\/www.eberswalderturnerschaft.de\/home\/wp-content\/uploads\/2020\/01\/8-Daniel-Wo\u0308he-Siegerehrung-P-Stufe-w-2010-jahrgangsoffen-1024x571.jpg 1024w, https:\/\/www.eberswalderturnerschaft.de\/home\/wp-content\/uploads\/2020\/01\/8-Daniel-Wo\u0308he-Siegerehrung-P-Stufe-w-2010-jahrgangsoffen-768x428.jpg 768w\" sizes=\"auto, (max-width: 600px) 100vw, 600px\" \/><\/a><figcaption id=\"caption-attachment-384\" class=\"wp-caption-text\">Siegerehrung P-Stufe w 2010 jahrgangsoffen &#8211; Bild von: Daniel W\u00f6he<\/figcaption><\/figure>\n<p>&nbsp;<\/p>\n<figure id=\"attachment_383\" aria-describedby=\"caption-attachment-383\" style=\"width: 590px\" class=\"wp-caption aligncenter\"><a href=\"https:\/\/www.eberswalderturnerschaft.de\/home\/wp-content\/uploads\/2020\/01\/7-Daniel-Wo\u0308he-Siegerehrung-LK-4-w-2008-und-ju\u0308nger.jpg\"><img loading=\"lazy\" decoding=\"async\" class=\"wp-image-383\" src=\"https:\/\/www.eberswalderturnerschaft.de\/home\/wp-content\/uploads\/2020\/01\/7-Daniel-Wo\u0308he-Siegerehrung-LK-4-w-2008-und-ju\u0308nger.jpg\" alt=\"\" width=\"600\" height=\"353\" srcset=\"https:\/\/www.eberswalderturnerschaft.de\/home\/wp-content\/uploads\/2020\/01\/7-Daniel-Wo\u0308he-Siegerehrung-LK-4-w-2008-und-ju\u0308nger.jpg 1280w, https:\/\/www.eberswalderturnerschaft.de\/home\/wp-content\/uploads\/2020\/01\/7-Daniel-Wo\u0308he-Siegerehrung-LK-4-w-2008-und-ju\u0308nger-600x353.jpg 600w, https:\/\/www.eberswalderturnerschaft.de\/home\/wp-content\/uploads\/2020\/01\/7-Daniel-Wo\u0308he-Siegerehrung-LK-4-w-2008-und-ju\u0308nger-300x176.jpg 300w, https:\/\/www.eberswalderturnerschaft.de\/home\/wp-content\/uploads\/2020\/01\/7-Daniel-Wo\u0308he-Siegerehrung-LK-4-w-2008-und-ju\u0308nger-1024x602.jpg 1024w, https:\/\/www.eberswalderturnerschaft.de\/home\/wp-content\/uploads\/2020\/01\/7-Daniel-Wo\u0308he-Siegerehrung-LK-4-w-2008-und-ju\u0308nger-768x451.jpg 768w\" sizes=\"auto, (max-width: 600px) 100vw, 600px\" \/><\/a><figcaption id=\"caption-attachment-383\" class=\"wp-caption-text\">Siegerehrung LK 4 w 2008 und ju\u0308nger &#8211; Bild von: Daniel W\u00f6he<\/figcaption><\/figure>\n<p>&nbsp;<\/p>\n<figure id=\"attachment_382\" aria-describedby=\"caption-attachment-382\" style=\"width: 590px\" class=\"wp-caption aligncenter\"><a href=\"https:\/\/www.eberswalderturnerschaft.de\/home\/wp-content\/uploads\/2020\/01\/6-Daniel-Wo\u0308he-Siegerehrung-LK-4-w-2006-07.jpg\"><img loading=\"lazy\" decoding=\"async\" class=\"wp-image-382\" src=\"https:\/\/www.eberswalderturnerschaft.de\/home\/wp-content\/uploads\/2020\/01\/6-Daniel-Wo\u0308he-Siegerehrung-LK-4-w-2006-07.jpg\" alt=\"\" width=\"600\" height=\"366\" srcset=\"https:\/\/www.eberswalderturnerschaft.de\/home\/wp-content\/uploads\/2020\/01\/6-Daniel-Wo\u0308he-Siegerehrung-LK-4-w-2006-07.jpg 1280w, https:\/\/www.eberswalderturnerschaft.de\/home\/wp-content\/uploads\/2020\/01\/6-Daniel-Wo\u0308he-Siegerehrung-LK-4-w-2006-07-600x366.jpg 600w, https:\/\/www.eberswalderturnerschaft.de\/home\/wp-content\/uploads\/2020\/01\/6-Daniel-Wo\u0308he-Siegerehrung-LK-4-w-2006-07-300x183.jpg 300w, https:\/\/www.eberswalderturnerschaft.de\/home\/wp-content\/uploads\/2020\/01\/6-Daniel-Wo\u0308he-Siegerehrung-LK-4-w-2006-07-1024x624.jpg 1024w, https:\/\/www.eberswalderturnerschaft.de\/home\/wp-content\/uploads\/2020\/01\/6-Daniel-Wo\u0308he-Siegerehrung-LK-4-w-2006-07-768x468.jpg 768w\" sizes=\"auto, (max-width: 600px) 100vw, 600px\" \/><\/a><figcaption id=\"caption-attachment-382\" class=\"wp-caption-text\">Siegerehrung LK 4 w 2006-07 &#8211; Bild von: Daniel W\u00f6he<\/figcaption><\/figure>\n<p>&nbsp;<\/p>\n<figure id=\"attachment_381\" aria-describedby=\"caption-attachment-381\" style=\"width: 590px\" class=\"wp-caption aligncenter\"><a href=\"https:\/\/www.eberswalderturnerschaft.de\/home\/wp-content\/uploads\/2020\/01\/4-Daniel-Wo\u0308he-Siegerehrung-LK-3-w.jpg\"><img loading=\"lazy\" decoding=\"async\" class=\"wp-image-381\" src=\"https:\/\/www.eberswalderturnerschaft.de\/home\/wp-content\/uploads\/2020\/01\/4-Daniel-Wo\u0308he-Siegerehrung-LK-3-w.jpg\" alt=\"\" width=\"600\" height=\"336\" srcset=\"https:\/\/www.eberswalderturnerschaft.de\/home\/wp-content\/uploads\/2020\/01\/4-Daniel-Wo\u0308he-Siegerehrung-LK-3-w.jpg 1280w, https:\/\/www.eberswalderturnerschaft.de\/home\/wp-content\/uploads\/2020\/01\/4-Daniel-Wo\u0308he-Siegerehrung-LK-3-w-600x336.jpg 600w, https:\/\/www.eberswalderturnerschaft.de\/home\/wp-content\/uploads\/2020\/01\/4-Daniel-Wo\u0308he-Siegerehrung-LK-3-w-300x168.jpg 300w, https:\/\/www.eberswalderturnerschaft.de\/home\/wp-content\/uploads\/2020\/01\/4-Daniel-Wo\u0308he-Siegerehrung-LK-3-w-1024x574.jpg 1024w, https:\/\/www.eberswalderturnerschaft.de\/home\/wp-content\/uploads\/2020\/01\/4-Daniel-Wo\u0308he-Siegerehrung-LK-3-w-768x430.jpg 768w\" sizes=\"auto, (max-width: 600px) 100vw, 600px\" \/><\/a><figcaption id=\"caption-attachment-381\" class=\"wp-caption-text\">Siegerehrung LK 3 w &#8211; Bild von: Daniel W\u00f6he<\/figcaption><\/figure>\n<p>&nbsp;<\/p>\n","protected":false},"excerpt":{"rendered":"<p>Der traditionell letzte Wettkampf des Jahres startete diesmal mit dem Ger\u00e4t \u201eDankesch\u00f6n der Abteilung Turnen an Sponsoreneltern\u201c. Hier wurden Nicole und Daniel sowie Marianne und Klaus W\u00f6he, Katja D\u00f6rner und Marco Br\u00e4uning eine \u00f6ffentliche Anerkennung f\u00fcr ihre tolle Unterst\u00fctzung der Turnkinder zuteil. An die Wettkampfger\u00e4te gingen diesmal 30 Turnerinnen und 12 Turner und zeigten in &#8230; <a title=\"4. Ranglistenturnen: Letzter Turnwettkampf 2019 im Sportkomplex Westend\" class=\"read-more\" href=\"https:\/\/www.eberswalderturnerschaft.de\/home\/4-ranglistenturnen-letzter-turnwettkampf-2019-im-sportkomplex-westend\/\" aria-label=\"Mehr bei 4. Ranglistenturnen: Letzter Turnwettkampf 2019 im Sportkomplex Westend\">Read more<\/a><\/p>\n","protected":false},"author":4,"featured_media":0,"comment_status":"closed","ping_status":"open","sticky":false,"template":"","format":"standard","meta":{"_coblocks_attr":"","_coblocks_dimensions":"","_coblocks_responsive_height":"","_coblocks_accordion_ie_support":"","footnotes":""},"categories":[5],"tags":[],"class_list":["post-377","post","type-post","status-publish","format-standard","hentry","category-beitraege","no-featured-image-padding"],"_links":{"self":[{"href":"https:\/\/www.eberswalderturnerschaft.de\/home\/wp-json\/wp\/v2\/posts\/377","targetHints":{"allow":["GET"]}}],"collection":[{"href":"https:\/\/www.eberswalderturnerschaft.de\/home\/wp-json\/wp\/v2\/posts"}],"about":[{"href":"https:\/\/www.eberswalderturnerschaft.de\/home\/wp-json\/wp\/v2\/types\/post"}],"author":[{"embeddable":true,"href":"https:\/\/www.eberswalderturnerschaft.de\/home\/wp-json\/wp\/v2\/users\/4"}],"replies":[{"embeddable":true,"href":"https:\/\/www.eberswalderturnerschaft.de\/home\/wp-json\/wp\/v2\/comments?post=377"}],"version-history":[{"count":5,"href":"https:\/\/www.eberswalderturnerschaft.de\/home\/wp-json\/wp\/v2\/posts\/377\/revisions"}],"predecessor-version":[{"id":394,"href":"https:\/\/www.eberswalderturnerschaft.de\/home\/wp-json\/wp\/v2\/posts\/377\/revisions\/394"}],"wp:attachment":[{"href":"https:\/\/www.eberswalderturnerschaft.de\/home\/wp-json\/wp\/v2\/media?parent=377"}],"wp:term":[{"taxonomy":"category","embeddable":true,"href":"https:\/\/www.eberswalderturnerschaft.de\/home\/wp-json\/wp\/v2\/categories?post=377"},{"taxonomy":"post_tag","embeddable":true,"href":"https:\/\/www.eberswalderturnerschaft.de\/home\/wp-json\/wp\/v2\/tags?post=377"}],"curies":[{"name":"wp","href":"https:\/\/api.w.org\/{rel}","templated":true}]}}