{"id":372,"date":"2019-12-11T08:00:36","date_gmt":"2019-12-11T08:00:36","guid":{"rendered":"https:\/\/www.eberswalderturnerschaft.de\/home\/?p=372"},"modified":"2020-01-30T09:06:20","modified_gmt":"2020-01-30T09:06:20","slug":"nikolaus-packt-den-turn-sack-aus","status":"publish","type":"post","link":"https:\/\/www.eberswalderturnerschaft.de\/home\/nikolaus-packt-den-turn-sack-aus\/","title":{"rendered":"Nikolaus packt den Turn-Sack aus &#8230;"},"content":{"rendered":"<p style=\"text-align: justify;\">Die Jugendlichen und Erwachsenen der Eberswalder Turnerschaft bereiten sich j\u00e4hrlich in kreativer Art auf das Weihnachtsfest vor und treffen sich verkleidet zum lustigen Wettkampf der anderen Art mit anschlie\u00dfender gemeinsamer Adventsfeier. Diesmal warteten Nadine Schwarz, Lydia Graupe und Annekatrin Petzold als Organisationsteam mit verr\u00fcckten Ideen auf.<\/p>\n<p>&nbsp;<\/p>\n<figure id=\"attachment_373\" aria-describedby=\"caption-attachment-373\" style=\"width: 617px\" class=\"wp-caption aligncenter\"><a href=\"https:\/\/www.eberswalderturnerschaft.de\/home\/wp-content\/uploads\/2020\/01\/1-Alexander-Heller-Die-Weihnachtsturnerschaft.jpg\"><img loading=\"lazy\" decoding=\"async\" class=\"wp-image-373 \" src=\"https:\/\/www.eberswalderturnerschaft.de\/home\/wp-content\/uploads\/2020\/01\/1-Alexander-Heller-Die-Weihnachtsturnerschaft.jpg\" alt=\"\" width=\"627\" height=\"421\" srcset=\"https:\/\/www.eberswalderturnerschaft.de\/home\/wp-content\/uploads\/2020\/01\/1-Alexander-Heller-Die-Weihnachtsturnerschaft.jpg 1280w, https:\/\/www.eberswalderturnerschaft.de\/home\/wp-content\/uploads\/2020\/01\/1-Alexander-Heller-Die-Weihnachtsturnerschaft-600x403.jpg 600w, https:\/\/www.eberswalderturnerschaft.de\/home\/wp-content\/uploads\/2020\/01\/1-Alexander-Heller-Die-Weihnachtsturnerschaft-300x202.jpg 300w, https:\/\/www.eberswalderturnerschaft.de\/home\/wp-content\/uploads\/2020\/01\/1-Alexander-Heller-Die-Weihnachtsturnerschaft-1024x688.jpg 1024w, https:\/\/www.eberswalderturnerschaft.de\/home\/wp-content\/uploads\/2020\/01\/1-Alexander-Heller-Die-Weihnachtsturnerschaft-768x516.jpg 768w\" sizes=\"auto, (max-width: 627px) 100vw, 627px\" \/><\/a><figcaption id=\"caption-attachment-373\" class=\"wp-caption-text\">Die Weihnachtsturnerschaft &#8211; Bild von: Alexander Heller<\/figcaption><\/figure>\n<p>&nbsp;<\/p>\n<figure id=\"attachment_374\" aria-describedby=\"caption-attachment-374\" style=\"width: 160px\" class=\"wp-caption alignleft\"><a href=\"https:\/\/www.eberswalderturnerschaft.de\/home\/wp-content\/uploads\/2020\/01\/7-A.-Trautmann-Abgefahren-Tini-und-Rudi-Trautmann.jpg\"><img loading=\"lazy\" decoding=\"async\" class=\"wp-image-374\" src=\"https:\/\/www.eberswalderturnerschaft.de\/home\/wp-content\/uploads\/2020\/01\/7-A.-Trautmann-Abgefahren-Tini-und-Rudi-Trautmann.jpg\" alt=\"\" width=\"170\" height=\"227\" srcset=\"https:\/\/www.eberswalderturnerschaft.de\/home\/wp-content\/uploads\/2020\/01\/7-A.-Trautmann-Abgefahren-Tini-und-Rudi-Trautmann.jpg 768w, https:\/\/www.eberswalderturnerschaft.de\/home\/wp-content\/uploads\/2020\/01\/7-A.-Trautmann-Abgefahren-Tini-und-Rudi-Trautmann-600x800.jpg 600w, https:\/\/www.eberswalderturnerschaft.de\/home\/wp-content\/uploads\/2020\/01\/7-A.-Trautmann-Abgefahren-Tini-und-Rudi-Trautmann-225x300.jpg 225w\" sizes=\"auto, (max-width: 170px) 100vw, 170px\" \/><\/a><figcaption id=\"caption-attachment-374\" class=\"wp-caption-text\">Abgefahren: Tini und Rudi Trautmann &#8211; Bild von: A. Trautmann<\/figcaption><\/figure>\n<p>&nbsp;<\/p>\n<p style=\"text-align: justify;\">Es wurden zwei Mannschaften gebildet, die an verschiedenen Stationen gegeneinander antraten. Eine Auswahl beturnte das Minitramp und den Parallelbarren, am Schwebebalken galt es f\u00fcr alle, eine Mullbinde so rasch wie m\u00f6glich auf- und abzuwickeln und die anspruchsvollste Aufgabe hie\u00df: \u201eIch packe meine Boden\u00fcbung.\u201c Der Erste begann mit einem Element, welches der N\u00e4chste zuerst nachturnen und ein weiteres hinzuf\u00fcgen musste. F\u00fcr den Schlussturner entwickelte sich dieses Prozedere zur anspruchsvollen Ged\u00e4chtnis- und Turnleistung. Am meisten wurden dabei aber die Lachmuskeln strapaziert und dem Kampfgericht fiel es bei diesem Klamauk nicht immer leicht, die Punktwertung m\u00f6glichst emotionslos vorzunehmen.<\/p>\n<p style=\"text-align: justify;\">\n<p>&nbsp;<\/p>\n<figure id=\"attachment_375\" aria-describedby=\"caption-attachment-375\" style=\"width: 298px\" class=\"wp-caption alignright\"><a href=\"https:\/\/www.eberswalderturnerschaft.de\/home\/wp-content\/uploads\/2020\/01\/5-Alexander-Heller-Der-Nikolaus-perso\u0308nlich-am-Barren-Rudi-Radecke-mit-86-Jahren-als-a\u0308ltester-Teilnehmer.jpg\"><img loading=\"lazy\" decoding=\"async\" class=\"wp-image-375\" src=\"https:\/\/www.eberswalderturnerschaft.de\/home\/wp-content\/uploads\/2020\/01\/5-Alexander-Heller-Der-Nikolaus-perso\u0308nlich-am-Barren-Rudi-Radecke-mit-86-Jahren-als-a\u0308ltester-Teilnehmer.jpg\" alt=\"\" width=\"308\" height=\"205\" srcset=\"https:\/\/www.eberswalderturnerschaft.de\/home\/wp-content\/uploads\/2020\/01\/5-Alexander-Heller-Der-Nikolaus-perso\u0308nlich-am-Barren-Rudi-Radecke-mit-86-Jahren-als-a\u0308ltester-Teilnehmer.jpg 1280w, https:\/\/www.eberswalderturnerschaft.de\/home\/wp-content\/uploads\/2020\/01\/5-Alexander-Heller-Der-Nikolaus-perso\u0308nlich-am-Barren-Rudi-Radecke-mit-86-Jahren-als-a\u0308ltester-Teilnehmer-600x400.jpg 600w, https:\/\/www.eberswalderturnerschaft.de\/home\/wp-content\/uploads\/2020\/01\/5-Alexander-Heller-Der-Nikolaus-perso\u0308nlich-am-Barren-Rudi-Radecke-mit-86-Jahren-als-a\u0308ltester-Teilnehmer-300x200.jpg 300w, https:\/\/www.eberswalderturnerschaft.de\/home\/wp-content\/uploads\/2020\/01\/5-Alexander-Heller-Der-Nikolaus-perso\u0308nlich-am-Barren-Rudi-Radecke-mit-86-Jahren-als-a\u0308ltester-Teilnehmer-1024x682.jpg 1024w, https:\/\/www.eberswalderturnerschaft.de\/home\/wp-content\/uploads\/2020\/01\/5-Alexander-Heller-Der-Nikolaus-perso\u0308nlich-am-Barren-Rudi-Radecke-mit-86-Jahren-als-a\u0308ltester-Teilnehmer-768x512.jpg 768w\" sizes=\"auto, (max-width: 308px) 100vw, 308px\" \/><\/a><figcaption id=\"caption-attachment-375\" class=\"wp-caption-text\">Der Nikolaus pers\u00f6nlich am Barren: Rudi Radecke mit 86 Jahren als \u00e4ltester Teilnehmer &#8211; Bild von: Alexander Heller<\/figcaption><\/figure>\n<p style=\"text-align: justify;\">Bei der anschlie\u00dfenden fr\u00f6hlichen Nikolausparty im \u201eBernhard-Hensch-Haus\u201c gab es erst einmal das wohlverdiente leckere Buffet von \u201eOmas Speisekammer\u201c aus Lichterfelde, dann die Siegerehrung f\u00fcr das lustige V\u00f6lkchen und beim Abrocken zur Musik von DJ Alex konnte sich jeder noch einmal so richtig austoben.<\/p>\n","protected":false},"excerpt":{"rendered":"<p>Die Jugendlichen und Erwachsenen der Eberswalder Turnerschaft bereiten sich j\u00e4hrlich in kreativer Art auf das Weihnachtsfest vor und treffen sich verkleidet zum lustigen Wettkampf der anderen Art mit anschlie\u00dfender gemeinsamer Adventsfeier. Diesmal warteten Nadine Schwarz, Lydia Graupe und Annekatrin Petzold als Organisationsteam mit verr\u00fcckten Ideen auf. &nbsp; &nbsp; &nbsp; Es wurden zwei Mannschaften gebildet, die &#8230; <a title=\"Nikolaus packt den Turn-Sack aus &#8230;\" class=\"read-more\" href=\"https:\/\/www.eberswalderturnerschaft.de\/home\/nikolaus-packt-den-turn-sack-aus\/\" aria-label=\"Mehr bei Nikolaus packt den Turn-Sack aus &#8230;\">Read more<\/a><\/p>\n","protected":false},"author":4,"featured_media":0,"comment_status":"closed","ping_status":"open","sticky":false,"template":"","format":"standard","meta":{"_coblocks_attr":"","_coblocks_dimensions":"","_coblocks_responsive_height":"","_coblocks_accordion_ie_support":"","footnotes":""},"categories":[5],"tags":[],"class_list":["post-372","post","type-post","status-publish","format-standard","hentry","category-beitraege","no-featured-image-padding"],"_links":{"self":[{"href":"https:\/\/www.eberswalderturnerschaft.de\/home\/wp-json\/wp\/v2\/posts\/372","targetHints":{"allow":["GET"]}}],"collection":[{"href":"https:\/\/www.eberswalderturnerschaft.de\/home\/wp-json\/wp\/v2\/posts"}],"about":[{"href":"https:\/\/www.eberswalderturnerschaft.de\/home\/wp-json\/wp\/v2\/types\/post"}],"author":[{"embeddable":true,"href":"https:\/\/www.eberswalderturnerschaft.de\/home\/wp-json\/wp\/v2\/users\/4"}],"replies":[{"embeddable":true,"href":"https:\/\/www.eberswalderturnerschaft.de\/home\/wp-json\/wp\/v2\/comments?post=372"}],"version-history":[{"count":1,"href":"https:\/\/www.eberswalderturnerschaft.de\/home\/wp-json\/wp\/v2\/posts\/372\/revisions"}],"predecessor-version":[{"id":376,"href":"https:\/\/www.eberswalderturnerschaft.de\/home\/wp-json\/wp\/v2\/posts\/372\/revisions\/376"}],"wp:attachment":[{"href":"https:\/\/www.eberswalderturnerschaft.de\/home\/wp-json\/wp\/v2\/media?parent=372"}],"wp:term":[{"taxonomy":"category","embeddable":true,"href":"https:\/\/www.eberswalderturnerschaft.de\/home\/wp-json\/wp\/v2\/categories?post=372"},{"taxonomy":"post_tag","embeddable":true,"href":"https:\/\/www.eberswalderturnerschaft.de\/home\/wp-json\/wp\/v2\/tags?post=372"}],"curies":[{"name":"wp","href":"https:\/\/api.w.org\/{rel}","templated":true}]}}