{"id":348,"date":"2019-11-27T08:13:21","date_gmt":"2019-11-27T08:13:21","guid":{"rendered":"https:\/\/www.eberswalderturnerschaft.de\/home\/?p=348"},"modified":"2019-12-04T16:37:34","modified_gmt":"2019-12-04T16:37:34","slug":"wechselbad-der-turnemotionen-beim-56-oranienburger-pokalturnen-2","status":"publish","type":"post","link":"https:\/\/www.eberswalderturnerschaft.de\/home\/wechselbad-der-turnemotionen-beim-56-oranienburger-pokalturnen-2\/","title":{"rendered":"Wechselbad der Turnemotionen beim 56. Oranienburger Pokalturnen"},"content":{"rendered":"<h3><span style=\"color: #333333;\">Abstieg der M\u00e4nner aus dem \u201eGro\u00dfen Pokal\u201c, Klassenerhalt bei den Frauen im \u201eKleinen Pokal\u201c und Sieg von Nadine Schwarz in der Einzelwertung<\/span><\/h3>\n<p style=\"text-align: justify;\">Traditionell fanden in Oranienburg zum 56. Mal die j\u00e4hrlich ausgetragenen Pokalwettk\u00e4mpfe der Jugend und Erwachsenen im Ger\u00e4tturnen statt. Schon an der hohen Teilnehmerzahl von \u00fcber 30 Mannschaften aus 5 Bundesl\u00e4ndern kann man erkennen, wie viel Anklang dieser Wettstreit um die hei\u00df begehrten Troph\u00e4en findet. F\u00fcr Au\u00dfenstehende ist zu erkl\u00e4ren, dass im m\u00e4nnlichen Bereich in zwei, bei den Damen wegen der hohen Teilnehmerzahlen sogar in drei Pokalklassen, geturnt wird. Da gibt es den Einsteiger-, den Kleinen- und den Gro\u00dfen Pokal, wobei sich die zwei besten Mannschaften immer f\u00fcr die n\u00e4chst h\u00f6here Pokalklasse qualifizieren und die beiden letzten absteigen. Im weiblichen Bereich gibt es in diesem Jahr sogar drei Auf- und Absteiger.<\/p>\n<figure id=\"attachment_350\" aria-describedby=\"caption-attachment-350\" style=\"width: 298px\" class=\"wp-caption alignright\"><a href=\"https:\/\/www.eberswalderturnerschaft.de\/home\/wp-content\/uploads\/2019\/11\/2-Alexander-Heller-Das-Starterteam-der-Ma\u0308nner-im-Gro\u00dfen-Pokal-1-1.jpg\"><img loading=\"lazy\" decoding=\"async\" class=\"wp-image-350\" src=\"https:\/\/www.eberswalderturnerschaft.de\/home\/wp-content\/uploads\/2019\/11\/2-Alexander-Heller-Das-Starterteam-der-Ma\u0308nner-im-Gro\u00dfen-Pokal-1-1-1024x682.jpg\" alt=\"\" width=\"308\" height=\"205\" srcset=\"https:\/\/www.eberswalderturnerschaft.de\/home\/wp-content\/uploads\/2019\/11\/2-Alexander-Heller-Das-Starterteam-der-Ma\u0308nner-im-Gro\u00dfen-Pokal-1-1-1024x682.jpg 1024w, https:\/\/www.eberswalderturnerschaft.de\/home\/wp-content\/uploads\/2019\/11\/2-Alexander-Heller-Das-Starterteam-der-Ma\u0308nner-im-Gro\u00dfen-Pokal-1-1-600x400.jpg 600w, https:\/\/www.eberswalderturnerschaft.de\/home\/wp-content\/uploads\/2019\/11\/2-Alexander-Heller-Das-Starterteam-der-Ma\u0308nner-im-Gro\u00dfen-Pokal-1-1-300x200.jpg 300w, https:\/\/www.eberswalderturnerschaft.de\/home\/wp-content\/uploads\/2019\/11\/2-Alexander-Heller-Das-Starterteam-der-Ma\u0308nner-im-Gro\u00dfen-Pokal-1-1-768x512.jpg 768w, https:\/\/www.eberswalderturnerschaft.de\/home\/wp-content\/uploads\/2019\/11\/2-Alexander-Heller-Das-Starterteam-der-Ma\u0308nner-im-Gro\u00dfen-Pokal-1-1.jpg 1280w\" sizes=\"auto, (max-width: 308px) 100vw, 308px\" \/><\/a><figcaption id=\"caption-attachment-350\" class=\"wp-caption-text\"><em>Das Starterteam der M\u00e4nner. Foto: Alexander Heller<\/em><\/figcaption><\/figure>\n<p style=\"text-align: justify;\">Die M\u00e4nnermannschaft des SV Motor Eberswalde e.V. startete im \u201e<em>Gro\u00dfen Pokal<\/em>\u201c und wusste aber schon vorher, dass aufgrund des derzeitigen Turnkaders die Chancen gegen die fast \u00fcberm\u00e4chtigen Gegner aus Potsdam und Berlin nicht besonders g\u00fcnstig stehen, um den Pokalerhalt zu schaffen. Und so turnten <strong>Henri Durke, Axel Irrling, Ulf Reimann, Benjamin Rothe,<\/strong> verst\u00e4rkt durch die Gaststarter <strong>Dirk Berger<\/strong> (Burgst\u00e4dt) und <strong>Kai Fichtner<\/strong> (Friedrichsgr\u00fcn) auch ohne Druck und ganz entspannt auf. Zum Schluss wurde es Platz 5, den Henri Durke auch noch mit der gleichen Platzziffer als Einzelstarter manifestierte. Summa summarum bedeutet das die Sicherung des Startplatzes f\u00fcr 2020 im \u201e<em>Kleinen Pokal<\/em>\u201c.<\/p>\n<p>&nbsp;<\/p>\n<figure id=\"attachment_349\" aria-describedby=\"caption-attachment-349\" style=\"width: 356px\" class=\"wp-caption alignleft\"><a href=\"https:\/\/www.eberswalderturnerschaft.de\/home\/wp-content\/uploads\/2019\/11\/1-Alexander-Heller-Die-Eberswalder-Starterinnen-im-kleinen-Pokal-mit-den-Karis-Lisa-Bobermien-und-Yvonne-Schemel-1.jpg\"><img loading=\"lazy\" decoding=\"async\" class=\"wp-image-349\" src=\"https:\/\/www.eberswalderturnerschaft.de\/home\/wp-content\/uploads\/2019\/11\/1-Alexander-Heller-Die-Eberswalder-Starterinnen-im-kleinen-Pokal-mit-den-Karis-Lisa-Bobermien-und-Yvonne-Schemel-1-1024x682.jpg\" alt=\"\" width=\"366\" height=\"244\" srcset=\"https:\/\/www.eberswalderturnerschaft.de\/home\/wp-content\/uploads\/2019\/11\/1-Alexander-Heller-Die-Eberswalder-Starterinnen-im-kleinen-Pokal-mit-den-Karis-Lisa-Bobermien-und-Yvonne-Schemel-1-1024x682.jpg 1024w, https:\/\/www.eberswalderturnerschaft.de\/home\/wp-content\/uploads\/2019\/11\/1-Alexander-Heller-Die-Eberswalder-Starterinnen-im-kleinen-Pokal-mit-den-Karis-Lisa-Bobermien-und-Yvonne-Schemel-1-600x400.jpg 600w, https:\/\/www.eberswalderturnerschaft.de\/home\/wp-content\/uploads\/2019\/11\/1-Alexander-Heller-Die-Eberswalder-Starterinnen-im-kleinen-Pokal-mit-den-Karis-Lisa-Bobermien-und-Yvonne-Schemel-1-300x200.jpg 300w, https:\/\/www.eberswalderturnerschaft.de\/home\/wp-content\/uploads\/2019\/11\/1-Alexander-Heller-Die-Eberswalder-Starterinnen-im-kleinen-Pokal-mit-den-Karis-Lisa-Bobermien-und-Yvonne-Schemel-1-768x512.jpg 768w, https:\/\/www.eberswalderturnerschaft.de\/home\/wp-content\/uploads\/2019\/11\/1-Alexander-Heller-Die-Eberswalder-Starterinnen-im-kleinen-Pokal-mit-den-Karis-Lisa-Bobermien-und-Yvonne-Schemel-1.jpg 1280w\" sizes=\"auto, (max-width: 366px) 100vw, 366px\" \/><\/a><figcaption id=\"caption-attachment-349\" class=\"wp-caption-text\"><em>Die Eberswalder Starterinnen im kleinen Pokal mit den Karis Lisa Bobermien und Yvonne Schemel. Foto: Alexander Heller<\/em><\/figcaption><\/figure>\n<p style=\"text-align: justify;\">Die Damenriege des Eberswalder Turnvereins hatte sich den Verbleib im \u201eKleinen Pokal\u201c zum Ziel gesetzt. <strong>Natalie Aldana, Nadine Schwarz, Antje Trautmann<\/strong> und Gaststarterin <strong>Anna Gurevich<\/strong> (Hamburg) mussten auf die verletzte <strong>Yvonne Schemel<\/strong> verzichten, die wieder einmal mehr ihre Einsatzbereitschaft f\u00fcr den Turnsport als Kampfrichterin bewies. Durch taktisch kluge Einsatzstrategie gelang es dem Team, sich von der starken Konkurrenz nicht einsch\u00fcchtern zu lassen. Am Boden wurden sie daf\u00fcr auch mit hohen Wertungen zwischen 12,8 und 14,15 Punkten belohnt. Auch den Sprung absolvierten die Eberswalderinnen mit Bravour, das hie\u00df, alle lagen \u00fcber 12,50. Am Stufenbarren war <strong>Antje Trautmann<\/strong> mit 12,05 Z\u00e4hlern Beste und den \u201eZitterbalken\u201c meisterte die am Daumen verletzte <strong>Anna Gurevich<\/strong> mit dem Mannschaftsh\u00f6chstwert von 13,65 an diesem Ger\u00e4t.<\/p>\n<figure id=\"attachment_351\" aria-describedby=\"caption-attachment-351\" style=\"width: 228px\" class=\"wp-caption alignright\"><img loading=\"lazy\" decoding=\"async\" class=\"wp-image-351\" src=\"https:\/\/www.eberswalderturnerschaft.de\/home\/wp-content\/uploads\/2019\/11\/4-Alexander-Heller-Die-stolze-Siegerin-in-der-LK4-Nadine-Schwarz-1.jpg\" alt=\"\" width=\"238\" height=\"302\" srcset=\"https:\/\/www.eberswalderturnerschaft.de\/home\/wp-content\/uploads\/2019\/11\/4-Alexander-Heller-Die-stolze-Siegerin-in-der-LK4-Nadine-Schwarz-1.jpg 807w, https:\/\/www.eberswalderturnerschaft.de\/home\/wp-content\/uploads\/2019\/11\/4-Alexander-Heller-Die-stolze-Siegerin-in-der-LK4-Nadine-Schwarz-1-600x761.jpg 600w, https:\/\/www.eberswalderturnerschaft.de\/home\/wp-content\/uploads\/2019\/11\/4-Alexander-Heller-Die-stolze-Siegerin-in-der-LK4-Nadine-Schwarz-1-236x300.jpg 236w, https:\/\/www.eberswalderturnerschaft.de\/home\/wp-content\/uploads\/2019\/11\/4-Alexander-Heller-Die-stolze-Siegerin-in-der-LK4-Nadine-Schwarz-1-768x975.jpg 768w\" sizes=\"auto, (max-width: 238px) 100vw, 238px\" \/><figcaption id=\"caption-attachment-351\" class=\"wp-caption-text\"><em>Die stolze Siegerin in der LK4- Nadine Schwarz. Foto: Alexander Heller<\/em><\/figcaption><\/figure>\n<p style=\"text-align: justify;\">Spannend wurde es dann bei der Siegerehrung. Ganz oben auf dem Podest standen die Damen des SC Berlin. Links daneben, mit der Silbermedaille dekoriert, die Frauen des TuS Lichterfelde. Der Bronzeplatz ging an die SG Chemie Erkner. Der 4. Platz w\u00e4re m\u00f6glich gewesen, denn es fehlten den engagierten Motoranerinnen sage und schreibe nur 85 Zehntel auf den USV Potsdam. Daf\u00fcr erreichten sie aber <em>den besten Team &#8211; Wert am Boden<\/em> von allen Mannschaften ihrer Pokalklasse. Darauf k\u00f6nnen sie richtig stolz sein und dass <strong>Nadine Schwarz<\/strong>, die nach langer Verletzungspause ihren ersten Wettkampf turnte und daraus <em>als Siegerin der Einzelwertung in der LK4 hervorging<\/em>, kr\u00f6nte diesen 5. Platz im \u201eKleinen Pokal\u201c. Der Klassenerhalt, basierend auf den tolle n Turnleistungen dieser jungen Frauen, gab gen\u00fcgend Anlass zum Verarbeiten des Wettkampftages in stimmungsvoller Atmosph\u00e4re auf dem traditionellen Turnerball am Abend.<\/p>\n","protected":false},"excerpt":{"rendered":"<p>Abstieg der M\u00e4nner aus dem \u201eGro\u00dfen Pokal\u201c, Klassenerhalt bei den Frauen im \u201eKleinen Pokal\u201c und Sieg von Nadine Schwarz in der Einzelwertung Traditionell fanden in Oranienburg zum 56. Mal die j\u00e4hrlich ausgetragenen Pokalwettk\u00e4mpfe der Jugend und Erwachsenen im Ger\u00e4tturnen statt. Schon an der hohen Teilnehmerzahl von \u00fcber 30 Mannschaften aus 5 Bundesl\u00e4ndern kann man erkennen, &#8230; <a title=\"Wechselbad der Turnemotionen beim 56. Oranienburger Pokalturnen\" class=\"read-more\" href=\"https:\/\/www.eberswalderturnerschaft.de\/home\/wechselbad-der-turnemotionen-beim-56-oranienburger-pokalturnen-2\/\" aria-label=\"Mehr bei Wechselbad der Turnemotionen beim 56. Oranienburger Pokalturnen\">Read more<\/a><\/p>\n","protected":false},"author":4,"featured_media":0,"comment_status":"closed","ping_status":"open","sticky":false,"template":"","format":"standard","meta":{"_coblocks_attr":"","_coblocks_dimensions":"","_coblocks_responsive_height":"","_coblocks_accordion_ie_support":"","footnotes":""},"categories":[5],"tags":[],"class_list":["post-348","post","type-post","status-publish","format-standard","hentry","category-beitraege","no-featured-image-padding"],"_links":{"self":[{"href":"https:\/\/www.eberswalderturnerschaft.de\/home\/wp-json\/wp\/v2\/posts\/348","targetHints":{"allow":["GET"]}}],"collection":[{"href":"https:\/\/www.eberswalderturnerschaft.de\/home\/wp-json\/wp\/v2\/posts"}],"about":[{"href":"https:\/\/www.eberswalderturnerschaft.de\/home\/wp-json\/wp\/v2\/types\/post"}],"author":[{"embeddable":true,"href":"https:\/\/www.eberswalderturnerschaft.de\/home\/wp-json\/wp\/v2\/users\/4"}],"replies":[{"embeddable":true,"href":"https:\/\/www.eberswalderturnerschaft.de\/home\/wp-json\/wp\/v2\/comments?post=348"}],"version-history":[{"count":3,"href":"https:\/\/www.eberswalderturnerschaft.de\/home\/wp-json\/wp\/v2\/posts\/348\/revisions"}],"predecessor-version":[{"id":356,"href":"https:\/\/www.eberswalderturnerschaft.de\/home\/wp-json\/wp\/v2\/posts\/348\/revisions\/356"}],"wp:attachment":[{"href":"https:\/\/www.eberswalderturnerschaft.de\/home\/wp-json\/wp\/v2\/media?parent=348"}],"wp:term":[{"taxonomy":"category","embeddable":true,"href":"https:\/\/www.eberswalderturnerschaft.de\/home\/wp-json\/wp\/v2\/categories?post=348"},{"taxonomy":"post_tag","embeddable":true,"href":"https:\/\/www.eberswalderturnerschaft.de\/home\/wp-json\/wp\/v2\/tags?post=348"}],"curies":[{"name":"wp","href":"https:\/\/api.w.org\/{rel}","templated":true}]}}