{"id":340,"date":"2019-11-27T07:59:38","date_gmt":"2019-11-27T07:59:38","guid":{"rendered":"https:\/\/www.eberswalderturnerschaft.de\/home\/?p=340"},"modified":"2019-12-04T16:40:17","modified_gmt":"2019-12-04T16:40:17","slug":"ganz-viele-emotionen-beim-34-turnmemorial-in-cottbus-und-gold-silber-bronze-fuer-die-eberswalder-turnerschaft-2","status":"publish","type":"post","link":"https:\/\/www.eberswalderturnerschaft.de\/home\/ganz-viele-emotionen-beim-34-turnmemorial-in-cottbus-und-gold-silber-bronze-fuer-die-eberswalder-turnerschaft-2\/","title":{"rendered":"Ganz viele Emotionen beim 34. Turnmemorial in Cottbus und Gold, Silber, Bronze f\u00fcr die Eberswalder Turnerschaft"},"content":{"rendered":"<h3 style=\"text-align: justify;\">83 Akteure aus 37 Vereinen hatten sich im Sportzentrum Lausitzarena\u00a0des SC Cottbus zu einem ganz besonderen Wettkampf eingefunden.<\/h3>\n<figure id=\"attachment_343\" aria-describedby=\"caption-attachment-343\" style=\"width: 317px\" class=\"wp-caption alignright\"><a href=\"https:\/\/www.eberswalderturnerschaft.de\/home\/wp-content\/uploads\/2019\/11\/1-Verein-Die-Eberswalder-Delegation-v.l.-Ulf-Reimann-Dagmar-Ru\u0308hl-Yvonne-Schemel-Kolju-Kolew-1-scaled.jpg\"><img loading=\"lazy\" decoding=\"async\" class=\"wp-image-343\" src=\"https:\/\/www.eberswalderturnerschaft.de\/home\/wp-content\/uploads\/2019\/11\/1-Verein-Die-Eberswalder-Delegation-v.l.-Ulf-Reimann-Dagmar-Ru\u0308hl-Yvonne-Schemel-Kolju-Kolew-1-768x1024.jpg\" alt=\"\" width=\"327\" height=\"436\" srcset=\"https:\/\/www.eberswalderturnerschaft.de\/home\/wp-content\/uploads\/2019\/11\/1-Verein-Die-Eberswalder-Delegation-v.l.-Ulf-Reimann-Dagmar-Ru\u0308hl-Yvonne-Schemel-Kolju-Kolew-1-768x1024.jpg 768w, https:\/\/www.eberswalderturnerschaft.de\/home\/wp-content\/uploads\/2019\/11\/1-Verein-Die-Eberswalder-Delegation-v.l.-Ulf-Reimann-Dagmar-Ru\u0308hl-Yvonne-Schemel-Kolju-Kolew-1-scaled-600x800.jpg 600w, https:\/\/www.eberswalderturnerschaft.de\/home\/wp-content\/uploads\/2019\/11\/1-Verein-Die-Eberswalder-Delegation-v.l.-Ulf-Reimann-Dagmar-Ru\u0308hl-Yvonne-Schemel-Kolju-Kolew-1-225x300.jpg 225w, https:\/\/www.eberswalderturnerschaft.de\/home\/wp-content\/uploads\/2019\/11\/1-Verein-Die-Eberswalder-Delegation-v.l.-Ulf-Reimann-Dagmar-Ru\u0308hl-Yvonne-Schemel-Kolju-Kolew-1-1152x1536.jpg 1152w, https:\/\/www.eberswalderturnerschaft.de\/home\/wp-content\/uploads\/2019\/11\/1-Verein-Die-Eberswalder-Delegation-v.l.-Ulf-Reimann-Dagmar-Ru\u0308hl-Yvonne-Schemel-Kolju-Kolew-1-1536x2048.jpg 1536w, https:\/\/www.eberswalderturnerschaft.de\/home\/wp-content\/uploads\/2019\/11\/1-Verein-Die-Eberswalder-Delegation-v.l.-Ulf-Reimann-Dagmar-Ru\u0308hl-Yvonne-Schemel-Kolju-Kolew-1-scaled.jpg 1920w\" sizes=\"auto, (max-width: 327px) 100vw, 327px\" \/><\/a><figcaption id=\"caption-attachment-343\" class=\"wp-caption-text\"><em>v.l.: Ulf Reimann, Dagmar R\u00fchl, Yvonne Schemel, Kolju Kolew<\/em><\/figcaption><\/figure>\n<p style=\"text-align: justify;\">Zum 34. Mal fand hier das Turnmemorial statt, welches ins Leben gerufen wurde, um verdienstvoller, aber bereits verstorbener Turner\/Innen zu gedenken. Die gestifteten Pokale sind einerseits f\u00fcr bestimmte Altersklassen gesetzt, andererseit s werden sie auch verlost und d\u00fcrfen f\u00fcr ein Jahr im Besitz des Siegers bleiben. Tief ber\u00fchrt war die derzeitige Memorial \u2013 Organisatorin, <strong>Susanne Sollenb\u00f6hmer<\/strong>, von der \u00dcbergabe des neu gestifteten \u201e<em>Helmut Wetzel \u2013 Pokals<\/em>\u201c durch die Witwe und den Sohn des erst vor wenigen Monaten verstorbenen Mitbegr\u00fcnders und Mitorganisators dieses einzigartigen Traditionswettkampfes in Cottbus. Als aber <strong>Daniela Neumann<\/strong>, Sch\u00fctzling der ehemaligen Turnikone\u00a0 des TV Cottbus 1861 e.V., Helmut Wetzel, vor allen Anwesenden sein Andenken und turnerisches Lebenswerk ehrte, blieb kein Herz unber\u00fchrt. Die Lebensleistung dieses Mannes, der vor 7 Jahren selbst durch eine b\u00f6sartige Krankheit zunehmend zur Inaktivit\u00e4t im Rollstuhl verdammt war, hat nicht nur Daniela gepr\u00e4gt, sondern viele, viele seiner kleinen und \u201egro\u00dfen\u201c Turnkinder. \u201e<em>So leben wie er, dann ist alles erreicht<\/em>\u201c, schloss die heutige Vorsitzende des Turnbezirks Lausitz ihre hochemotionale Gedenkrede.<\/p>\n<p>&nbsp;<\/p>\n<p>&nbsp;<\/p>\n<p><a href=\"https:\/\/www.eberswalderturnerschaft.de\/home\/wp-content\/uploads\/2019\/11\/3-Dagmar-Ru\u0308hl-Kolju-Kolew-am-Barren-1-scaled.jpg\"><img loading=\"lazy\" decoding=\"async\" class=\"wp-image-344 alignleft\" src=\"https:\/\/www.eberswalderturnerschaft.de\/home\/wp-content\/uploads\/2019\/11\/3-Dagmar-Ru\u0308hl-Kolju-Kolew-am-Barren-1-1024x768.jpg\" alt=\"\" width=\"335\" height=\"251\" srcset=\"https:\/\/www.eberswalderturnerschaft.de\/home\/wp-content\/uploads\/2019\/11\/3-Dagmar-Ru\u0308hl-Kolju-Kolew-am-Barren-1-1024x768.jpg 1024w, https:\/\/www.eberswalderturnerschaft.de\/home\/wp-content\/uploads\/2019\/11\/3-Dagmar-Ru\u0308hl-Kolju-Kolew-am-Barren-1-scaled-600x450.jpg 600w, https:\/\/www.eberswalderturnerschaft.de\/home\/wp-content\/uploads\/2019\/11\/3-Dagmar-Ru\u0308hl-Kolju-Kolew-am-Barren-1-300x225.jpg 300w, https:\/\/www.eberswalderturnerschaft.de\/home\/wp-content\/uploads\/2019\/11\/3-Dagmar-Ru\u0308hl-Kolju-Kolew-am-Barren-1-768x576.jpg 768w, https:\/\/www.eberswalderturnerschaft.de\/home\/wp-content\/uploads\/2019\/11\/3-Dagmar-Ru\u0308hl-Kolju-Kolew-am-Barren-1-1536x1152.jpg 1536w, https:\/\/www.eberswalderturnerschaft.de\/home\/wp-content\/uploads\/2019\/11\/3-Dagmar-Ru\u0308hl-Kolju-Kolew-am-Barren-1-2048x1536.jpg 2048w\" sizes=\"auto, (max-width: 335px) 100vw, 335px\" \/><\/a><\/p>\n<p style=\"text-align: justify;\">Einen weiteren bewegenden Moment gab es, als der \u201e<em>Klaus K\u00f6ste-Pokal<\/em>\u201c an <strong>Horst Fache<\/strong> von der TGV Lauchhammer \u00fcberreicht wurde. Diese Ehrung wird Turnern und Turnerinnen zuteil, die sich nach schwerer Krankheit wieder ins Leben und zum Turnsport zur\u00fcckgek\u00e4mpft haben. Denn trotz einer Unterschenkelamputation im Jahr 2017 l\u00e4sst sich der 85-j\u00e4hrige Horst Fache nicht unterkriegen und steht seinem Verein und dem Turnnachwuchs nach wie vor zur Verf\u00fcgung als Beispiel f\u00fcr jeden in schwieriger Lebenslage, sich selbst niemals aufzugeben.<\/p>\n<p>&nbsp;<\/p>\n<p style=\"text-align: justify;\">Die Eberswalder Delegation, bestehend aus 3 Aktiven sowie <strong>Yvonne Schemel<\/strong> als Kampfrichterin, freute sich \u00fcber die fantastischen Bedingungen &#8211; eine warme Halle, eine tolle Organisation und eine freundliche Atmosph\u00e4re, in der man sich sofort willkommen f\u00fchlt. Und so gab es f\u00fcr die Waldst\u00e4dter auch eine erfreuliche Bilanz. <strong>Ulf Reimann<\/strong> (AK 50) siegte im Vierkampf mit 45,70 Punkten, seine beste \u00dcbung turnte er am Boden. Auch f\u00fcr den Zweiten in der AK70, <strong>Kolju Kolew<\/strong>, war dies das Paradeger\u00e4t. Er beendete seinen Dreikampf mit 31,20 Z\u00e4hlern. Die Dritte im Bunde der Aktiven, <strong>Dagmar R\u00fchl<\/strong> (AK 50), fand sich mit einem Punktwert von 35,20 auf dem Bronzetreppchen wieder. F\u00fcr ihre Bodenk\u00fcr gab es viel Szenenbeifall. Sie ging zwar gesundheitlich angeschlagen ins Rennen, aber an diesem Wettkampf teilzunehmen, ist f\u00fcr sie ein absolutes Muss. An das j\u00e4hrlich neu ausgeschriebene originelle und besondere Turnelement wagte sich diesmal kein Motoraner heran, denn der \u201e<em>Helmut Wetzel-Kniestand<\/em>\u201c auf der hohen Lehne eines Stuhles, dem kreativen Verstorbenen gewidmet, ist schon eine artistische Leistung, die von den Knien der j\u00fcngeren Turngeneration wohl doch besser verkraftet wird.<\/p>\n<p>&nbsp;<\/p>\n<figure id=\"attachment_345\" aria-describedby=\"caption-attachment-345\" style=\"width: 713px\" class=\"wp-caption aligncenter\"><a href=\"https:\/\/www.eberswalderturnerschaft.de\/home\/wp-content\/uploads\/2019\/11\/7-Yvonne-Schemel-Der-1.-Durchgang-mit-den-Eberswalder-Aktiven-1-scaled.jpg\"><img loading=\"lazy\" decoding=\"async\" class=\"wp-image-345 \" src=\"https:\/\/www.eberswalderturnerschaft.de\/home\/wp-content\/uploads\/2019\/11\/7-Yvonne-Schemel-Der-1.-Durchgang-mit-den-Eberswalder-Aktiven-1-1024x768.jpg\" alt=\"\" width=\"723\" height=\"542\" srcset=\"https:\/\/www.eberswalderturnerschaft.de\/home\/wp-content\/uploads\/2019\/11\/7-Yvonne-Schemel-Der-1.-Durchgang-mit-den-Eberswalder-Aktiven-1-1024x768.jpg 1024w, https:\/\/www.eberswalderturnerschaft.de\/home\/wp-content\/uploads\/2019\/11\/7-Yvonne-Schemel-Der-1.-Durchgang-mit-den-Eberswalder-Aktiven-1-scaled-600x450.jpg 600w, https:\/\/www.eberswalderturnerschaft.de\/home\/wp-content\/uploads\/2019\/11\/7-Yvonne-Schemel-Der-1.-Durchgang-mit-den-Eberswalder-Aktiven-1-300x225.jpg 300w, https:\/\/www.eberswalderturnerschaft.de\/home\/wp-content\/uploads\/2019\/11\/7-Yvonne-Schemel-Der-1.-Durchgang-mit-den-Eberswalder-Aktiven-1-768x576.jpg 768w, https:\/\/www.eberswalderturnerschaft.de\/home\/wp-content\/uploads\/2019\/11\/7-Yvonne-Schemel-Der-1.-Durchgang-mit-den-Eberswalder-Aktiven-1-1536x1152.jpg 1536w, https:\/\/www.eberswalderturnerschaft.de\/home\/wp-content\/uploads\/2019\/11\/7-Yvonne-Schemel-Der-1.-Durchgang-mit-den-Eberswalder-Aktiven-1-2048x1536.jpg 2048w\" sizes=\"auto, (max-width: 723px) 100vw, 723px\" \/><\/a><figcaption id=\"caption-attachment-345\" class=\"wp-caption-text\"><em>Der 1. Durchgang mit den Eberswalder Aktiven &#8211; Foto: Y. Schemel<\/em><\/figcaption><\/figure>\n","protected":false},"excerpt":{"rendered":"<p>83 Akteure aus 37 Vereinen hatten sich im Sportzentrum Lausitzarena\u00a0des SC Cottbus zu einem ganz besonderen Wettkampf eingefunden. Zum 34. Mal fand hier das Turnmemorial statt, welches ins Leben gerufen wurde, um verdienstvoller, aber bereits verstorbener Turner\/Innen zu gedenken. Die gestifteten Pokale sind einerseits f\u00fcr bestimmte Altersklassen gesetzt, andererseit s werden sie auch verlost und &#8230; <a title=\"Ganz viele Emotionen beim 34. Turnmemorial in Cottbus und Gold, Silber, Bronze f\u00fcr die Eberswalder Turnerschaft\" class=\"read-more\" href=\"https:\/\/www.eberswalderturnerschaft.de\/home\/ganz-viele-emotionen-beim-34-turnmemorial-in-cottbus-und-gold-silber-bronze-fuer-die-eberswalder-turnerschaft-2\/\" aria-label=\"Mehr bei Ganz viele Emotionen beim 34. Turnmemorial in Cottbus und Gold, Silber, Bronze f\u00fcr die Eberswalder Turnerschaft\">Read more<\/a><\/p>\n","protected":false},"author":4,"featured_media":0,"comment_status":"closed","ping_status":"open","sticky":false,"template":"","format":"standard","meta":{"_coblocks_attr":"","_coblocks_dimensions":"","_coblocks_responsive_height":"","_coblocks_accordion_ie_support":"","footnotes":""},"categories":[5],"tags":[],"class_list":["post-340","post","type-post","status-publish","format-standard","hentry","category-beitraege","no-featured-image-padding"],"_links":{"self":[{"href":"https:\/\/www.eberswalderturnerschaft.de\/home\/wp-json\/wp\/v2\/posts\/340","targetHints":{"allow":["GET"]}}],"collection":[{"href":"https:\/\/www.eberswalderturnerschaft.de\/home\/wp-json\/wp\/v2\/posts"}],"about":[{"href":"https:\/\/www.eberswalderturnerschaft.de\/home\/wp-json\/wp\/v2\/types\/post"}],"author":[{"embeddable":true,"href":"https:\/\/www.eberswalderturnerschaft.de\/home\/wp-json\/wp\/v2\/users\/4"}],"replies":[{"embeddable":true,"href":"https:\/\/www.eberswalderturnerschaft.de\/home\/wp-json\/wp\/v2\/comments?post=340"}],"version-history":[{"count":5,"href":"https:\/\/www.eberswalderturnerschaft.de\/home\/wp-json\/wp\/v2\/posts\/340\/revisions"}],"predecessor-version":[{"id":359,"href":"https:\/\/www.eberswalderturnerschaft.de\/home\/wp-json\/wp\/v2\/posts\/340\/revisions\/359"}],"wp:attachment":[{"href":"https:\/\/www.eberswalderturnerschaft.de\/home\/wp-json\/wp\/v2\/media?parent=340"}],"wp:term":[{"taxonomy":"category","embeddable":true,"href":"https:\/\/www.eberswalderturnerschaft.de\/home\/wp-json\/wp\/v2\/categories?post=340"},{"taxonomy":"post_tag","embeddable":true,"href":"https:\/\/www.eberswalderturnerschaft.de\/home\/wp-json\/wp\/v2\/tags?post=340"}],"curies":[{"name":"wp","href":"https:\/\/api.w.org\/{rel}","templated":true}]}}