{"id":329,"date":"2019-11-16T15:19:27","date_gmt":"2019-11-16T15:19:27","guid":{"rendered":"https:\/\/www.eberswalderturnerschaft.de\/home\/?p=329"},"modified":"2019-12-04T16:40:24","modified_gmt":"2019-12-04T16:40:24","slug":"nicht-abreissende-siegesserie-der-brandenburgischen-seniorinnen-beim-deutschlandcup-in-heidelberg","status":"publish","type":"post","link":"https:\/\/www.eberswalderturnerschaft.de\/home\/nicht-abreissende-siegesserie-der-brandenburgischen-seniorinnen-beim-deutschlandcup-in-heidelberg\/","title":{"rendered":"Nicht abrei\u00dfende Siegesserie der brandenburgischen Seniorinnen beim Deutschlandcup in Heidelberg"},"content":{"rendered":"<p><strong><em>Zum 8. Mal in Folge Pokalgewinn der Turnerinnen des M\u00e4rkischen Turnerbundes in der AK 55+<\/em><\/strong><\/p>\n<p style=\"text-align: justify;\">(tt) Deutschlands junggebliebene Turnerinnen und Turner von 30 bis ins hohe Alter \u00fcber 80 trafen sich in Heidelberg, um im sportlichen Vergleich die Pokalsieger der Landesturnverb\u00e4nde zu k\u00fcren. Der Heidelberger Turnverein richtete gemeinsam mit der KTG Heidelberg dieses hochkar\u00e4tige Event in der Helmholtzhalle aus. Der Deutsche Turnerbund \u00fcbernahm die Wettkampforganisation.<\/p>\n<figure id=\"attachment_322\" aria-describedby=\"caption-attachment-322\" style=\"width: 290px\" class=\"wp-caption alignright\"><a href=\"https:\/\/www.eberswalderturnerschaft.de\/home\/wp-content\/uploads\/2019\/11\/1a-D.-Ru\u0308hl-Das-U\u0308berfliegerteam-AK-55v.l.-c.Kusnik-P.-Wallschla\u0308ger-H.-Malinowski-U.-Willwohl.jpg\"><img loading=\"lazy\" decoding=\"async\" class=\"size-medium wp-image-322\" src=\"https:\/\/www.eberswalderturnerschaft.de\/home\/wp-content\/uploads\/2019\/11\/1a-D.-Ru\u0308hl-Das-U\u0308berfliegerteam-AK-55v.l.-c.Kusnik-P.-Wallschla\u0308ger-H.-Malinowski-U.-Willwohl-300x198.jpg\" alt=\"\" width=\"300\" height=\"198\" srcset=\"https:\/\/www.eberswalderturnerschaft.de\/home\/wp-content\/uploads\/2019\/11\/1a-D.-Ru\u0308hl-Das-U\u0308berfliegerteam-AK-55v.l.-c.Kusnik-P.-Wallschla\u0308ger-H.-Malinowski-U.-Willwohl-300x198.jpg 300w, https:\/\/www.eberswalderturnerschaft.de\/home\/wp-content\/uploads\/2019\/11\/1a-D.-Ru\u0308hl-Das-U\u0308berfliegerteam-AK-55v.l.-c.Kusnik-P.-Wallschla\u0308ger-H.-Malinowski-U.-Willwohl-600x397.jpg 600w, https:\/\/www.eberswalderturnerschaft.de\/home\/wp-content\/uploads\/2019\/11\/1a-D.-Ru\u0308hl-Das-U\u0308berfliegerteam-AK-55v.l.-c.Kusnik-P.-Wallschla\u0308ger-H.-Malinowski-U.-Willwohl.jpg 640w\" sizes=\"auto, (max-width: 300px) 100vw, 300px\" \/><\/a><figcaption id=\"caption-attachment-322\" class=\"wp-caption-text\">Das U\u0308berfliegerteam AK 55+v.l. C.Kusnik, P.Wallschla\u0308ger, H.Malinowski, U.Willwohl &#8211; Foto: D.R\u00fchl<\/figcaption><\/figure>\n<p style=\"text-align: justify;\">Und erneut haben die <em>Turnerinnen der Landesauswahl Brandenburgs in \u00a0\u00a0der AK 55+<\/em> hier den <em>Titel geholt<\/em>. Mit 3 Punkten Vorsprung lie\u00dfen Cordula Kusnick, Heike Malinowski, Petra Wallschl\u00e4ger und Ursula Willwohl die Konkurrenz aus Th\u00fcringen und Hessen sowie den anderen Landesturnverb\u00e4nden hinter sich. Das gelang diesem Team mit wenigen personellen Ver\u00e4nderungen nun schon zum 8. Mal in Folge!<\/p>\n<p>&nbsp;<\/p>\n<p style=\"text-align: justify;\">Insgesamt gingen im badischen Heidelberg Teilnehmer\/Innen aus 14 Landesverb\u00e4nden des gesamten Bundesgebietes in den Altersklassen (AK) 30+ bis 60+ an den Start. Den M\u00e4rkischen Turnerbund Brandenburgs vertraten Aktive aus Frankfurt\/Oder, Strausberg, F\u00fcrstenwalde, Eisenh\u00fcttenstadt, Potsdam und Eberswalde. \u201eKlasse Atmosph\u00e4re, gro\u00dfartige Bedingungen, tolle \u00dcbungen und Teamleistungen, fachkundiges Spitzenpublikum sowie eine gute Organisation waren die Markenzeichen dieser hochkar\u00e4tigen Veranstaltung\u201c, so das Fazit der Waldst\u00e4dter Delegation.<\/p>\n<figure id=\"attachment_327\" aria-describedby=\"caption-attachment-327\" style=\"width: 204px\" class=\"wp-caption alignright\"><a href=\"https:\/\/www.eberswalderturnerschaft.de\/home\/wp-content\/uploads\/2019\/11\/6-Dagmar-Ru\u0308hl-Ulf-Reimann-am-Boden-2.jpg\"><img loading=\"lazy\" decoding=\"async\" class=\"size-medium wp-image-327\" src=\"https:\/\/www.eberswalderturnerschaft.de\/home\/wp-content\/uploads\/2019\/11\/6-Dagmar-Ru\u0308hl-Ulf-Reimann-am-Boden-2-214x300.jpg\" alt=\"\" width=\"214\" height=\"300\" srcset=\"https:\/\/www.eberswalderturnerschaft.de\/home\/wp-content\/uploads\/2019\/11\/6-Dagmar-Ru\u0308hl-Ulf-Reimann-am-Boden-2-214x300.jpg 214w, https:\/\/www.eberswalderturnerschaft.de\/home\/wp-content\/uploads\/2019\/11\/6-Dagmar-Ru\u0308hl-Ulf-Reimann-am-Boden-2.jpg 343w\" sizes=\"auto, (max-width: 214px) 100vw, 214px\" \/><\/a><figcaption id=\"caption-attachment-327\" class=\"wp-caption-text\">Ulf Reimann am Boden &#8211; Foto: D.R\u00fchl<\/figcaption><\/figure>\n<p style=\"text-align: justify;\">Die M\u00e4nner der AK 50+ mit den Motoranern Henri Durke und Ulf Reimann konnten aufgrund der ausged\u00fcnnten Mannschaft nicht an die Leistungen des Vorjahres ankn\u00fcpfen und erreichten den 8. Platz, obwohl sie solide durchgeturnt hatten und sehr gute Sprungleistungen zeigten. Die <em>sehenswerte Boden\u00fcbung von Ulf Reimann veranlasste die Kampfrichter sogar, 12,20 Punkte zu vergeben<\/em>.<\/p>\n<p>&nbsp;<\/p>\n<p>&nbsp;<\/p>\n<p>&nbsp;<\/p>\n<p>&nbsp;<\/p>\n<p style=\"text-align: justify;\">Erschwert wurde bei den Frauen das Turnen durch das Wegfallen eines Streichwertes. Aufgrund der hohen Meldezahlen und des engen Zeitrahmens hatte der DTB einmalig diese Regelung beschlossen. Das erh\u00f6hte nat\u00fcrlich den Druck, denn jeder Patzer zog das Mannschaftsergebnis sofort nach unten.<\/p>\n<figure id=\"attachment_324\" aria-describedby=\"caption-attachment-324\" style=\"width: 165px\" class=\"wp-caption alignright\"><a href=\"https:\/\/www.eberswalderturnerschaft.de\/home\/wp-content\/uploads\/2019\/11\/3-Verein-MTB-Team-Frauen-40.jpg\"><img loading=\"lazy\" decoding=\"async\" class=\"size-medium wp-image-324\" src=\"https:\/\/www.eberswalderturnerschaft.de\/home\/wp-content\/uploads\/2019\/11\/3-Verein-MTB-Team-Frauen-40-175x300.jpg\" alt=\"\" width=\"175\" height=\"300\" srcset=\"https:\/\/www.eberswalderturnerschaft.de\/home\/wp-content\/uploads\/2019\/11\/3-Verein-MTB-Team-Frauen-40-175x300.jpg 175w, https:\/\/www.eberswalderturnerschaft.de\/home\/wp-content\/uploads\/2019\/11\/3-Verein-MTB-Team-Frauen-40.jpg 370w\" sizes=\"auto, (max-width: 175px) 100vw, 175px\" \/><\/a><figcaption id=\"caption-attachment-324\" class=\"wp-caption-text\">MTB-Team Frauen 40+<\/figcaption><\/figure>\n<p style=\"text-align: justify;\">Das brandenburgische Team 40+, u.a. mit den Eberswalderinnen Dagmar R\u00fchl und Regina Fischer besetzt, hatte gegen eine starke Konkurrenz anzuturnen, letztendlich wurden sie Achte. Hervorzuheben sind hier die Leistungen an Stufenbarren und Boden. <em>Regina Fischer, punktete mit hohen Wertungen am Sprung (12,4) sowie am Stufenbarren (12,35) und turnte somit auf Augenh\u00f6he mit den Besten ihrer Altersklasse<\/em>. Vereinskameradin Yvonne Schemel, die gern diese Riege verst\u00e4rkt h\u00e4tte, konnte verletzungsbedingt nicht antreten, leistete aber ihren Beitrag als Kampfrichterin.<\/p>\n<p>&nbsp;<\/p>\n<p>&nbsp;<\/p>\n<p>&nbsp;<\/p>\n<p style=\"text-align: justify;\">Da der Veranstalter nur dem Ausrichter zwei Mannschaften in einer Altersklasse das Startrecht erlaubte, durften Ute Fischer (Frankfurt\/Oder), Judith Sch\u00e4fer (Potsdam) und Andrea Sz\u00f6gedi (Eberswalde) als Team 2 in der AK 55+ nur au\u00dfer Konkurrenz starten. Letztere, die mit einer tollen Boden\u00fcbung 12,05 Punkte in den Mannschaftstopf turnte, meinte ein wenig traurig: \u201eUnser Team h\u00e4tte mit seiner Gesamtleistung Platz 5 geschafft, was ja bei solch einem hochangebundenen Wettkampf keine Kleinigkeit darstellt. Aber fest steht auf alle F\u00e4lle, dass Turnen Spa\u00df macht, fit und gesund erh\u00e4lt und unendlich viele sch\u00f6ne Erlebnisse mit Freunden bringt.\u201c So blieb man auch nach Wettkampfende noch gern beisammen, schwang fr\u00f6hlich das Tanzbein und stie\u00df auf gemeinsam Gelungenes und ein hervorragend organisiertes Pokalturnen an.<\/p>\n<p>&nbsp;<\/p>\n","protected":false},"excerpt":{"rendered":"<p>Zum 8. Mal in Folge Pokalgewinn der Turnerinnen des M\u00e4rkischen Turnerbundes in der AK 55+ (tt) Deutschlands junggebliebene Turnerinnen und Turner von 30 bis ins hohe Alter \u00fcber 80 trafen sich in Heidelberg, um im sportlichen Vergleich die Pokalsieger der Landesturnverb\u00e4nde zu k\u00fcren. Der Heidelberger Turnverein richtete gemeinsam mit der KTG Heidelberg dieses hochkar\u00e4tige Event &#8230; <a title=\"Nicht abrei\u00dfende Siegesserie der brandenburgischen Seniorinnen beim Deutschlandcup in Heidelberg\" class=\"read-more\" href=\"https:\/\/www.eberswalderturnerschaft.de\/home\/nicht-abreissende-siegesserie-der-brandenburgischen-seniorinnen-beim-deutschlandcup-in-heidelberg\/\" aria-label=\"Mehr bei Nicht abrei\u00dfende Siegesserie der brandenburgischen Seniorinnen beim Deutschlandcup in Heidelberg\">Read more<\/a><\/p>\n","protected":false},"author":4,"featured_media":0,"comment_status":"closed","ping_status":"open","sticky":false,"template":"","format":"standard","meta":{"_coblocks_attr":"","_coblocks_dimensions":"","_coblocks_responsive_height":"","_coblocks_accordion_ie_support":"","footnotes":""},"categories":[5],"tags":[],"class_list":["post-329","post","type-post","status-publish","format-standard","hentry","category-beitraege","no-featured-image-padding"],"_links":{"self":[{"href":"https:\/\/www.eberswalderturnerschaft.de\/home\/wp-json\/wp\/v2\/posts\/329","targetHints":{"allow":["GET"]}}],"collection":[{"href":"https:\/\/www.eberswalderturnerschaft.de\/home\/wp-json\/wp\/v2\/posts"}],"about":[{"href":"https:\/\/www.eberswalderturnerschaft.de\/home\/wp-json\/wp\/v2\/types\/post"}],"author":[{"embeddable":true,"href":"https:\/\/www.eberswalderturnerschaft.de\/home\/wp-json\/wp\/v2\/users\/4"}],"replies":[{"embeddable":true,"href":"https:\/\/www.eberswalderturnerschaft.de\/home\/wp-json\/wp\/v2\/comments?post=329"}],"version-history":[{"count":6,"href":"https:\/\/www.eberswalderturnerschaft.de\/home\/wp-json\/wp\/v2\/posts\/329\/revisions"}],"predecessor-version":[{"id":459,"href":"https:\/\/www.eberswalderturnerschaft.de\/home\/wp-json\/wp\/v2\/posts\/329\/revisions\/459"}],"wp:attachment":[{"href":"https:\/\/www.eberswalderturnerschaft.de\/home\/wp-json\/wp\/v2\/media?parent=329"}],"wp:term":[{"taxonomy":"category","embeddable":true,"href":"https:\/\/www.eberswalderturnerschaft.de\/home\/wp-json\/wp\/v2\/categories?post=329"},{"taxonomy":"post_tag","embeddable":true,"href":"https:\/\/www.eberswalderturnerschaft.de\/home\/wp-json\/wp\/v2\/tags?post=329"}],"curies":[{"name":"wp","href":"https:\/\/api.w.org\/{rel}","templated":true}]}}