{"id":287,"date":"2019-10-20T11:58:23","date_gmt":"2019-10-20T11:58:23","guid":{"rendered":"https:\/\/www.eberswalderturnerschaft.de\/home\/?p=287"},"modified":"2019-12-04T16:40:58","modified_gmt":"2019-12-04T16:40:58","slug":"3-ranglistenturnen-mit-viel-elan-in-den-turnherbst-gestartet","status":"publish","type":"post","link":"https:\/\/www.eberswalderturnerschaft.de\/home\/3-ranglistenturnen-mit-viel-elan-in-den-turnherbst-gestartet\/","title":{"rendered":"3. Ranglistenturnen: Mit viel Elan in den Turnherbst gestartet"},"content":{"rendered":"<p style=\"text-align: justify;\">Die Ger\u00e4tturnhalle im Sportkomplex Westend war gut gef\u00fcllt zum 1. Wettkampf nach der langen Sommerpause, aber nicht nur mit den Aktiven, sondern auch Eltern, Gro\u00dfeltern und Geschwister hatten Platz genommen, um Beifall zu spenden, Mut zu machen und evtl. auch zu tr\u00f6sten.<\/p>\n<p style=\"text-align: justify;\">34 M\u00e4dchen turnten zum 3. Ranglistenturnen in 5 Wertungsklassen an 4 Ger\u00e4ten, 9 Jungen in drei verschiedenen Leistungsklassen mussten einen Sechskampf absolvieren. Hier erzielte Julian Stenschke mit 7 2,00 Punkten den h\u00f6chsten Gesamtwert im m\u00e4nnlichen Bereich, den er am Reck und am Pauschenpferd mit jeweils 13,00 Punkten manifestierte.<\/p>\n<p style=\"text-align: justify;\">Bei den M\u00e4dchen gelang Chiara Grohe in der schwierigen Leistungsklasse 3 mit 47,650 Punkten ein tolles Ergebnis und ihr bestes Ger\u00e4t Sprung brachte ihr 13,10 Punkte ein. In der LK 4 hatte mit 45,55 Punkten Elina Carnarius die Nase vorn. Als bestes Ger\u00e4t konnte auch sie mit 12,20 Z\u00e4hlern den Sprung verbuchen. Bei den J\u00fcngeren im Pflicht-Bereich (P-Stufe mit anderer Wertungsskala)) erturnte sich Jelena Matth\u00e4us ein sagenhaftes Gesamtergebnis von 57,00 Punkten. Am Stufenbarren gab es f\u00fcr sie die Note 14,60, doch getoppt wurde sie hier noch von ihrer Teamkameradin Lotta Spann, die mit 14,70 Punkten den Bestwert an diesem Ger\u00e4t erk\u00e4mpfte.<\/p>\n<p style=\"text-align: justify;\">Die Trainer- und \u00dcbungsleiter\/Innenzeigten sich am Ende dieses gut organisierten Wettkampfes zufrieden mit den Leistungen ihrer Sch\u00fctzlinge und Abteilungsleiterin Andrea Sz\u00f6gedi nutzte diese Gelegenheit, um sich mit einer Rose bei jedem an der Organisation und Durchf\u00fchrung dieses Leistungsvergleiches Beteiligten zu bedanken.<br \/>\nFolgende Turnerinnen und Turner nahmen unter dem Beifall aller Anwesenden ihre Siegerurkunden entgegen.<\/p>\n<p>&nbsp;<\/p>\n<p><a href=\"https:\/\/www.eberswalderturnerschaft.de\/home\/wp-content\/uploads\/2019\/10\/Auswertung26092019.pdf\">Protokoll 3. Ranglistenturnen<\/a><\/p>\n","protected":false},"excerpt":{"rendered":"<p>Die Ger\u00e4tturnhalle im Sportkomplex Westend war gut gef\u00fcllt zum 1. Wettkampf nach der langen Sommerpause, aber nicht nur mit den Aktiven, sondern auch Eltern, Gro\u00dfeltern und Geschwister hatten Platz genommen, um Beifall zu spenden, Mut zu machen und evtl. auch zu tr\u00f6sten. 34 M\u00e4dchen turnten zum 3. Ranglistenturnen in 5 Wertungsklassen an 4 Ger\u00e4ten, 9 &#8230; <a title=\"3. Ranglistenturnen: Mit viel Elan in den Turnherbst gestartet\" class=\"read-more\" href=\"https:\/\/www.eberswalderturnerschaft.de\/home\/3-ranglistenturnen-mit-viel-elan-in-den-turnherbst-gestartet\/\" aria-label=\"Mehr bei 3. Ranglistenturnen: Mit viel Elan in den Turnherbst gestartet\">Read more<\/a><\/p>\n","protected":false},"author":4,"featured_media":0,"comment_status":"closed","ping_status":"open","sticky":false,"template":"","format":"standard","meta":{"_coblocks_attr":"","_coblocks_dimensions":"","_coblocks_responsive_height":"","_coblocks_accordion_ie_support":"","footnotes":""},"categories":[5],"tags":[],"class_list":["post-287","post","type-post","status-publish","format-standard","hentry","category-beitraege","no-featured-image-padding"],"_links":{"self":[{"href":"https:\/\/www.eberswalderturnerschaft.de\/home\/wp-json\/wp\/v2\/posts\/287","targetHints":{"allow":["GET"]}}],"collection":[{"href":"https:\/\/www.eberswalderturnerschaft.de\/home\/wp-json\/wp\/v2\/posts"}],"about":[{"href":"https:\/\/www.eberswalderturnerschaft.de\/home\/wp-json\/wp\/v2\/types\/post"}],"author":[{"embeddable":true,"href":"https:\/\/www.eberswalderturnerschaft.de\/home\/wp-json\/wp\/v2\/users\/4"}],"replies":[{"embeddable":true,"href":"https:\/\/www.eberswalderturnerschaft.de\/home\/wp-json\/wp\/v2\/comments?post=287"}],"version-history":[{"count":1,"href":"https:\/\/www.eberswalderturnerschaft.de\/home\/wp-json\/wp\/v2\/posts\/287\/revisions"}],"predecessor-version":[{"id":288,"href":"https:\/\/www.eberswalderturnerschaft.de\/home\/wp-json\/wp\/v2\/posts\/287\/revisions\/288"}],"wp:attachment":[{"href":"https:\/\/www.eberswalderturnerschaft.de\/home\/wp-json\/wp\/v2\/media?parent=287"}],"wp:term":[{"taxonomy":"category","embeddable":true,"href":"https:\/\/www.eberswalderturnerschaft.de\/home\/wp-json\/wp\/v2\/categories?post=287"},{"taxonomy":"post_tag","embeddable":true,"href":"https:\/\/www.eberswalderturnerschaft.de\/home\/wp-json\/wp\/v2\/tags?post=287"}],"curies":[{"name":"wp","href":"https:\/\/api.w.org\/{rel}","templated":true}]}}