{"id":247,"date":"2019-09-29T13:38:16","date_gmt":"2019-09-29T13:38:16","guid":{"rendered":"https:\/\/www.eberswalderturnerschaft.de\/home\/?p=247"},"modified":"2019-12-04T16:41:55","modified_gmt":"2019-12-04T16:41:55","slug":"grandioses-turnfinale-vor-den-sommerferien","status":"publish","type":"post","link":"https:\/\/www.eberswalderturnerschaft.de\/home\/grandioses-turnfinale-vor-den-sommerferien\/","title":{"rendered":"Grandioses Turnfinale vor den Sommerferien"},"content":{"rendered":"<p><strong><em>Eine ganze Medaillenpalette beim 49. Falkenseer Sommer abgesahnt<\/em><\/strong><\/p>\n<div style=\"text-align: justify;\">\nDas 2. Ranglistenturnen der Abt. Turnen des SV Motor Eberswalde e.V. stand an und hier galt es nicht nur gute Leistungen abzurufen, sondern sich auch mit Blick auf die bekannte und beliebte Turnveranstaltung \u201eFalkenseer Sommer\u201c zu vergewissern, \u00a0ob die \u00dcbungen mit den entsprechenden Schwierigkeiten gespickt sind, ob die derzeitige Form stimmt oder die einzelnen Elemente technisch sauber geturnt werden\u2026 Nicht alle konnten dies \u00fcberpr\u00fcfen, da Klassenfahrten und andere Schulveranstaltungen sowie Verletzungen die Wettkampfteilnahme unm\u00f6glich machten. Doch die 4 Starterinnen im\u00a0 \u00a0<strong>&#8222;Kleinen Pokal\u201c <\/strong>beim Falkenseer Sommer Lilly Charleen Wagner, Ida D\u00f6rner, Elina Carnarius und Jana Stepanenko (beim Ranglistenturnen Pl\u00e4tze 1- 4) bewiesen ihre Klasse und turnten sich gegen 7 weitere Teams auf den <strong>Silberplatz<\/strong> in der LK 4. Mit den R\u00e4ngen 5, 9, 10 und 19 im Mehrkampf &#8211; Einzel manifestierten dieses tolle Ergebnis. Mit 37 Starterinnen gab es ein voll besetztes Feld und hier war Lilly Charleen in jedem Finale vertreten und schaffte am Balken einen 4. Rang und an den anderen Ger\u00e4ten jeweils 5. Pl\u00e4tze, Elina wurde am Boden Sechste. Betreuerin Annekatrin Petzold konnte zu Recht stolz auf ihre Sch\u00fctzlinge sein.<\/p>\n<p>Die LK 3-Teilnehmerinnen am <strong>\u201eGro\u00dfen Pokal\u201c <\/strong>hatten es mit 47 Gegnerinnen in 10 Mannschaften zu tun und so freuten sie sich schon \u00fcber ihren 6. Platz am Ende des Tages. Die beste Mehrkampfeinzelwertung gelang hier <strong>Mila Heenemann<\/strong> mit Platz 6, Miriam Ehlers kam auf den 19. und Mareen und Marissa Kain auf die Pl\u00e4tze 23 und 25. Aber da standen ja noch die Finals aus, wo Mila sich an Sprung, Stufenbarren und Balken qualifiziert hatte. An den ersten zwei Ger\u00e4ten erturnte sie die undankbare Holzplakette, aber am Schwebebalken zeigte sie es allen. Mit 12,85 Punkten belohnten sie die Kampfrichter f\u00fcr ihre schwierige und sicher geturnte \u00dcbung und Eberswalde hatte eine gl\u00fcckliche <strong>Goldmedaillengewinnerin<\/strong> mehr.<\/p>\n<p>F\u00fcr Annekatrin Petzold (11.), Natalie \u00a0Aldana\u00a0\u00a0 Bedoya (14.), Lea Korbik (21.), Nina M\u00fcller (27.) und Yvonne Schemel (28.) \u00a0lief es diesmal nicht so optimal beim Start im \u201e<strong>Superpokal 2\u201c<\/strong>, denn eine \u00fcberm\u00e4chtige Konkurrenz lie\u00df nur den 6. Platz von 7 zu, eine Finalteilnahme bei 71\u00a0 \u00fcberwiegend wesentlich j\u00fcngeren Teilnehmerinnen aussichtslos.<\/p>\n<p>Doch da gab es ja auch noch den m\u00e4nnlichen Part: Weil nicht gen\u00fcgend Turner f\u00fcr eine Mannschaft aus den eigenen Reihen in den jeweiligen Leistungsklassen zur Verf\u00fcgung standen, gingen die beiden Waldst\u00e4dter <strong>Benjamin Rothe<\/strong> und <strong>Felix W\u00f6he<\/strong> als Gaststarter ins Rennen. Ersterer turnte in der LK 3 im \u201e<strong>Superpokal\u201c<\/strong> f\u00fcr den TSV Falkensee und wurde mit diesem Team <strong>Dritter<\/strong>. Als Einzelturner im Mehrkampf\u00a0\u00a0 bewies er seine Leistungsst\u00e4rke und holte <strong>Silbe<\/strong>r. Youngster Felix hatte eine schwere Aufgabe vor sich. Er wurde der 2. Mannschaft von SV Felsenkeller aus Dresden zugeteilt und musste vorwiegend gegen \u00c4ltere in der LK 4 turnen. Trotzdem wurde er bester Mehrk\u00e4mpfer seiner Mannschaft, mit der er die<strong> Bronzemedaille<\/strong> im <strong>\u201eKleinen Pokal\u201c <\/strong>schaffte. Nach einem missgl\u00fcckten Start am Pauschenpferd biss er die Z\u00e4hne zusammen und k\u00e4mpfte sich nach aufmunternden Worten seines Trainers und Betreuers, Ulf Reimann, in den Wettkampf zur\u00fcck, was ihn mit Platz 7 von 24 im Mehrkampf belohnte. Zudem hatte er sich auch noch drei Finalpl\u00e4tze gesichert, n\u00e4mlich am Sprung, wo er F\u00fcnfter wurde, am Reck n\u00e4herte er sich mit Platz 4 schon dem Podest, doch am Boden konnte ihm keiner etwas vormachen und mit dem h\u00f6chsten Ausgangswert von 11,2 holte er<strong> Gold<\/strong> f\u00fcr die beste \u00dcbung.\n<\/div>\n","protected":false},"excerpt":{"rendered":"<p>Eine ganze Medaillenpalette beim 49. Falkenseer Sommer abgesahnt Das 2. Ranglistenturnen der Abt. Turnen des SV Motor Eberswalde e.V. stand an und hier galt es nicht nur gute Leistungen abzurufen, sondern sich auch mit Blick auf die bekannte und beliebte Turnveranstaltung \u201eFalkenseer Sommer\u201c zu vergewissern, \u00a0ob die \u00dcbungen mit den entsprechenden Schwierigkeiten gespickt sind, ob &#8230; <a title=\"Grandioses Turnfinale vor den Sommerferien\" class=\"read-more\" href=\"https:\/\/www.eberswalderturnerschaft.de\/home\/grandioses-turnfinale-vor-den-sommerferien\/\" aria-label=\"Mehr bei Grandioses Turnfinale vor den Sommerferien\">Read more<\/a><\/p>\n","protected":false},"author":4,"featured_media":0,"comment_status":"closed","ping_status":"open","sticky":false,"template":"","format":"standard","meta":{"_coblocks_attr":"","_coblocks_dimensions":"","_coblocks_responsive_height":"","_coblocks_accordion_ie_support":"","footnotes":""},"categories":[5],"tags":[],"class_list":["post-247","post","type-post","status-publish","format-standard","hentry","category-beitraege","no-featured-image-padding"],"_links":{"self":[{"href":"https:\/\/www.eberswalderturnerschaft.de\/home\/wp-json\/wp\/v2\/posts\/247","targetHints":{"allow":["GET"]}}],"collection":[{"href":"https:\/\/www.eberswalderturnerschaft.de\/home\/wp-json\/wp\/v2\/posts"}],"about":[{"href":"https:\/\/www.eberswalderturnerschaft.de\/home\/wp-json\/wp\/v2\/types\/post"}],"author":[{"embeddable":true,"href":"https:\/\/www.eberswalderturnerschaft.de\/home\/wp-json\/wp\/v2\/users\/4"}],"replies":[{"embeddable":true,"href":"https:\/\/www.eberswalderturnerschaft.de\/home\/wp-json\/wp\/v2\/comments?post=247"}],"version-history":[{"count":3,"href":"https:\/\/www.eberswalderturnerschaft.de\/home\/wp-json\/wp\/v2\/posts\/247\/revisions"}],"predecessor-version":[{"id":273,"href":"https:\/\/www.eberswalderturnerschaft.de\/home\/wp-json\/wp\/v2\/posts\/247\/revisions\/273"}],"wp:attachment":[{"href":"https:\/\/www.eberswalderturnerschaft.de\/home\/wp-json\/wp\/v2\/media?parent=247"}],"wp:term":[{"taxonomy":"category","embeddable":true,"href":"https:\/\/www.eberswalderturnerschaft.de\/home\/wp-json\/wp\/v2\/categories?post=247"},{"taxonomy":"post_tag","embeddable":true,"href":"https:\/\/www.eberswalderturnerschaft.de\/home\/wp-json\/wp\/v2\/tags?post=247"}],"curies":[{"name":"wp","href":"https:\/\/api.w.org\/{rel}","templated":true}]}}