{"id":241,"date":"2019-09-29T13:34:50","date_gmt":"2019-09-29T13:34:50","guid":{"rendered":"https:\/\/www.eberswalderturnerschaft.de\/home\/?p=241"},"modified":"2019-12-04T16:42:16","modified_gmt":"2019-12-04T16:42:16","slug":"eberswalder-turnkinder-raeumten-ab-beim-havelpokal-in-brandenburg","status":"publish","type":"post","link":"https:\/\/www.eberswalderturnerschaft.de\/home\/eberswalder-turnkinder-raeumten-ab-beim-havelpokal-in-brandenburg\/","title":{"rendered":"Eberswalder Turnkinder r\u00e4umten ab beim Havelpokal in Brandenburg"},"content":{"rendered":"<p><strong><em>Pokalsieg bei den Jungen und Einzelsiege von Emil Enskat und Chiara Grohe<\/em><\/strong><\/p>\n<div style=\"text-align: justify;\">Jedes Jahr ein Highlight f\u00fcr die Eberswalder Turnkinder; der Havelpokal in Brandenburg. Bei diesem Mannschaftswettkampf konnte sich in den vergangenen Jahren die Eberswalder Turnerschaft des SV Motor e.V. hervorragend pr\u00e4sentieren und hat schon mehrfach den begehrten Pokal nach Eberswalde geholt und auch 2019 sollte wieder Erfolgsgeschichte geschrieben werden.Im ersten Durchgang starteten die j\u00fcngeren Kinder in den P-Stufen. Die Eberswalder Turnerschaft ging mit einer Jungen- und einer M\u00e4dchenmannschaft in diesen Wettkampf und das mit Erfolg, denn die Jungen (Richard Muchow, Ole Ritter, Julian Stenschke, Emil Enskat und Felix W\u00f6he) holten sich den begehrten Pokal. In der Einzelwertung konnte sich Emil Enskat ebenfalls \u00fcber Platz 1 freuen und Ole Ritter \u00fcber Platz 3. Auch wenn aus Sicht des \u00dcbungsleiters Ulf Reimann \u201enicht immer alles ganz rund lief\u201c und ver\u00e4nderte Bedingungen die Aufregung und Nervosit\u00e4t noch steigerten, so zeigte die Mannschaft doch eine starke geschlossene Leistung, die letztendlich ihre St\u00e4rke ausmachte und damit den Gewinn des Pokals erm\u00f6glichte\u00a0 Alle mitgereisten Eberswalder feierten frenetisch diesen Sieg. Die Eberswalder Turnerschaft hatte aber auch noch in LK 4 einen Einzelstarter in den Wettkampf geschickt &#8211; f\u00fcr Felix W\u00f6he der erste Gradmesser in Blickrichtung Landesmeisterschaften. Es wurden im Training neue \u00dcbungen erarbeitet und erstmals im Wettkampf geturnt. F\u00fcr Felix lief der Wettkampf nicht ganz optimal, aber er wurde immerhin Sechster von 14 Teilnehmern. \u201eDoch rasten hei\u00dft rosten!\u201c und deshalb hei\u00dft es jetzt, den Wettkampf zu analysieren und den Blick auf die\u00a0n\u00e4chsten Meisterschaften am 04.-05. Mai in Strausberg zu richten.<\/p>\n<p>Die neu zusammengesetzte P5-M\u00e4dchenmannschaft (Mia Schimmelpfennig, Tamina Kolm, Jelena Matth\u00e4us, Lotta Spann und Ronya G\u00f6rner) hatte beim Sprung mit ungewohnten Bedingungen zu k\u00e4mpfen und verpassten deshalb leider das Treppchen mit einem guten vierten Platz. Die Entt\u00e4uschung war gro\u00df, doch die M\u00e4dchen sind nun umso motovierter f\u00fcr das n\u00e4chste Jahr. Die \u00dcbungsleiterinnen Doreen Matth\u00e4us und Lydia Graupe sind zufrieden, auch wenn sie viel tr\u00f6sten mussten.<\/p>\n<p>Im 2. Durchgang gingen die \u00e4lteren M\u00e4dchen in den Leistungsklassen LK3 und LK4 mit insgesamt 4 Mannschaften in den Wettkampf.<\/p>\n<p>Die tolle, entspannte Atmosph\u00e4re in der Turnhalle und die applaudierende, gro\u00dfartige Unterst\u00fctzung der Eltern auf dem Zuschauerrang brachten die Eberswalder M\u00e4dchen erneut zu H\u00f6chstleistungen.<\/p>\n<p>Unsere neue LK 3 &#8211; Mannschaft mit Chiara Grohe, Mila Heenemann, Mareen und Marissa Kain sowie Miriam Ehlers erk\u00e4mpften sich grandios und v\u00f6llig unerwartet den 3. Platz.<\/p>\n<p>Die erste LK 4-Mannschaft (ab 2008 und \u00e4lter) mit Anna M\u00fcller, Lilli D\u00f6belin, Samira Feldner und einer Turnerin aus Eichwalde erreichte den 6. Platz.<\/p>\n<p>Die beiden anderen LK 4-Mannschaften (bis 2008 und j\u00fcnger) zeigten tolle Leistungen und erturnten einen tollen zweiten Platz (Elina Carnarius, Kristin Winter, Lilly Wagner, Jana Stepanenko und eine Turnerin aus Eichwalde) sowie Platz 4 (Melanie Borodin, Lina Karnstedt, Luna Schwarz, Leona Brandenburger und Nelly Kals).<\/p>\n<p>Auch die Einzelwertungen konnten sich sehen lassen. Die Eberswalder M\u00e4dchen waren auf den vorderen Pl\u00e4tzen mit dabei: Chiara Grohe (LK3) auf Platz 1, Mila Heenemann (LK3) mit nur einem 10tel dahinter auf Platz 2, Lilly Wagner (LK4) auf Platz 3 und Jana Stepanenko (LK4) auf Platz 6.<\/p>\n<p>Die Trainerinnen Yvonne Schemel, Nadine Schwarz und Regina Fischer waren sehr stolz auf ihre Sch\u00fctzlinge und freuten sich \u00fcber die erneut guten Ergebnisse ihrer Turnkinder.<\/p>\n<p>&nbsp;<\/p>\n<figure id=\"attachment_266\" aria-describedby=\"caption-attachment-266\" style=\"width: 1014px\" class=\"wp-caption aligncenter\"><img loading=\"lazy\" decoding=\"async\" class=\"wp-image-266 size-large\" src=\"https:\/\/www.eberswalderturnerschaft.de\/home\/wp-content\/uploads\/2019\/09\/6-Daniel-Wo\u0308he-Die-P-Stufen-Mannschaften-mit-ihren-U\u0308bungsleitern-1024x619.jpg\" alt=\"\" width=\"1024\" height=\"619\" srcset=\"https:\/\/www.eberswalderturnerschaft.de\/home\/wp-content\/uploads\/2019\/09\/6-Daniel-Wo\u0308he-Die-P-Stufen-Mannschaften-mit-ihren-U\u0308bungsleitern-1024x619.jpg 1024w, https:\/\/www.eberswalderturnerschaft.de\/home\/wp-content\/uploads\/2019\/09\/6-Daniel-Wo\u0308he-Die-P-Stufen-Mannschaften-mit-ihren-U\u0308bungsleitern-600x363.jpg 600w, https:\/\/www.eberswalderturnerschaft.de\/home\/wp-content\/uploads\/2019\/09\/6-Daniel-Wo\u0308he-Die-P-Stufen-Mannschaften-mit-ihren-U\u0308bungsleitern-300x181.jpg 300w, https:\/\/www.eberswalderturnerschaft.de\/home\/wp-content\/uploads\/2019\/09\/6-Daniel-Wo\u0308he-Die-P-Stufen-Mannschaften-mit-ihren-U\u0308bungsleitern-768x464.jpg 768w, https:\/\/www.eberswalderturnerschaft.de\/home\/wp-content\/uploads\/2019\/09\/6-Daniel-Wo\u0308he-Die-P-Stufen-Mannschaften-mit-ihren-U\u0308bungsleitern.jpg 1280w\" sizes=\"auto, (max-width: 1024px) 100vw, 1024px\" \/><figcaption id=\"caption-attachment-266\" class=\"wp-caption-text\">Die P-Stufen- Mannschaften mit ihren U\u0308bungsleitern (Foto: Daniel Wo\u0308he)<\/figcaption><\/figure>\n<\/div>\n","protected":false},"excerpt":{"rendered":"<p>Pokalsieg bei den Jungen und Einzelsiege von Emil Enskat und Chiara Grohe Jedes Jahr ein Highlight f\u00fcr die Eberswalder Turnkinder; der Havelpokal in Brandenburg. Bei diesem Mannschaftswettkampf konnte sich in den vergangenen Jahren die Eberswalder Turnerschaft des SV Motor e.V. hervorragend pr\u00e4sentieren und hat schon mehrfach den begehrten Pokal nach Eberswalde geholt und auch 2019 &#8230; <a title=\"Eberswalder Turnkinder r\u00e4umten ab beim Havelpokal in Brandenburg\" class=\"read-more\" href=\"https:\/\/www.eberswalderturnerschaft.de\/home\/eberswalder-turnkinder-raeumten-ab-beim-havelpokal-in-brandenburg\/\" aria-label=\"Mehr bei Eberswalder Turnkinder r\u00e4umten ab beim Havelpokal in Brandenburg\">Read more<\/a><\/p>\n","protected":false},"author":4,"featured_media":0,"comment_status":"closed","ping_status":"open","sticky":false,"template":"","format":"standard","meta":{"_coblocks_attr":"","_coblocks_dimensions":"","_coblocks_responsive_height":"","_coblocks_accordion_ie_support":"","footnotes":""},"categories":[5],"tags":[],"class_list":["post-241","post","type-post","status-publish","format-standard","hentry","category-beitraege","no-featured-image-padding"],"_links":{"self":[{"href":"https:\/\/www.eberswalderturnerschaft.de\/home\/wp-json\/wp\/v2\/posts\/241","targetHints":{"allow":["GET"]}}],"collection":[{"href":"https:\/\/www.eberswalderturnerschaft.de\/home\/wp-json\/wp\/v2\/posts"}],"about":[{"href":"https:\/\/www.eberswalderturnerschaft.de\/home\/wp-json\/wp\/v2\/types\/post"}],"author":[{"embeddable":true,"href":"https:\/\/www.eberswalderturnerschaft.de\/home\/wp-json\/wp\/v2\/users\/4"}],"replies":[{"embeddable":true,"href":"https:\/\/www.eberswalderturnerschaft.de\/home\/wp-json\/wp\/v2\/comments?post=241"}],"version-history":[{"count":4,"href":"https:\/\/www.eberswalderturnerschaft.de\/home\/wp-json\/wp\/v2\/posts\/241\/revisions"}],"predecessor-version":[{"id":267,"href":"https:\/\/www.eberswalderturnerschaft.de\/home\/wp-json\/wp\/v2\/posts\/241\/revisions\/267"}],"wp:attachment":[{"href":"https:\/\/www.eberswalderturnerschaft.de\/home\/wp-json\/wp\/v2\/media?parent=241"}],"wp:term":[{"taxonomy":"category","embeddable":true,"href":"https:\/\/www.eberswalderturnerschaft.de\/home\/wp-json\/wp\/v2\/categories?post=241"},{"taxonomy":"post_tag","embeddable":true,"href":"https:\/\/www.eberswalderturnerschaft.de\/home\/wp-json\/wp\/v2\/tags?post=241"}],"curies":[{"name":"wp","href":"https:\/\/api.w.org\/{rel}","templated":true}]}}