{"id":239,"date":"2019-09-29T13:32:52","date_gmt":"2019-09-29T13:32:52","guid":{"rendered":"https:\/\/www.eberswalderturnerschaft.de\/home\/?p=239"},"modified":"2019-12-04T16:42:21","modified_gmt":"2019-12-04T16:42:21","slug":"von-der-wiege-bis-zur-urne-turne-turne-turne","status":"publish","type":"post","link":"https:\/\/www.eberswalderturnerschaft.de\/home\/von-der-wiege-bis-zur-urne-turne-turne-turne\/","title":{"rendered":"Von der Wiege bis zur Urne: Turne, turne, turne!"},"content":{"rendered":"<div style=\"text-align: justify;\">\nDiesen Leitspruch des Turnv\u00f6lkchens hat sich auch die \u00e4lteste Teilnehmerin am 43. Eberswalder Turnertreff, die 81-j\u00e4hrige Maria Rieck aus Wittenberge, auf ihre Gymnastikkeulen geschrieben, die sie sie in ihrer K\u00fcr\u00fcbung \u00a0grazil zur Musik bewegt und durch die Luft wirbelt. \u201eIch komme so gern zu diesem Wettkampf nach Eberswalde, weil er durch seinen Ausschreibungsmodus besonders attraktiv auch f\u00fcr die \u00e4ltere Turngeneration ist, weil man hier immer alles bestens vorbereitet vorfindet und weil man auf liebe Menschen trifft, die man schon lange nicht mehr gesehen hat und mit denen man endlich einmal wieder ins Gespr\u00e4ch kommen kann.\u201c Die ehemalige deutsche Mehrkampf-Vizemeisterin von 2004 rutscht in ihrer Boden\u00fcbung heute noch m\u00fchelos in den Spagat, ist selbst noch als \u00dcbungsleiterin von Gymnastikgruppen t\u00e4tig und mit einem lockeren Spruch auf den Lippen wirkt sie einfach mal \u201efit \u00a0wie ein Turnschuh\u201c. Ihre 42 Mitstreiterinnen in 12 Altersklassen hatten sich aber ebenfalls gut pr\u00e4pariert, um in den Kampf um die hei\u00df begehrten Eberswalder Wurst &#8211; K\u00f6rbe als traditionelle Siegpr\u00e4mie eingreifen zu k\u00f6nnen. Diesmal schaffte es keine Eberswalderin, diese Troph\u00e4e zu erturnen, aber zwei Silberpl\u00e4tze f\u00fcr Dagmar R\u00fchl (AK 50) und Yvonne Schemel (AK 40), einen Bronzerang f\u00fcr Janka Sz\u00f6gedi (AK 30) und Platz 4 f\u00fcr Andrea Sz\u00f6gedi (AK 55) sind doch ein vorzeigbares Ergebnis. Letztere, die in der Mehrfachfunktion als Organisationsleiterin, Hallensprecherin und Turnerin starke Nerven beweisen musste, sagte, dass ihre Wettkampfteilnahme eine gute Ablenkung vom Organisationsstress f\u00fcr sie sei und keine gr\u00f6beren Fehler oder St\u00fcrze ihr diesmal \u201ebefreites Turnen\u201c erm\u00f6glichten. Hauptkampfrichterin Annette Kuhlig (TSC Strausberg) zeigte sich zufrieden \u00fcber den Wettkampfverlauf.<\/p>\n<p>Bei den M\u00e4nnern gingen insgesamt 33 Turner in 9 Altersklassen an den Start, davon stellten sich f\u00fcnf Waldst\u00e4dter den strengen Augen der Kampfrichter und sie lie\u00dfen nichts anbrennen. Jeder erturnte einen Podestplatz. Uwe Rehmann in der AK 70, gleichzeitig \u00e4ltester Turner, kam auf Rang 3. Axel Irrling (AK 55) und Andrej Kolew (AK 40) erzielten zweite Pl\u00e4tze. Doch den gr\u00f6\u00dften Appetit auf Eberswalder Wurstspezialit\u00e4ten hatten offensichtlich Henri Durke (AK 55) und Kolju Kolew (AK 70). Sie vergoldeten sich diesen Wettkampftag mit dem Sieg in ihren jeweiligen Altersklassen. Leider konnte unser Lokalmatador Dr. Rudolf Radecke (86) diesmal aus gesundheitlichen Gr\u00fcnden nur als Zuschauer das Wettkampfgeschehen verfolgen.<\/p>\n<p>Nat\u00fcrlich bietet solch ein Event auch eine ansprechende Plattform f\u00fcr Auszeichnungen. Und davon gab es diesmal eine ganze Menge. Im Beisein der Ehreng\u00e4ste Horst Schaefer, Gesch\u00e4ftsf\u00fchrer der Technischen Werke Eberswalde, und der \u00a0neuen Leiterin des Sportkomplexes Westend, Jennifer Musielak, \u00a0durfte sich Rudolf Trautmann \u00fcber ein Sachgeschenk f\u00fcr seinen unerm\u00fcdlichen Einsatz in Vorbereitung des Eberswalder Turnertreffs (ETT) freuen. Dagmar R\u00fchl erhielt aus den H\u00e4nden des KSB-Vorsitzenden, Ronald K\u00fchn, f\u00fcr ihr Engagement im Turnsport die Ehrennadel des Kreissportbundes Barnim. Martina Wolff wurde f\u00fcr ihre langj\u00e4hrige verdienstvolle T\u00e4tigkeit mit der Ehrennadel des M\u00e4rkischen Turnerbundes in Gold ausgezeichnet. Simone Kleinfeld und Gertraude Trautmann bekamen vom Gesch\u00e4ftsf\u00fchrer des SV Motor, Christian M\u00e4tzkow, die goldene Ehrennadel des SV Motor Eberswalde e.V. \u00fcberreicht Diese Auszeichnung wurde auch dem 80-j\u00e4hrigen Dieter Becherer (SG Spergau) f\u00fcr seine \u00fcber 30- j\u00e4hrige Hauptkampfrichtert\u00e4tigkeit beim ETT zuteil. Befragt nach dem Grund f\u00fcr diese langj\u00e4hrige Treue sagte er: \u201eEs ist f\u00fcr mich jedes Mal eine gro\u00dfe Freude und Ehre f\u00fcr diese Funktion eingeladen zu werden, da dieser Wettkampf mit seinem hohen Organisationsniveau besticht. Mich beeindrucken die vielen helfenden H\u00e4nde, die hier zupacken, um diese tolle Wettkampfst\u00e4tte herzurichten, ein Team, das Begeisterung und Empathie f\u00fcr die Sache ausstrahlt. Ich bewundere auch das Organisationstalent von Rudolf Trautmann, der seit vielen Jahren die F\u00e4den in der Hand h\u00e4lt, f\u00fcr einen \u00fcbersichtlichen Ablauf garantiert und einen Organisationsstab aufgebaut hat, der seinesgleichen sucht. Es macht mir auch wahnsinnig viel Spa\u00df, jedes Mal hier die Lust am Turnen bei den Aktiven beobachten zu k\u00f6nnen.\u201c<\/p>\n<p>Am 2. Wettkampftag, der den Jugend-und Erwachsenenklassen vorbehalten ist, gab es mit 86 Aktiven \u00a0\u00a0wieder hohe Teilnehmerzahlen bei den jungen Leuten. Die Kampfrichter\/Innen unter Leitung von Jana Rathmann (TSC Strausberg) und Helge Bochmann (TSV Falkensee) bewerteten hochkar\u00e4tige Turnkost in den Leistungsklassen 1-3. Es herrschte eine tolle Stimmung in der Halle und ganz oft brandete Szenenbeifall auf. Und auch hier schlugen sich die zwei Eberswalder Starter mit Bravour. Benjamin Rothe siegte \u00fcberlegen mit 69,20 Punkten in der LK 3 Erwachsene und holte sich Gold mit einem Vorsprung von 2,90 Z\u00e4hlern. Sein Vereinskamerad, Tobias Spangenberg, hatte in der Erw. LK 4 die Nase vorn und konnte den 2. Tagessieg f\u00fcr den SV Motor e.V. erturnen. Bei den 8 weiblichen Aktiven gab es gleich mehrere undankbare 4.Pl\u00e4tze, so auch f\u00fcr Anna Gurevich in der LK2 Erwachsene und Annekatrin Petzold in der LK 3. Beide konnten sich aber \u00fcber einer hohen Punktewertung f\u00fcr ihre wundersch\u00f6nen, ausdrucksstark geturnten Bodenk\u00fcren freuen. Das traf auch f\u00fcr die Dritte im Bunde, Natalie Aldana LK 3 Jugend, zu.<\/p>\n<p>Lea Korbik, Lisa Bobermien, Eskarina Metzdorf (Jgd. LK3), Nina M\u00fcller und Lydia Graupe (alle Erw. LK 3) belegten die Pl\u00e4tze 11,13, 13, 15 und 16. Sie mussten gegen ein starkes Teilnehmerfeld anturnen.<\/p>\n<p>Der Gastgeber schickte summa summarum 19 Aktive ins Rennen und verbuchte am Ende der Wettkampftage 10 Podestpl\u00e4tze. Das wurde nat\u00fcrlich nach Art der Turner ausgiebig auf der Abendveranstaltung im Feriendorf DORADO in Ruhlsdorf fr\u00f6hlich gefeiert.<\/p>\n<p>Am Ende des zweit\u00e4gigen Veranstaltungsmarathons mit insgesamt wieder fast 300 Freunden \u00a0des \u00a0Turnsports konnten die Organisatoren \u00a0ein \u00a0positives Res\u00fcmee ziehen und m\u00f6chten sich bei allen Turnerinnen, \u00a0Turnern, G\u00e4sten, Sponsoren und vor allem bei der \u00a0gro\u00dfen Helferschar hinter den Kulissen f\u00fcr \u00a0das \u00a0\u00a0gelungene Event bedanken, \u00a0u.a. auch \u00a0bei Carsten Zinn \u00a0vom Unabh\u00e4ngigen W\u00e4hlerb\u00fcndnis\u00a0 \u00a0Eberswalde, \u00a0der seit Jahren als zuschauender Stadtpolitiker den Turnsport wertsch\u00e4tzt. Der Termin f\u00fcr den 44. Eberswalder Turnertreff steht \u00fcbrigens mit dem 4.\/5. April 2020 bereits fest.<\/p>\n<p>Fotos und Informationen sind unter <a href=\"http:\/\/www.turnertreff.org\">www.turnertreff.org<\/a> sowie <a href=\"http:\/\/www.moz.de\">www.moz.de<\/a> zu finden.\n<\/div>\n","protected":false},"excerpt":{"rendered":"<p>Diesen Leitspruch des Turnv\u00f6lkchens hat sich auch die \u00e4lteste Teilnehmerin am 43. Eberswalder Turnertreff, die 81-j\u00e4hrige Maria Rieck aus Wittenberge, auf ihre Gymnastikkeulen geschrieben, die sie sie in ihrer K\u00fcr\u00fcbung \u00a0grazil zur Musik bewegt und durch die Luft wirbelt. \u201eIch komme so gern zu diesem Wettkampf nach Eberswalde, weil er durch seinen Ausschreibungsmodus besonders attraktiv &#8230; <a title=\"Von der Wiege bis zur Urne: Turne, turne, turne!\" class=\"read-more\" href=\"https:\/\/www.eberswalderturnerschaft.de\/home\/von-der-wiege-bis-zur-urne-turne-turne-turne\/\" aria-label=\"Mehr bei Von der Wiege bis zur Urne: Turne, turne, turne!\">Read more<\/a><\/p>\n","protected":false},"author":4,"featured_media":0,"comment_status":"closed","ping_status":"open","sticky":false,"template":"","format":"standard","meta":{"_coblocks_attr":"","_coblocks_dimensions":"","_coblocks_responsive_height":"","_coblocks_accordion_ie_support":"","footnotes":""},"categories":[5],"tags":[],"class_list":["post-239","post","type-post","status-publish","format-standard","hentry","category-beitraege","no-featured-image-padding"],"_links":{"self":[{"href":"https:\/\/www.eberswalderturnerschaft.de\/home\/wp-json\/wp\/v2\/posts\/239","targetHints":{"allow":["GET"]}}],"collection":[{"href":"https:\/\/www.eberswalderturnerschaft.de\/home\/wp-json\/wp\/v2\/posts"}],"about":[{"href":"https:\/\/www.eberswalderturnerschaft.de\/home\/wp-json\/wp\/v2\/types\/post"}],"author":[{"embeddable":true,"href":"https:\/\/www.eberswalderturnerschaft.de\/home\/wp-json\/wp\/v2\/users\/4"}],"replies":[{"embeddable":true,"href":"https:\/\/www.eberswalderturnerschaft.de\/home\/wp-json\/wp\/v2\/comments?post=239"}],"version-history":[{"count":3,"href":"https:\/\/www.eberswalderturnerschaft.de\/home\/wp-json\/wp\/v2\/posts\/239\/revisions"}],"predecessor-version":[{"id":277,"href":"https:\/\/www.eberswalderturnerschaft.de\/home\/wp-json\/wp\/v2\/posts\/239\/revisions\/277"}],"wp:attachment":[{"href":"https:\/\/www.eberswalderturnerschaft.de\/home\/wp-json\/wp\/v2\/media?parent=239"}],"wp:term":[{"taxonomy":"category","embeddable":true,"href":"https:\/\/www.eberswalderturnerschaft.de\/home\/wp-json\/wp\/v2\/categories?post=239"},{"taxonomy":"post_tag","embeddable":true,"href":"https:\/\/www.eberswalderturnerschaft.de\/home\/wp-json\/wp\/v2\/tags?post=239"}],"curies":[{"name":"wp","href":"https:\/\/api.w.org\/{rel}","templated":true}]}}