{"id":233,"date":"2019-09-29T13:28:05","date_gmt":"2019-09-29T13:28:05","guid":{"rendered":"https:\/\/www.eberswalderturnerschaft.de\/home\/?p=233"},"modified":"2019-12-04T16:43:51","modified_gmt":"2019-12-04T16:43:51","slug":"turnglanzlicht-am-wochenende-im-eberswalder-sportkomplex-westend","status":"publish","type":"post","link":"https:\/\/www.eberswalderturnerschaft.de\/home\/turnglanzlicht-am-wochenende-im-eberswalder-sportkomplex-westend\/","title":{"rendered":"Turnglanzlicht am Wochenende im Eberswalder Sportkomplex Westend"},"content":{"rendered":"<p>Zum 43. Mal wird am Samstag, dem 6.April 2019 um 11:00 Uhr die Er\u00f6ffnungsfanfare f\u00fcr den <strong>Eberswalder Turnertreff<\/strong> erklingen. 293 Meldungen liegen vor, davon gehen 178 als Aktive aus 46 Vereinen und 8 Bundesl\u00e4ndern an die Ger\u00e4te. 65 Kampfrichter\/Innen sind n\u00f6tig, um die Leistungen zu beurteilen und die mitgereisten Trainer und Betreuer hoffen nat\u00fcrlich auf ein m\u00f6glichst gutes Abschneiden ihrer Sch\u00fctzlinge.<\/p>\n<p>Die Hauptkampfrichter sind Jana Rathmann vom TSC Strausberg f\u00fcr den weiblichen Bereich und f\u00fcr den m\u00e4nnlichen Part Helge Bochmann vom TSV Falkensee sowie Dieter Becherer von der SG Spergau. Letzerer \u00fcbt diese Funktion immer noch mit seinen \u00fcber 80 Lenzen aus!!!<\/p>\n<p>Am Sonnabend wird in den Altersklassen von 25 bis \u00fcber 80 Jahre geturnt. Hier entbrennt immer ein harter Kampf um die begehrten Eberswalder Wurstk\u00f6rbe als Siegertroph\u00e4e. Als \u00e4lteste Turnerin geht Maria Rieck aus Wittenberge mit 81 Jahren an den Start und bei den M\u00e4nnern ist Lokalmatador Uwe Rehmann mit 74 Jahren dabei. Eberswalde stellt mit 35 Aktiven die meisten Teilnehmer aus einem Verein. Leider kann unser \u00e4ltester Turner, Dr. Rudolf Radecke; aus gesundheitlichen Gr\u00fcnden nur als Zuschauer dem Geschehen beiwohnen.<\/p>\n<p>Am Sonntag, dem 7. April beginnt der Wettkampf f\u00fcr die Jugend-und Erwachsenenklassen bereits ab 10:00 Uhr. Der Eintritt ist an beiden Tagen frei und das Organisationsteam um Andrea Sz\u00f6gedi und Rudolf Trautmann hofft nat\u00fcrlich auch auf gro\u00dfes Zuschauerinteresse seitens der einheimischen Bev\u00f6lkerung. Um die kulinarische Versorgung k\u00fcmmern sich viele flei\u00dfige Helfer aus den eigenen Reihen, aber auch von Seiten des Betreibers des \u201cSunset\u201d kommt Unterst\u00fctzung. Ebenso wird sich an beiden Wettkampftagen der Sportbekleidungs- und Sportger\u00e4teanbieter SAM Sport aus Berlin pr\u00e4sentieren.<\/p>\n","protected":false},"excerpt":{"rendered":"<p>Zum 43. Mal wird am Samstag, dem 6.April 2019 um 11:00 Uhr die Er\u00f6ffnungsfanfare f\u00fcr den Eberswalder Turnertreff erklingen. 293 Meldungen liegen vor, davon gehen 178 als Aktive aus 46 Vereinen und 8 Bundesl\u00e4ndern an die Ger\u00e4te. 65 Kampfrichter\/Innen sind n\u00f6tig, um die Leistungen zu beurteilen und die mitgereisten Trainer und Betreuer hoffen nat\u00fcrlich auf &#8230; <a title=\"Turnglanzlicht am Wochenende im Eberswalder Sportkomplex Westend\" class=\"read-more\" href=\"https:\/\/www.eberswalderturnerschaft.de\/home\/turnglanzlicht-am-wochenende-im-eberswalder-sportkomplex-westend\/\" aria-label=\"Mehr bei Turnglanzlicht am Wochenende im Eberswalder Sportkomplex Westend\">Read more<\/a><\/p>\n","protected":false},"author":4,"featured_media":0,"comment_status":"closed","ping_status":"open","sticky":false,"template":"","format":"standard","meta":{"_coblocks_attr":"","_coblocks_dimensions":"","_coblocks_responsive_height":"","_coblocks_accordion_ie_support":"","footnotes":""},"categories":[5],"tags":[],"class_list":["post-233","post","type-post","status-publish","format-standard","hentry","category-beitraege","no-featured-image-padding"],"_links":{"self":[{"href":"https:\/\/www.eberswalderturnerschaft.de\/home\/wp-json\/wp\/v2\/posts\/233","targetHints":{"allow":["GET"]}}],"collection":[{"href":"https:\/\/www.eberswalderturnerschaft.de\/home\/wp-json\/wp\/v2\/posts"}],"about":[{"href":"https:\/\/www.eberswalderturnerschaft.de\/home\/wp-json\/wp\/v2\/types\/post"}],"author":[{"embeddable":true,"href":"https:\/\/www.eberswalderturnerschaft.de\/home\/wp-json\/wp\/v2\/users\/4"}],"replies":[{"embeddable":true,"href":"https:\/\/www.eberswalderturnerschaft.de\/home\/wp-json\/wp\/v2\/comments?post=233"}],"version-history":[{"count":1,"href":"https:\/\/www.eberswalderturnerschaft.de\/home\/wp-json\/wp\/v2\/posts\/233\/revisions"}],"predecessor-version":[{"id":234,"href":"https:\/\/www.eberswalderturnerschaft.de\/home\/wp-json\/wp\/v2\/posts\/233\/revisions\/234"}],"wp:attachment":[{"href":"https:\/\/www.eberswalderturnerschaft.de\/home\/wp-json\/wp\/v2\/media?parent=233"}],"wp:term":[{"taxonomy":"category","embeddable":true,"href":"https:\/\/www.eberswalderturnerschaft.de\/home\/wp-json\/wp\/v2\/categories?post=233"},{"taxonomy":"post_tag","embeddable":true,"href":"https:\/\/www.eberswalderturnerschaft.de\/home\/wp-json\/wp\/v2\/tags?post=233"}],"curies":[{"name":"wp","href":"https:\/\/api.w.org\/{rel}","templated":true}]}}