{"id":231,"date":"2019-09-29T13:27:12","date_gmt":"2019-09-29T13:27:12","guid":{"rendered":"https:\/\/www.eberswalderturnerschaft.de\/home\/?p=231"},"modified":"2019-12-04T16:43:56","modified_gmt":"2019-12-04T16:43:56","slug":"das-neue-wettkampfjahr-ist-eingelaeutet-2","status":"publish","type":"post","link":"https:\/\/www.eberswalderturnerschaft.de\/home\/das-neue-wettkampfjahr-ist-eingelaeutet-2\/","title":{"rendered":"Das neue Wettkampfjahr ist eingel\u00e4utet"},"content":{"rendered":"<p>33 Turnerinnen und 9 Turner testeten zum 1. Ranglistenturnen der Kinderklassen der Abteilung Turnen des SV Motor Eberswalde e.V. ihr Leistungsverm\u00f6gen zum Saisonstart. Dieser vereinsinterne Wettkampf bietet eine gute Plattform, um den eigenen Leistungsstand zu testen, Defizite zu erkennen und neue Elemente bzw. Choreografien auszuprobieren. Au\u00dferdem bietet die Teilnahme daran, die Chance, in den Kampf um den Titel beste Turnerin\/bester Turner\u00a0\u00a0 des Jahres erfolgreich eingreifen zu k\u00f6nnen.<\/p>\n<p>Bei den 3 Starterinnen in der anspruchsvollen LK 3 setzte sich mit 1,55 Punkten Vorsprung souver\u00e4n Mila Heenemann durch. Ihre St\u00e4rken lagen diesmal an Schwebebalken und Sprung (jeweils 12,00 Punkte). In der LK 4 2006\/07 machte Anna M\u00fcller das Rennen und manifestierte mit einer 11,8 Punkte \u2013 Wertung am Schwebebalken ihren Sieg. Mit dem Hauch von f\u00fcnf Hundertsteln Vorsprung lie\u00df Lilly Charleen Wagner ihrer Konkurrentin\u00a0\u00a0 Elina Carnarius in der LK 4 2008\/09 keine Chance auf den obersten Treppchenplatz.<\/p>\n<p>Die Pflichtstufenturnerinnen (P-Stufe) 2010 und 2011 Tamina Kolm und Mara Gersdorf waren jeweils die Besten in ihren Jahrg\u00e4ngen und beide erturnten auch ihren H\u00f6chstwert am Stufenbarren.<\/p>\n<p>Bei den Jungen in der LK 4 stand Felix W\u00f6he ganz oben auf dem Podest, er lieferte seine beste Leistung mit 10,90 Punkten an den Ringen ab. In der P-Stufe Fortgeschrittene Jg. 2009 und j\u00fcnger erk\u00e4mpfte sich Emil Enskat den Sieg, wobei Ringe (12,65 Pkt.) und Sprung (12,60 Pkt.) \u00a0seine besten Ger\u00e4te waren. Die beiden Turnspatzen Noah Panzlaff (Jg.12) und Nino Friedrich (Jg.13) starteten in der P-Stufen-Klasse f\u00fcr Anf\u00e4nger. Der \u00c4ltere von beiden hatte hier die Nase vorn durch gute Wertungen an Sprung und Barren.<\/p>\n<p>Auch wenn nicht immer jeder mit seinen Ergebnissen zufrieden war, so werden doch viele wieder beim 43. Eberswalder Turnertreff am 6.\/7. April 2019 im Sportkomplex Westend als Riegenf\u00fchrer, Helfer und auch als aktive Beobachter des Turngeschehens mit dabei sein und sicher ein bewunderndes Auge auf ihre startberechtigten Vereinskameraden und Trainer werfen.<\/p>\n","protected":false},"excerpt":{"rendered":"<p>33 Turnerinnen und 9 Turner testeten zum 1. Ranglistenturnen der Kinderklassen der Abteilung Turnen des SV Motor Eberswalde e.V. ihr Leistungsverm\u00f6gen zum Saisonstart. Dieser vereinsinterne Wettkampf bietet eine gute Plattform, um den eigenen Leistungsstand zu testen, Defizite zu erkennen und neue Elemente bzw. Choreografien auszuprobieren. Au\u00dferdem bietet die Teilnahme daran, die Chance, in den Kampf &#8230; <a title=\"Das neue Wettkampfjahr ist eingel\u00e4utet\" class=\"read-more\" href=\"https:\/\/www.eberswalderturnerschaft.de\/home\/das-neue-wettkampfjahr-ist-eingelaeutet-2\/\" aria-label=\"Mehr bei Das neue Wettkampfjahr ist eingel\u00e4utet\">Read more<\/a><\/p>\n","protected":false},"author":4,"featured_media":0,"comment_status":"closed","ping_status":"open","sticky":false,"template":"","format":"standard","meta":{"_coblocks_attr":"","_coblocks_dimensions":"","_coblocks_responsive_height":"","_coblocks_accordion_ie_support":"","footnotes":""},"categories":[5],"tags":[],"class_list":["post-231","post","type-post","status-publish","format-standard","hentry","category-beitraege","no-featured-image-padding"],"_links":{"self":[{"href":"https:\/\/www.eberswalderturnerschaft.de\/home\/wp-json\/wp\/v2\/posts\/231","targetHints":{"allow":["GET"]}}],"collection":[{"href":"https:\/\/www.eberswalderturnerschaft.de\/home\/wp-json\/wp\/v2\/posts"}],"about":[{"href":"https:\/\/www.eberswalderturnerschaft.de\/home\/wp-json\/wp\/v2\/types\/post"}],"author":[{"embeddable":true,"href":"https:\/\/www.eberswalderturnerschaft.de\/home\/wp-json\/wp\/v2\/users\/4"}],"replies":[{"embeddable":true,"href":"https:\/\/www.eberswalderturnerschaft.de\/home\/wp-json\/wp\/v2\/comments?post=231"}],"version-history":[{"count":1,"href":"https:\/\/www.eberswalderturnerschaft.de\/home\/wp-json\/wp\/v2\/posts\/231\/revisions"}],"predecessor-version":[{"id":232,"href":"https:\/\/www.eberswalderturnerschaft.de\/home\/wp-json\/wp\/v2\/posts\/231\/revisions\/232"}],"wp:attachment":[{"href":"https:\/\/www.eberswalderturnerschaft.de\/home\/wp-json\/wp\/v2\/media?parent=231"}],"wp:term":[{"taxonomy":"category","embeddable":true,"href":"https:\/\/www.eberswalderturnerschaft.de\/home\/wp-json\/wp\/v2\/categories?post=231"},{"taxonomy":"post_tag","embeddable":true,"href":"https:\/\/www.eberswalderturnerschaft.de\/home\/wp-json\/wp\/v2\/tags?post=231"}],"curies":[{"name":"wp","href":"https:\/\/api.w.org\/{rel}","templated":true}]}}