{"id":228,"date":"2019-09-29T13:26:27","date_gmt":"2019-09-29T13:26:27","guid":{"rendered":"https:\/\/www.eberswalderturnerschaft.de\/home\/?p=228"},"modified":"2019-12-04T16:44:01","modified_gmt":"2019-12-04T16:44:01","slug":"da-wo-die-profis-turnen","status":"publish","type":"post","link":"https:\/\/www.eberswalderturnerschaft.de\/home\/da-wo-die-profis-turnen\/","title":{"rendered":"Da, wo die Profis turnen&#8230;"},"content":{"rendered":"<p>Nun schon zum zweiten Mal miterleben zu d\u00fcrfen, wie unter Sportclub-Bedingungen trainiert wird, das ist schon etwas Besonderes. Voller Freude und Erwartungen fuhren die 10 Eberswalder Starterinnen zu diesem traditionellen Freundschaftswettkampf in die tolle Halle des Sportleistungszentrums der Sportschule Berlin Hohensch\u00f6nhausen. Diesmal war als Wettkampfmodus ein Paarturnen ausgeschrieben, wobei die Zusammenlosung der Paare laut Anmeldung erfolgte. Innerhalb der jeweiligen Leistungsklassen 4, 3 und 2 durfte jede Starterin nur zwei Ger\u00e4te turnen, aber alle vier Turnger\u00e4te kamen in die Wertung. Man musste sich also taktisch klug einigen. F\u00fcr die Waldst\u00e4dterinnen ergaben sich folgende Paarungen mit sehr guten Ergebnissen:<\/p>\n<p>Team 1: Ida D\u00f6rner und Lilly Wagner Jg. 2009 LK4 = 1. Platz<\/p>\n<p>Team 2: Dorothea Durke und Jana Stepanenko Jg. 2007-2008 LK4 = 1. Platz<\/p>\n<p>Team 3: Marissa und Mareen Kain Jg. 2005-2006 LK3 = 2. Platz<\/p>\n<p>Team 4: Katja Kosin und Carolina Baron LK4 Jg. 2005-2006 = 4 . Platz<\/p>\n<p>Team 5: Miriam Ehlers LK3 Jg. 2007 mit Carolina LK4 aus Berlin = 4 . Platz .<\/p>\n<p>Einzel:\u00a0 Mila Heenemann Jg. 2007 LK2 turnte f\u00fcr den SC Berlin alle 4 Ger\u00e4te = 1. Platz<\/p>\n<p>Da es f\u00fcr Platz 1-3 Pokale zu gewinnen gab, fuhren die Eberswalderinnen mit 7 Pokalen und einem Schokoladenpokal nach Hause. Diesen hatten die Kain &#8211; Zwillinge f\u00fcr Miriam Ehlers gebastelt, der eine Berliner Turnerin aus der schw\u00e4cheren Leistungsklasse 4 zugelost worden war und es \u00a0dadurch nicht gelingen konnte, die notwendigen Punkte f\u00fcr einen Pokalplatz zu erreichen.<\/p>\n<p>Yvonne Schemel res\u00fcmierte nach dem Wettkampftag beeindruckt: \u201e Was f\u00fcr ein tolles Team mit einem gro\u00dfen Herzen f\u00fcr Kameradschaft und fairen Turnsport.\u201c<\/p>\n","protected":false},"excerpt":{"rendered":"<p>Nun schon zum zweiten Mal miterleben zu d\u00fcrfen, wie unter Sportclub-Bedingungen trainiert wird, das ist schon etwas Besonderes. Voller Freude und Erwartungen fuhren die 10 Eberswalder Starterinnen zu diesem traditionellen Freundschaftswettkampf in die tolle Halle des Sportleistungszentrums der Sportschule Berlin Hohensch\u00f6nhausen. Diesmal war als Wettkampfmodus ein Paarturnen ausgeschrieben, wobei die Zusammenlosung der Paare laut Anmeldung &#8230; <a title=\"Da, wo die Profis turnen&#8230;\" class=\"read-more\" href=\"https:\/\/www.eberswalderturnerschaft.de\/home\/da-wo-die-profis-turnen\/\" aria-label=\"Mehr bei Da, wo die Profis turnen&#8230;\">Read more<\/a><\/p>\n","protected":false},"author":4,"featured_media":0,"comment_status":"closed","ping_status":"open","sticky":false,"template":"","format":"standard","meta":{"_coblocks_attr":"","_coblocks_dimensions":"","_coblocks_responsive_height":"","_coblocks_accordion_ie_support":"","footnotes":""},"categories":[5],"tags":[],"class_list":["post-228","post","type-post","status-publish","format-standard","hentry","category-beitraege","no-featured-image-padding"],"_links":{"self":[{"href":"https:\/\/www.eberswalderturnerschaft.de\/home\/wp-json\/wp\/v2\/posts\/228","targetHints":{"allow":["GET"]}}],"collection":[{"href":"https:\/\/www.eberswalderturnerschaft.de\/home\/wp-json\/wp\/v2\/posts"}],"about":[{"href":"https:\/\/www.eberswalderturnerschaft.de\/home\/wp-json\/wp\/v2\/types\/post"}],"author":[{"embeddable":true,"href":"https:\/\/www.eberswalderturnerschaft.de\/home\/wp-json\/wp\/v2\/users\/4"}],"replies":[{"embeddable":true,"href":"https:\/\/www.eberswalderturnerschaft.de\/home\/wp-json\/wp\/v2\/comments?post=228"}],"version-history":[{"count":2,"href":"https:\/\/www.eberswalderturnerschaft.de\/home\/wp-json\/wp\/v2\/posts\/228\/revisions"}],"predecessor-version":[{"id":230,"href":"https:\/\/www.eberswalderturnerschaft.de\/home\/wp-json\/wp\/v2\/posts\/228\/revisions\/230"}],"wp:attachment":[{"href":"https:\/\/www.eberswalderturnerschaft.de\/home\/wp-json\/wp\/v2\/media?parent=228"}],"wp:term":[{"taxonomy":"category","embeddable":true,"href":"https:\/\/www.eberswalderturnerschaft.de\/home\/wp-json\/wp\/v2\/categories?post=228"},{"taxonomy":"post_tag","embeddable":true,"href":"https:\/\/www.eberswalderturnerschaft.de\/home\/wp-json\/wp\/v2\/tags?post=228"}],"curies":[{"name":"wp","href":"https:\/\/api.w.org\/{rel}","templated":true}]}}