{"id":223,"date":"2019-09-29T13:23:19","date_gmt":"2019-09-29T13:23:19","guid":{"rendered":"https:\/\/www.eberswalderturnerschaft.de\/home\/?p=223"},"modified":"2019-12-04T16:44:15","modified_gmt":"2019-12-04T16:44:15","slug":"und-wieder-einmal-ruft-die-waldstadt-turner-auf-zum-streite","status":"publish","type":"post","link":"https:\/\/www.eberswalderturnerschaft.de\/home\/und-wieder-einmal-ruft-die-waldstadt-turner-auf-zum-streite\/","title":{"rendered":"Und wieder einmal ruft die Waldstadt: &#8222;Turner auf zum Streite&#8230;&#8220;"},"content":{"rendered":"<p>In Vorbereitung des 43. Eberswalder Turnertreffs am 6. \/ 7. April 2019 trafen sich die Mitglieder des Organisationsstabes, um im Rahmen eines Arbeitsessens Wesentliches vorab zu planen und zu organisieren. Hauptkamprichterin f\u00fcr den weiblichen Bereich, Jana Rathmann vom TSC Strausberg, kennt ihren Part genau und hatte kaum noch offene Fragen.<\/p>\n<p>F\u00fcr den m\u00e4nnlichen Bereich zeichnen Dieter Becherer von der SG Spergau in Sachsen Anhalt und Helge Bochmann vom TSV Falkensee verantwortlich. Sie sind sich sicher, f\u00fcr offene Fragen und aufgetretene Probleme vom Vorjahr L\u00f6sungen gefunden zu haben, um eine Wettkampfoptimierung anstreben zu k\u00f6nnen. Akribisch wurden von Versammlungsleiter Rudolf Trautmann alle weiteren wichtigen Eckpunkte benannt und in der Runde diskutiert. Hierzu geh\u00f6rten:<\/p>\n<ul>\n<li>Andrea Sz\u00f6gedi und Rudolf Trautmann als ETT &#8211; Organisationsleiter,<\/li>\n<li>Yvonne Schemel als Verantwortliche f\u00fcr Riegenbetreuung und kulturelle Gestaltung,<\/li>\n<li>Dagmar R\u00fchl als Zust\u00e4ndige f\u00fcr historische Dokumentation und Werbung,<\/li>\n<li>Andrej Kolew als Hauptverantwortlicher f\u00fcr Meldet\u00e4tigkeit, Riegeneinteilung und Quartierfragen,<\/li>\n<li>Gertraude Trautmann als Zust\u00e4ndige f\u00fcr \u00d6ffentlichkeitsarbeit und<\/li>\n<li>die wichtigen Akteure des Berechnungsteams, Olaf Tank aus Berlin und Oliver Prinz aus Bernau.<\/li>\n<\/ul>\n<p>Corinna Schiller, die Lebens-und Arbeitspartnerin des im Vorjahr verstorbenen Inhabers des Druckhauses Eberswalde, Hans-J\u00fcrgen Raede, hat dessen Aufgaben mit \u00fcbernommen, und k\u00fcmmert sich um die Gestaltung und den Druck von Urkunden.<\/p>\n<p>Zum Schluss dieser Veranstaltung waren sich alle einig, durch diese konstruktive Gespr\u00e4chsrunde eine optimale Vorbereitungsphase f\u00fcr das bevorstehende Waldstadtevent eingeleitet zu haben.<\/p>\n","protected":false},"excerpt":{"rendered":"<p>In Vorbereitung des 43. Eberswalder Turnertreffs am 6. \/ 7. April 2019 trafen sich die Mitglieder des Organisationsstabes, um im Rahmen eines Arbeitsessens Wesentliches vorab zu planen und zu organisieren. Hauptkamprichterin f\u00fcr den weiblichen Bereich, Jana Rathmann vom TSC Strausberg, kennt ihren Part genau und hatte kaum noch offene Fragen. F\u00fcr den m\u00e4nnlichen Bereich zeichnen &#8230; <a title=\"Und wieder einmal ruft die Waldstadt: &#8222;Turner auf zum Streite&#8230;&#8220;\" class=\"read-more\" href=\"https:\/\/www.eberswalderturnerschaft.de\/home\/und-wieder-einmal-ruft-die-waldstadt-turner-auf-zum-streite\/\" aria-label=\"Mehr bei Und wieder einmal ruft die Waldstadt: &#8222;Turner auf zum Streite&#8230;&#8220;\">Read more<\/a><\/p>\n","protected":false},"author":4,"featured_media":0,"comment_status":"closed","ping_status":"open","sticky":false,"template":"","format":"standard","meta":{"_coblocks_attr":"","_coblocks_dimensions":"","_coblocks_responsive_height":"","_coblocks_accordion_ie_support":"","footnotes":""},"categories":[5],"tags":[],"class_list":["post-223","post","type-post","status-publish","format-standard","hentry","category-beitraege","no-featured-image-padding"],"_links":{"self":[{"href":"https:\/\/www.eberswalderturnerschaft.de\/home\/wp-json\/wp\/v2\/posts\/223","targetHints":{"allow":["GET"]}}],"collection":[{"href":"https:\/\/www.eberswalderturnerschaft.de\/home\/wp-json\/wp\/v2\/posts"}],"about":[{"href":"https:\/\/www.eberswalderturnerschaft.de\/home\/wp-json\/wp\/v2\/types\/post"}],"author":[{"embeddable":true,"href":"https:\/\/www.eberswalderturnerschaft.de\/home\/wp-json\/wp\/v2\/users\/4"}],"replies":[{"embeddable":true,"href":"https:\/\/www.eberswalderturnerschaft.de\/home\/wp-json\/wp\/v2\/comments?post=223"}],"version-history":[{"count":2,"href":"https:\/\/www.eberswalderturnerschaft.de\/home\/wp-json\/wp\/v2\/posts\/223\/revisions"}],"predecessor-version":[{"id":225,"href":"https:\/\/www.eberswalderturnerschaft.de\/home\/wp-json\/wp\/v2\/posts\/223\/revisions\/225"}],"wp:attachment":[{"href":"https:\/\/www.eberswalderturnerschaft.de\/home\/wp-json\/wp\/v2\/media?parent=223"}],"wp:term":[{"taxonomy":"category","embeddable":true,"href":"https:\/\/www.eberswalderturnerschaft.de\/home\/wp-json\/wp\/v2\/categories?post=223"},{"taxonomy":"post_tag","embeddable":true,"href":"https:\/\/www.eberswalderturnerschaft.de\/home\/wp-json\/wp\/v2\/tags?post=223"}],"curies":[{"name":"wp","href":"https:\/\/api.w.org\/{rel}","templated":true}]}}