{"id":214,"date":"2019-09-29T13:20:34","date_gmt":"2019-09-29T13:20:34","guid":{"rendered":"https:\/\/www.eberswalderturnerschaft.de\/home\/?p=214"},"modified":"2019-12-04T16:44:24","modified_gmt":"2019-12-04T16:44:24","slug":"neujahrsempfang-der-eberswalder-turnerschaft-in-fuenfter-auflage-2","status":"publish","type":"post","link":"https:\/\/www.eberswalderturnerschaft.de\/home\/neujahrsempfang-der-eberswalder-turnerschaft-in-fuenfter-auflage-2\/","title":{"rendered":"Neujahrsempfang der Eberswalder Turnerschaft in f\u00fcnfter Auflage"},"content":{"rendered":"<p><span style=\"font-size: 12.0pt;\">Es hat sich zu einer attraktiven Tradition entwickelt, dass die Eberswalder Turnabteilung des SV Motor zum Neujahrsempfang in die Ger\u00e4tturnhalle im Sportkomplex Westend einl\u00e4dt. Auch diesmal versammelten sich wieder etwa 60 Mitglieder, Helfer und Sponsoren zur 5. Ausgabe dieser Veranstaltung um das liebevoll selbst kreierte Buffet und erhoben gemeinsam mit dem Vereinsvorsitzenden, Martin Hoeck, das Glas auf ein erfolgreiches neues Turnjahr. Auch der kulturelle Rahmen war hausgemacht. So zeigten Turnerinnen der P5 \u00dcbungen an Schwebebalken und Reck. Ihre \u00e4lteren Vereinskameradinnen aus der LK4, das Team Anna M\u00fcller und die Zwillinge Marissa und Mareen Kain konnten mit einer tollen Performance am Boden aufwarten. Als musikalischen Leckerbissen kredenzte die Turn-Band Gymbuddies, bestehend aus Henrik Nitz, Robin Becker, Tobias Spangenberg sowie Andreas Schott, Instrumentales und Gesang auch zum Mitsingen f\u00fcr das Publikum.<\/span><\/p>\n<p><span style=\"font-size: 12.0pt;\">Abteilungsleiterin Andrea Sz\u00f6gedi lie\u00df die Highlights von 2018 noch einmal Revue passieren und lobte das ehrenamtliche Engagement vieler Mitglieder sowie die erzielten sportlichen Erfolge. So wurde dieser Rahmen gleich genutzt, um besondere Einsatzbereitschaft f\u00fcr den Verein zu honorieren. Nadine Schwarz und Ulf Reimann konnten sich \u00fcber Sachgeschenke freuen. Antje Trautmann und Annekatrin Petzold erhielten die Ehrennadel des SV Motor in Bronze f\u00fcr ihre Aktivit\u00e4ten und langj\u00e4hrige Vereinszugeh\u00f6rigkeit. Zu den engagiertesten Kampfrichterinnen des vergangenen Jahres geh\u00f6rten Simone Kleinfeld bei den vereinsinternen Wettk\u00e4mpfen sowie Yvonne Schemel, Antje Trautmann und Lisa Bobermien bei den Ausw\u00e4rtseins\u00e4tzen. Sie wurden mit Gutscheinen ausgezeichnet. <\/span><\/p>\n<p><span style=\"font-size: 12.0pt;\">Nat\u00fcrlich fehlten auch die Ausblicke auf anstehende Vorhaben nicht. Die H\u00f6hepunkte f\u00fcr 2019 werden die Durchf\u00fchrung des 43. Eberswalder Turnertreffs am 6.\/7. April im Sportkomplex Westend sein sowie die Mitgestaltung der Feierlichkeiten zum 110. Geburtstag des SV Motor Eberswalde e.V. am 8. Juni.<\/span><\/p>\n","protected":false},"excerpt":{"rendered":"<p>Es hat sich zu einer attraktiven Tradition entwickelt, dass die Eberswalder Turnabteilung des SV Motor zum Neujahrsempfang in die Ger\u00e4tturnhalle im Sportkomplex Westend einl\u00e4dt. Auch diesmal versammelten sich wieder etwa 60 Mitglieder, Helfer und Sponsoren zur 5. Ausgabe dieser Veranstaltung um das liebevoll selbst kreierte Buffet und erhoben gemeinsam mit dem Vereinsvorsitzenden, Martin Hoeck, das &#8230; <a title=\"Neujahrsempfang der Eberswalder Turnerschaft in f\u00fcnfter Auflage\" class=\"read-more\" href=\"https:\/\/www.eberswalderturnerschaft.de\/home\/neujahrsempfang-der-eberswalder-turnerschaft-in-fuenfter-auflage-2\/\" aria-label=\"Mehr bei Neujahrsempfang der Eberswalder Turnerschaft in f\u00fcnfter Auflage\">Read more<\/a><\/p>\n","protected":false},"author":4,"featured_media":0,"comment_status":"closed","ping_status":"open","sticky":false,"template":"","format":"standard","meta":{"_coblocks_attr":"","_coblocks_dimensions":"","_coblocks_responsive_height":"","_coblocks_accordion_ie_support":"","footnotes":""},"categories":[5],"tags":[],"class_list":["post-214","post","type-post","status-publish","format-standard","hentry","category-beitraege","no-featured-image-padding"],"_links":{"self":[{"href":"https:\/\/www.eberswalderturnerschaft.de\/home\/wp-json\/wp\/v2\/posts\/214","targetHints":{"allow":["GET"]}}],"collection":[{"href":"https:\/\/www.eberswalderturnerschaft.de\/home\/wp-json\/wp\/v2\/posts"}],"about":[{"href":"https:\/\/www.eberswalderturnerschaft.de\/home\/wp-json\/wp\/v2\/types\/post"}],"author":[{"embeddable":true,"href":"https:\/\/www.eberswalderturnerschaft.de\/home\/wp-json\/wp\/v2\/users\/4"}],"replies":[{"embeddable":true,"href":"https:\/\/www.eberswalderturnerschaft.de\/home\/wp-json\/wp\/v2\/comments?post=214"}],"version-history":[{"count":7,"href":"https:\/\/www.eberswalderturnerschaft.de\/home\/wp-json\/wp\/v2\/posts\/214\/revisions"}],"predecessor-version":[{"id":222,"href":"https:\/\/www.eberswalderturnerschaft.de\/home\/wp-json\/wp\/v2\/posts\/214\/revisions\/222"}],"wp:attachment":[{"href":"https:\/\/www.eberswalderturnerschaft.de\/home\/wp-json\/wp\/v2\/media?parent=214"}],"wp:term":[{"taxonomy":"category","embeddable":true,"href":"https:\/\/www.eberswalderturnerschaft.de\/home\/wp-json\/wp\/v2\/categories?post=214"},{"taxonomy":"post_tag","embeddable":true,"href":"https:\/\/www.eberswalderturnerschaft.de\/home\/wp-json\/wp\/v2\/tags?post=214"}],"curies":[{"name":"wp","href":"https:\/\/api.w.org\/{rel}","templated":true}]}}