{"id":199,"date":"2019-09-29T12:28:55","date_gmt":"2019-09-29T12:28:55","guid":{"rendered":"https:\/\/www.eberswalderturnerschaft.de\/home\/?p=199"},"modified":"2019-12-04T16:44:32","modified_gmt":"2019-12-04T16:44:32","slug":"stolz-auf-gezeigte-leistungen-bei-den-landesmeisterschaften-der-kinder-im-geraetturnen","status":"publish","type":"post","link":"https:\/\/www.eberswalderturnerschaft.de\/home\/stolz-auf-gezeigte-leistungen-bei-den-landesmeisterschaften-der-kinder-im-geraetturnen\/","title":{"rendered":"Stolz auf gezeigte Leistungen bei den Landesmeisterschaften der Kinder im Ger\u00e4tturnen"},"content":{"rendered":"\n<div style=\"text-align: justify;\"><p>(tt)\nVoller Lampenfieber angesichts der b\u00e4renstarken Konkurrenz startete die\nMannschaft der Eberswalder Turnerinnen zu den Landesmeisterschaften der\nJahrg\u00e4nge 2006 und j\u00fcnger in Potsdam. <\/p> <\/div>\n\n\n\n<div style=\"text-align: justify;\"><p>Von den 4 Ger\u00e4ten gingen jeweils die drei besten Ergebnisse in die Mannschaftswertung ein. Problematisch f\u00fcr die Waldst\u00e4dterinnen war, dass die Aktiven ab Leistungsklasse 1 starten durften, aber au\u00dfer Miriam Ehlers (LK 3), turnen Elina Carnarius, Ida D\u00f6rner, Jana Stepanenko und Lilly Charleen Wagner in der LK 4. Doch dieser Ungleichung tapfer die Stirn bietend, begannen die M\u00e4dchen am Sprung und zeigten hier tolle Fl\u00fcge in den sicheren Stand. Jana Stepanenko konnte dabei mit 11,55 als Mannschaftsbeste punkten. Saubere \u00dcbungen ohne St\u00fcrze lieferte das Team am Stufenbarren ab und hier erzielte Elina Carnarius mit 11,80 Punkten den besten Wert. Am \u201eZitterbalken\u201c ging es leider nicht ohne unfreiwilliges Verlassen des Ger\u00e4tes ab und somit waren nat\u00fcrlich wertvolle Mannschaftspunkte verloren. Mit 12,65 Z\u00e4hlern erwies sich hier Miriam Ehlers am nervenst\u00e4rksten. Aber am Paradeger\u00e4t Boden zogen die M\u00e4dchen noch einmal alle Register und bewiesen mit drei hohen Wertungen \u00fcber 12 Punkte, dass sie in der Lage sind, ausdrucksstark und sauber zu turnen. Wiederum wurde Miriam mit 12,65 Punkten Mannschaftsbeste.<\/p> <\/div>\n\n\n\n<div class=\"wp-block-image\"><figure class=\"aligncenter\"><img loading=\"lazy\" decoding=\"async\" width=\"200\" height=\"300\" src=\"https:\/\/www.eberswalderturnerschaft.de\/home\/wp-content\/uploads\/2019\/09\/3-MiriamEhlers-am-_Balken_Foto_von_Sylvia_Ehlers-200x300.jpg\" alt=\"\" class=\"wp-image-204\"\/><figcaption>Miriam Ehlers am  Balken (Foto: Sylvia Ehlers)<\/figcaption><\/figure><\/div>\n\n\n\n<div style=\"text-align: justify;\"><p>Summa\nsummarum konnten sie 2 Teams hinter sich lassen und behaupteten sich mit einem 7.\nPlatz in dem leistungsstarken Starterfeld. Die betreuende Trainerin Nadine\nSchwarz und Fotografin Sylvia Ehlers lobten ihre Sch\u00fctzlinge: \u201eDie M\u00e4dchen\nhaben ihr Bestes gegeben und unter diesen Voraussetzungen k\u00f6nnen sie wirklich\nstolz auf ihre Ergebnisse sein.\u201c<\/p> <\/div>\n\n\n\n<div class=\"wp-block-image\"><figure class=\"aligncenter\"><img loading=\"lazy\" decoding=\"async\" width=\"169\" height=\"300\" src=\"https:\/\/www.eberswalderturnerschaft.de\/home\/wp-content\/uploads\/2019\/09\/2-Team_Landesmeisterschaft_Foto_v_Sylvia_Ehlers-169x300.jpg\" alt=\"\" class=\"wp-image-202\" srcset=\"https:\/\/www.eberswalderturnerschaft.de\/home\/wp-content\/uploads\/2019\/09\/2-Team_Landesmeisterschaft_Foto_v_Sylvia_Ehlers-169x300.jpg 169w, https:\/\/www.eberswalderturnerschaft.de\/home\/wp-content\/uploads\/2019\/09\/2-Team_Landesmeisterschaft_Foto_v_Sylvia_Ehlers-600x1067.jpg 600w, https:\/\/www.eberswalderturnerschaft.de\/home\/wp-content\/uploads\/2019\/09\/2-Team_Landesmeisterschaft_Foto_v_Sylvia_Ehlers-768x1365.jpg 768w, https:\/\/www.eberswalderturnerschaft.de\/home\/wp-content\/uploads\/2019\/09\/2-Team_Landesmeisterschaft_Foto_v_Sylvia_Ehlers-576x1024.jpg 576w, https:\/\/www.eberswalderturnerschaft.de\/home\/wp-content\/uploads\/2019\/09\/2-Team_Landesmeisterschaft_Foto_v_Sylvia_Ehlers.jpg 900w\" sizes=\"auto, (max-width: 169px) 100vw, 169px\" \/><figcaption>Team Landesmeisterschaft (Foto: Sylvia Ehlers)<\/figcaption><\/figure><\/div>\n","protected":false},"excerpt":{"rendered":"<p>(tt) Voller Lampenfieber angesichts der b\u00e4renstarken Konkurrenz startete die Mannschaft der Eberswalder Turnerinnen zu den Landesmeisterschaften der Jahrg\u00e4nge 2006 und j\u00fcnger in Potsdam. Von den 4 Ger\u00e4ten gingen jeweils die drei besten Ergebnisse in die Mannschaftswertung ein. Problematisch f\u00fcr die Waldst\u00e4dterinnen war, dass die Aktiven ab Leistungsklasse 1 starten durften, aber au\u00dfer Miriam Ehlers (LK &#8230; <a title=\"Stolz auf gezeigte Leistungen bei den Landesmeisterschaften der Kinder im Ger\u00e4tturnen\" class=\"read-more\" href=\"https:\/\/www.eberswalderturnerschaft.de\/home\/stolz-auf-gezeigte-leistungen-bei-den-landesmeisterschaften-der-kinder-im-geraetturnen\/\" aria-label=\"Mehr bei Stolz auf gezeigte Leistungen bei den Landesmeisterschaften der Kinder im Ger\u00e4tturnen\">Read more<\/a><\/p>\n","protected":false},"author":4,"featured_media":0,"comment_status":"closed","ping_status":"open","sticky":false,"template":"","format":"standard","meta":{"_coblocks_attr":"","_coblocks_dimensions":"","_coblocks_responsive_height":"","_coblocks_accordion_ie_support":"","footnotes":""},"categories":[5],"tags":[],"class_list":["post-199","post","type-post","status-publish","format-standard","hentry","category-beitraege","no-featured-image-padding"],"_links":{"self":[{"href":"https:\/\/www.eberswalderturnerschaft.de\/home\/wp-json\/wp\/v2\/posts\/199","targetHints":{"allow":["GET"]}}],"collection":[{"href":"https:\/\/www.eberswalderturnerschaft.de\/home\/wp-json\/wp\/v2\/posts"}],"about":[{"href":"https:\/\/www.eberswalderturnerschaft.de\/home\/wp-json\/wp\/v2\/types\/post"}],"author":[{"embeddable":true,"href":"https:\/\/www.eberswalderturnerschaft.de\/home\/wp-json\/wp\/v2\/users\/4"}],"replies":[{"embeddable":true,"href":"https:\/\/www.eberswalderturnerschaft.de\/home\/wp-json\/wp\/v2\/comments?post=199"}],"version-history":[{"count":8,"href":"https:\/\/www.eberswalderturnerschaft.de\/home\/wp-json\/wp\/v2\/posts\/199\/revisions"}],"predecessor-version":[{"id":260,"href":"https:\/\/www.eberswalderturnerschaft.de\/home\/wp-json\/wp\/v2\/posts\/199\/revisions\/260"}],"wp:attachment":[{"href":"https:\/\/www.eberswalderturnerschaft.de\/home\/wp-json\/wp\/v2\/media?parent=199"}],"wp:term":[{"taxonomy":"category","embeddable":true,"href":"https:\/\/www.eberswalderturnerschaft.de\/home\/wp-json\/wp\/v2\/categories?post=199"},{"taxonomy":"post_tag","embeddable":true,"href":"https:\/\/www.eberswalderturnerschaft.de\/home\/wp-json\/wp\/v2\/tags?post=199"}],"curies":[{"name":"wp","href":"https:\/\/api.w.org\/{rel}","templated":true}]}}