{"id":1125,"date":"2026-03-23T08:00:00","date_gmt":"2026-03-23T08:00:00","guid":{"rendered":"https:\/\/www.eberswalderturnerschaft.de\/home\/?p=1125"},"modified":"2026-03-24T12:54:26","modified_gmt":"2026-03-24T12:54:26","slug":"der-eberswalder-jubilaeums-turnertreff-ist-startklar","status":"publish","type":"post","link":"https:\/\/www.eberswalderturnerschaft.de\/home\/der-eberswalder-jubilaeums-turnertreff-ist-startklar\/","title":{"rendered":"Der Eberswalder Jubil\u00e4ums-Turnertreff ist startklar!"},"content":{"rendered":"\n<hr class=\"wp-block-separator has-alpha-channel-opacity\"\/>\n\n\n\n<div class=\"wp-block-media-text is-stacked-on-mobile\" style=\"grid-template-columns:28% auto\"><figure class=\"wp-block-media-text__media\"><img loading=\"lazy\" decoding=\"async\" width=\"1024\" height=\"1024\" src=\"https:\/\/www.eberswalderturnerschaft.de\/home\/wp-content\/uploads\/2026\/03\/Logo_2-1024x1024.png\" alt=\"\" class=\"wp-image-1134 size-full\" srcset=\"https:\/\/www.eberswalderturnerschaft.de\/home\/wp-content\/uploads\/2026\/03\/Logo_2-1024x1024.png 1024w, https:\/\/www.eberswalderturnerschaft.de\/home\/wp-content\/uploads\/2026\/03\/Logo_2-300x300.png 300w, https:\/\/www.eberswalderturnerschaft.de\/home\/wp-content\/uploads\/2026\/03\/Logo_2-150x150.png 150w, https:\/\/www.eberswalderturnerschaft.de\/home\/wp-content\/uploads\/2026\/03\/Logo_2-768x768.png 768w, https:\/\/www.eberswalderturnerschaft.de\/home\/wp-content\/uploads\/2026\/03\/Logo_2-1536x1536.png 1536w, https:\/\/www.eberswalderturnerschaft.de\/home\/wp-content\/uploads\/2026\/03\/Logo_2-2048x2048.png 2048w\" sizes=\"auto, (max-width: 1024px) 100vw, 1024px\" \/><\/figure><div class=\"wp-block-media-text__content\">\n<p>Am <strong><em>Samstag, dem 28. M\u00e4rz 2026, <\/em><\/strong>wird <strong><em>um 10:00 Uhr<\/em><\/strong> <strong>zum 50. Mal<\/strong> die Er\u00f6ffnungsfanfare f\u00fcr den <strong>Eberswalder Turnertreff<\/strong> erklingen. Viele Ehreng\u00e4ste sind zu diesem besonderen Anlass in den Sportkomplex Westend geladen. Schaut man im Internet unter <a href=\"http:\/\/www.turnertreff.org\/\">http:\/\/www.turnertreff.org\/<\/a> nach, kann man die Tage, Stunden, Minuten und Sekunden bis zum Beginn ablesen. In diesem Jahr liegen <strong>345 Meldungen<\/strong> vor, davon gehen <strong>207 Aktive aus 43 Vereinen<\/strong> und 6 Bundesl\u00e4ndern an die Ger\u00e4te.&nbsp;<\/p>\n<\/div><\/div>\n\n\n\n<div style=\"height:25px\" aria-hidden=\"true\" class=\"wp-block-spacer\"><\/div>\n\n\n\n<p>Am 1. Wettkampftag turnen alle Altersklassen weiblich ab 25 Jahre und alle m\u00e4nnlichen Teilnehmer.&nbsp;<\/p>\n\n\n\n<p>Am <strong><em>Sonntag, dem 29. M\u00e4rz,<\/em><\/strong> treten die weiblichen Jugend- und Erwachsenenklassen (ab 14 Jahre) <strong><em>um 10:25 Uhr <\/em><\/strong>zum Wettkampf an.&nbsp;<\/p>\n\n\n\n<p>Als Hauptkampfrichterin f\u00fcr den weiblichen Bereich fungiert Jana Rathmann (TSC Strausberg) und wird dabei von ihrer Vereinskameradin Annette Kuhlig unterst\u00fctzt. F\u00fcr den m\u00e4nnlichen Part ist Dietmar Taubert (SG Spremberg) zust\u00e4ndig.<\/p>\n\n\n\n<p>Gertraude Trautmann vom Gastgeberverein geht in der AK 75 als \u00e4lteste Turnerin an die Ger\u00e4te und mit 82 Jahren als \u00e4ltester Turner Frank Lahn vom TSV Nordhausen. Als J\u00fcngste des Jahrgangs 2012 pr\u00e4sentieren sich Melia Lieber vom TSC Strausberg und Luis K\u00fchn vom TSV Falkensee.<\/p>\n\n\n\n<p>Das Organisationsteam hat sich f\u00fcr den 50. ETT auch einige \u00dcberraschungen einfallen lassen.&nbsp;<\/p>\n\n\n\n<p>Um die kulinarische Versorgung k\u00fcmmern sich wieder das Team von Silvia Heine und viele flei\u00dfige Helfer, aber auch von Seiten der Lebenshilfe Barnim e.V. kommt tolle Unterst\u00fctzung.&nbsp;<\/p>\n\n\n\n<div style=\"height:25px\" aria-hidden=\"true\" class=\"wp-block-spacer\"><\/div>\n\n\n\n<div aria-label=\"Carousel Gallery\" class=\"wp-block-coblocks-gallery-carousel alignfull\"><div class=\"coblocks-gallery-carousel-swiper-container is-cropped coblocks-gallery has-caption-style-dark has-horizontal-gutter has-no-thumbnails\"><div class=\"has-carousel has-carousel-med swiper-container has-responsive-height\" data-swiper=\"{&quot;alignCells&quot;:false,&quot;autoPlay&quot;:true,&quot;autoPlaySpeed&quot;:3000,&quot;draggable&quot;:true,&quot;freeMode&quot;:false,&quot;loop&quot;:true,&quot;navigation&quot;:false,&quot;pageDots&quot;:false,&quot;pauseHover&quot;:false,&quot;responsiveHeight&quot;:true,&quot;slidesPerView&quot;:4,&quot;thumbnails&quot;:false,&quot;uuid&quot;:&quot;12345&quot;}\" style=\"height:400px\"><div class=\"swiper-wrapper\"><div class=\"swiper-slide\"><div class=\"coblocks-gallery--item\" role=\"button\" tabindex=\"0\"><figure class=\"coblocks-gallery--figure has-margin-left-20 has-margin-left-mobile-5 has-margin-right-20 has-margin-right-mobile-5\"><img loading=\"lazy\" decoding=\"async\" width=\"724\" height=\"1024\" alt=\"\" class=\"wp-image-1133\" data-id=\"1133\" data-link=\"https:\/\/www.eberswalderturnerschaft.de\/home\/?attachment_id=1133#main\" src=\"https:\/\/www.eberswalderturnerschaft.de\/home\/wp-content\/uploads\/2026\/03\/8-724x1024.png\" srcset=\"https:\/\/www.eberswalderturnerschaft.de\/home\/wp-content\/uploads\/2026\/03\/8-724x1024.png 724w, https:\/\/www.eberswalderturnerschaft.de\/home\/wp-content\/uploads\/2026\/03\/8-212x300.png 212w, https:\/\/www.eberswalderturnerschaft.de\/home\/wp-content\/uploads\/2026\/03\/8-768x1086.png 768w, https:\/\/www.eberswalderturnerschaft.de\/home\/wp-content\/uploads\/2026\/03\/8-1086x1536.png 1086w, https:\/\/www.eberswalderturnerschaft.de\/home\/wp-content\/uploads\/2026\/03\/8.png 1587w\" sizes=\"auto, (max-width: 724px) 100vw, 724px\" \/><\/figure><figcaption class=\"coblocks-gallery--caption coblocks-gallery--primary-caption\"><\/figcaption><\/div><\/div><div class=\"swiper-slide\"><div class=\"coblocks-gallery--item\" role=\"button\" tabindex=\"1\"><figure class=\"coblocks-gallery--figure has-margin-left-20 has-margin-left-mobile-5 has-margin-right-20 has-margin-right-mobile-5\"><img loading=\"lazy\" decoding=\"async\" width=\"724\" height=\"1024\" alt=\"\" class=\"wp-image-1132\" data-id=\"1132\" data-link=\"https:\/\/www.eberswalderturnerschaft.de\/home\/?attachment_id=1132#main\" src=\"https:\/\/www.eberswalderturnerschaft.de\/home\/wp-content\/uploads\/2026\/03\/2-724x1024.png\" srcset=\"https:\/\/www.eberswalderturnerschaft.de\/home\/wp-content\/uploads\/2026\/03\/2-724x1024.png 724w, https:\/\/www.eberswalderturnerschaft.de\/home\/wp-content\/uploads\/2026\/03\/2-212x300.png 212w, https:\/\/www.eberswalderturnerschaft.de\/home\/wp-content\/uploads\/2026\/03\/2-768x1086.png 768w, https:\/\/www.eberswalderturnerschaft.de\/home\/wp-content\/uploads\/2026\/03\/2-1086x1536.png 1086w, https:\/\/www.eberswalderturnerschaft.de\/home\/wp-content\/uploads\/2026\/03\/2-1448x2048.png 1448w, https:\/\/www.eberswalderturnerschaft.de\/home\/wp-content\/uploads\/2026\/03\/2.png 1587w\" sizes=\"auto, (max-width: 724px) 100vw, 724px\" \/><\/figure><figcaption class=\"coblocks-gallery--caption coblocks-gallery--primary-caption\"><\/figcaption><\/div><\/div><div class=\"swiper-slide\"><div class=\"coblocks-gallery--item\" role=\"button\" tabindex=\"2\"><figure class=\"coblocks-gallery--figure has-margin-left-20 has-margin-left-mobile-5 has-margin-right-20 has-margin-right-mobile-5\"><img loading=\"lazy\" decoding=\"async\" width=\"724\" height=\"1024\" alt=\"\" class=\"wp-image-1129\" data-id=\"1129\" data-link=\"https:\/\/www.eberswalderturnerschaft.de\/home\/?attachment_id=1129#main\" src=\"https:\/\/www.eberswalderturnerschaft.de\/home\/wp-content\/uploads\/2026\/03\/5-724x1024.png\" srcset=\"https:\/\/www.eberswalderturnerschaft.de\/home\/wp-content\/uploads\/2026\/03\/5-724x1024.png 724w, https:\/\/www.eberswalderturnerschaft.de\/home\/wp-content\/uploads\/2026\/03\/5-212x300.png 212w, https:\/\/www.eberswalderturnerschaft.de\/home\/wp-content\/uploads\/2026\/03\/5-768x1086.png 768w, https:\/\/www.eberswalderturnerschaft.de\/home\/wp-content\/uploads\/2026\/03\/5.png 1587w\" sizes=\"auto, (max-width: 724px) 100vw, 724px\" \/><\/figure><figcaption class=\"coblocks-gallery--caption coblocks-gallery--primary-caption\"><\/figcaption><\/div><\/div><div class=\"swiper-slide\"><div class=\"coblocks-gallery--item\" role=\"button\" tabindex=\"3\"><figure class=\"coblocks-gallery--figure has-margin-left-20 has-margin-left-mobile-5 has-margin-right-20 has-margin-right-mobile-5\"><img loading=\"lazy\" decoding=\"async\" width=\"1587\" height=\"2245\" alt=\"\" class=\"wp-image-1130\" data-id=\"1130\" data-link=\"https:\/\/www.eberswalderturnerschaft.de\/home\/?attachment_id=1130#main\" src=\"https:\/\/www.eberswalderturnerschaft.de\/home\/wp-content\/uploads\/2026\/03\/4-724x1024.png\" srcset=\"https:\/\/www.eberswalderturnerschaft.de\/home\/wp-content\/uploads\/2026\/03\/4-724x1024.png 724w, https:\/\/www.eberswalderturnerschaft.de\/home\/wp-content\/uploads\/2026\/03\/4-212x300.png 212w, https:\/\/www.eberswalderturnerschaft.de\/home\/wp-content\/uploads\/2026\/03\/4-768x1086.png 768w, https:\/\/www.eberswalderturnerschaft.de\/home\/wp-content\/uploads\/2026\/03\/4-1086x1536.png 1086w, https:\/\/www.eberswalderturnerschaft.de\/home\/wp-content\/uploads\/2026\/03\/4.png 1587w\" sizes=\"auto, (max-width: 1587px) 100vw, 1587px\" \/><\/figure><figcaption class=\"coblocks-gallery--caption coblocks-gallery--primary-caption\"><\/figcaption><\/div><\/div><div class=\"swiper-slide\"><div class=\"coblocks-gallery--item\" role=\"button\" tabindex=\"4\"><figure class=\"coblocks-gallery--figure has-margin-left-20 has-margin-left-mobile-5 has-margin-right-20 has-margin-right-mobile-5\"><img loading=\"lazy\" decoding=\"async\" width=\"724\" height=\"1024\" alt=\"\" class=\"wp-image-1131\" data-id=\"1131\" data-link=\"https:\/\/www.eberswalderturnerschaft.de\/home\/?attachment_id=1131#main\" src=\"https:\/\/www.eberswalderturnerschaft.de\/home\/wp-content\/uploads\/2026\/03\/1-724x1024.png\" srcset=\"https:\/\/www.eberswalderturnerschaft.de\/home\/wp-content\/uploads\/2026\/03\/1-724x1024.png 724w, https:\/\/www.eberswalderturnerschaft.de\/home\/wp-content\/uploads\/2026\/03\/1-212x300.png 212w, https:\/\/www.eberswalderturnerschaft.de\/home\/wp-content\/uploads\/2026\/03\/1-768x1086.png 768w, https:\/\/www.eberswalderturnerschaft.de\/home\/wp-content\/uploads\/2026\/03\/1.png 1587w\" sizes=\"auto, (max-width: 724px) 100vw, 724px\" \/><\/figure><figcaption class=\"coblocks-gallery--caption coblocks-gallery--primary-caption\"><\/figcaption><\/div><\/div><div class=\"swiper-slide\"><div class=\"coblocks-gallery--item\" role=\"button\" tabindex=\"5\"><figure class=\"coblocks-gallery--figure has-margin-left-20 has-margin-left-mobile-5 has-margin-right-20 has-margin-right-mobile-5\"><img loading=\"lazy\" decoding=\"async\" width=\"724\" height=\"1024\" alt=\"\" class=\"wp-image-1128\" data-id=\"1128\" data-link=\"https:\/\/www.eberswalderturnerschaft.de\/home\/?attachment_id=1128#main\" src=\"https:\/\/www.eberswalderturnerschaft.de\/home\/wp-content\/uploads\/2026\/03\/3-724x1024.png\" srcset=\"https:\/\/www.eberswalderturnerschaft.de\/home\/wp-content\/uploads\/2026\/03\/3-724x1024.png 724w, https:\/\/www.eberswalderturnerschaft.de\/home\/wp-content\/uploads\/2026\/03\/3-212x300.png 212w, https:\/\/www.eberswalderturnerschaft.de\/home\/wp-content\/uploads\/2026\/03\/3-768x1086.png 768w, https:\/\/www.eberswalderturnerschaft.de\/home\/wp-content\/uploads\/2026\/03\/3-1086x1536.png 1086w, https:\/\/www.eberswalderturnerschaft.de\/home\/wp-content\/uploads\/2026\/03\/3-1448x2048.png 1448w, https:\/\/www.eberswalderturnerschaft.de\/home\/wp-content\/uploads\/2026\/03\/3.png 1587w\" sizes=\"auto, (max-width: 724px) 100vw, 724px\" \/><\/figure><figcaption class=\"coblocks-gallery--caption coblocks-gallery--primary-caption\"><\/figcaption><\/div><\/div><div class=\"swiper-slide\"><div class=\"coblocks-gallery--item\" role=\"button\" tabindex=\"6\"><figure class=\"coblocks-gallery--figure has-margin-left-20 has-margin-left-mobile-5 has-margin-right-20 has-margin-right-mobile-5\"><img loading=\"lazy\" decoding=\"async\" width=\"683\" height=\"1024\" alt=\"\" class=\"wp-image-1126\" data-id=\"1126\" data-link=\"https:\/\/www.eberswalderturnerschaft.de\/home\/?attachment_id=1126#main\" src=\"https:\/\/www.eberswalderturnerschaft.de\/home\/wp-content\/uploads\/2026\/03\/6-683x1024.png\" srcset=\"https:\/\/www.eberswalderturnerschaft.de\/home\/wp-content\/uploads\/2026\/03\/6-683x1024.png 683w, https:\/\/www.eberswalderturnerschaft.de\/home\/wp-content\/uploads\/2026\/03\/6-200x300.png 200w, https:\/\/www.eberswalderturnerschaft.de\/home\/wp-content\/uploads\/2026\/03\/6-768x1152.png 768w, https:\/\/www.eberswalderturnerschaft.de\/home\/wp-content\/uploads\/2026\/03\/6.png 1024w\" sizes=\"auto, (max-width: 683px) 100vw, 683px\" \/><\/figure><figcaption class=\"coblocks-gallery--caption coblocks-gallery--primary-caption\"><\/figcaption><\/div><\/div><div class=\"swiper-slide\"><div class=\"coblocks-gallery--item\" role=\"button\" tabindex=\"7\"><figure class=\"coblocks-gallery--figure has-margin-left-20 has-margin-left-mobile-5 has-margin-right-20 has-margin-right-mobile-5\"><img loading=\"lazy\" decoding=\"async\" width=\"683\" height=\"1024\" alt=\"\" class=\"wp-image-1127\" data-id=\"1127\" data-link=\"https:\/\/www.eberswalderturnerschaft.de\/home\/?attachment_id=1127#main\" src=\"https:\/\/www.eberswalderturnerschaft.de\/home\/wp-content\/uploads\/2026\/03\/7-683x1024.png\" srcset=\"https:\/\/www.eberswalderturnerschaft.de\/home\/wp-content\/uploads\/2026\/03\/7-683x1024.png 683w, https:\/\/www.eberswalderturnerschaft.de\/home\/wp-content\/uploads\/2026\/03\/7-200x300.png 200w, https:\/\/www.eberswalderturnerschaft.de\/home\/wp-content\/uploads\/2026\/03\/7-768x1152.png 768w, https:\/\/www.eberswalderturnerschaft.de\/home\/wp-content\/uploads\/2026\/03\/7.png 1024w\" sizes=\"auto, (max-width: 683px) 100vw, 683px\" \/><\/figure><figcaption class=\"coblocks-gallery--caption coblocks-gallery--primary-caption\"><\/figcaption><\/div><\/div><\/div><\/div><\/div><\/div>\n\n\n\n<hr class=\"wp-block-separator has-alpha-channel-opacity\"\/>\n","protected":false},"excerpt":{"rendered":"<p>Am Samstag, dem 28. M\u00e4rz 2026, wird um 10:00 Uhr zum 50. Mal die Er\u00f6ffnungsfanfare f\u00fcr den Eberswalder Turnertreff erklingen. Viele Ehreng\u00e4ste sind zu diesem besonderen Anlass in den Sportkomplex Westend geladen. Schaut man im Internet unter http:\/\/www.turnertreff.org\/ nach, kann man die Tage, Stunden, Minuten und Sekunden bis zum Beginn ablesen. In diesem Jahr liegen &#8230; <a title=\"Der Eberswalder Jubil\u00e4ums-Turnertreff ist startklar!\" class=\"read-more\" href=\"https:\/\/www.eberswalderturnerschaft.de\/home\/der-eberswalder-jubilaeums-turnertreff-ist-startklar\/\" aria-label=\"Mehr bei Der Eberswalder Jubil\u00e4ums-Turnertreff ist startklar!\">Read more<\/a><\/p>\n","protected":false},"author":4,"featured_media":0,"comment_status":"closed","ping_status":"open","sticky":false,"template":"","format":"standard","meta":{"_coblocks_attr":"Times New Roman,","_coblocks_dimensions":"","_coblocks_responsive_height":"","_coblocks_accordion_ie_support":"","footnotes":""},"categories":[5],"tags":[],"class_list":["post-1125","post","type-post","status-publish","format-standard","hentry","category-beitraege","no-featured-image-padding"],"_links":{"self":[{"href":"https:\/\/www.eberswalderturnerschaft.de\/home\/wp-json\/wp\/v2\/posts\/1125","targetHints":{"allow":["GET"]}}],"collection":[{"href":"https:\/\/www.eberswalderturnerschaft.de\/home\/wp-json\/wp\/v2\/posts"}],"about":[{"href":"https:\/\/www.eberswalderturnerschaft.de\/home\/wp-json\/wp\/v2\/types\/post"}],"author":[{"embeddable":true,"href":"https:\/\/www.eberswalderturnerschaft.de\/home\/wp-json\/wp\/v2\/users\/4"}],"replies":[{"embeddable":true,"href":"https:\/\/www.eberswalderturnerschaft.de\/home\/wp-json\/wp\/v2\/comments?post=1125"}],"version-history":[{"count":3,"href":"https:\/\/www.eberswalderturnerschaft.de\/home\/wp-json\/wp\/v2\/posts\/1125\/revisions"}],"predecessor-version":[{"id":1138,"href":"https:\/\/www.eberswalderturnerschaft.de\/home\/wp-json\/wp\/v2\/posts\/1125\/revisions\/1138"}],"wp:attachment":[{"href":"https:\/\/www.eberswalderturnerschaft.de\/home\/wp-json\/wp\/v2\/media?parent=1125"}],"wp:term":[{"taxonomy":"category","embeddable":true,"href":"https:\/\/www.eberswalderturnerschaft.de\/home\/wp-json\/wp\/v2\/categories?post=1125"},{"taxonomy":"post_tag","embeddable":true,"href":"https:\/\/www.eberswalderturnerschaft.de\/home\/wp-json\/wp\/v2\/tags?post=1125"}],"curies":[{"name":"wp","href":"https:\/\/api.w.org\/{rel}","templated":true}]}}