{"id":1082,"date":"2025-04-10T20:00:00","date_gmt":"2025-04-10T20:00:00","guid":{"rendered":"https:\/\/www.eberswalderturnerschaft.de\/home\/?p=1082"},"modified":"2025-04-11T12:54:44","modified_gmt":"2025-04-11T12:54:44","slug":"der-49-eberswalder-turnertreff-ist-startklar","status":"publish","type":"post","link":"https:\/\/www.eberswalderturnerschaft.de\/home\/der-49-eberswalder-turnertreff-ist-startklar\/","title":{"rendered":"Der 49. Eberswalder Turnertreff ist startklar!"},"content":{"rendered":"\n<hr class=\"wp-block-separator has-alpha-channel-opacity\"\/>\n\n\n\n<div style=\"height:25px\" aria-hidden=\"true\" class=\"wp-block-spacer\"><\/div>\n\n\n\n<p>Am Samstag, dem 12. April 2025, wird um 10:30 Uhr zum 49. Mal die Er\u00f6ffnungsfanfare f\u00fcr den Eberswalder Turnertreff erklingen. Schaut man im Internet unter www.turnertreff.org nach, kann man die Tage, Stunden, Minuten und Sekunden bis zum Beginn ablesen. In diesem Jahr liegen 278 Meldungen vor, davon gehen 151 Aktive aus 40 Vereinen und 8 Bundesl\u00e4ndern an die Ger\u00e4te. 72 Kampfrichter\/Innen kommen f\u00fcr die Bewertungen zum Einsatz.<\/p>\n\n\n\n<p>Am 1. Wettkampftag turnen alle Altersklassen weiblich ab 25 Jahre und alle m\u00e4nnlichen Teilnehmer.<\/p>\n\n\n\n<p>Am Sonntag, dem 13. April, beginnt der Wettkampf f\u00fcr die weiblichen Jugend- und Erwachsenenklassen (ab 14 Jahre) bereits ab 9:25 Uhr.<\/p>\n\n\n\n<p>Als Hauptkampfrichterin f\u00fcr den weiblichen Bereich fungiert Annette Kuhlig (TSC Strausberg), f\u00fcr den m\u00e4nnlichen Part Dietmar Taubert (SG Spremberg).<\/p>\n\n\n\n<p>Rosemarie Schiedt vom TV Nordost Berlin e.V. geht mit 86 Jahren als \u00e4lteste Turnerin an die Ger\u00e4te und als \u00e4ltester Turner der 81-j\u00e4hrige Frank Lahn vom TSV Nordhausen. Als J\u00fcngste pr\u00e4sentieren sich Marla Kranz vom Charlottenburger TSV und Julian Stenschke vom Gastgeberverein.<\/p>\n\n\n\n<p>Um die kulinarische Versorgung k\u00fcmmern sich wieder das Team von Silvia Heine und viele flei\u00dfige Helfer, aber auch von Seiten der Lebenshilfe Barnim e.V. kommt tolle Unterst\u00fctzung.<\/p>\n\n\n\n<p>Die Abendveranstaltung findet ab 19:30 Uhr im \u201cseezeit-resort\u201d in Altenhof statt.<\/p>\n\n\n\n<div style=\"height:25px\" aria-hidden=\"true\" class=\"wp-block-spacer\"><\/div>\n\n\n\n<hr class=\"wp-block-separator has-alpha-channel-opacity\"\/>\n\n\n\n<div style=\"height:25px\" aria-hidden=\"true\" class=\"wp-block-spacer\"><\/div>\n\n\n\n<figure class=\"wp-block-image alignwide size-large\"><img loading=\"lazy\" decoding=\"async\" width=\"1024\" height=\"602\" src=\"https:\/\/www.eberswalderturnerschaft.de\/home\/wp-content\/uploads\/2025\/04\/4-D.-Woehe-Das-Eberswalder-Team-nach-dem-1.-Wettkampftag--1024x602.jpg\" alt=\"\" class=\"wp-image-1083\" srcset=\"https:\/\/www.eberswalderturnerschaft.de\/home\/wp-content\/uploads\/2025\/04\/4-D.-Woehe-Das-Eberswalder-Team-nach-dem-1.-Wettkampftag--1024x602.jpg 1024w, https:\/\/www.eberswalderturnerschaft.de\/home\/wp-content\/uploads\/2025\/04\/4-D.-Woehe-Das-Eberswalder-Team-nach-dem-1.-Wettkampftag--300x176.jpg 300w, https:\/\/www.eberswalderturnerschaft.de\/home\/wp-content\/uploads\/2025\/04\/4-D.-Woehe-Das-Eberswalder-Team-nach-dem-1.-Wettkampftag--768x451.jpg 768w, https:\/\/www.eberswalderturnerschaft.de\/home\/wp-content\/uploads\/2025\/04\/4-D.-Woehe-Das-Eberswalder-Team-nach-dem-1.-Wettkampftag-.jpg 1280w\" sizes=\"auto, (max-width: 1024px) 100vw, 1024px\" \/><\/figure>\n\n\n\n<figure class=\"wp-block-image alignwide size-large\"><img loading=\"lazy\" decoding=\"async\" width=\"1024\" height=\"603\" src=\"https:\/\/www.eberswalderturnerschaft.de\/home\/wp-content\/uploads\/2022\/02\/4-Henri-Durke-am-Reck-Henner-1024x603.jpg\" alt=\"\" class=\"wp-image-793\" srcset=\"https:\/\/www.eberswalderturnerschaft.de\/home\/wp-content\/uploads\/2022\/02\/4-Henri-Durke-am-Reck-Henner-1024x603.jpg 1024w, https:\/\/www.eberswalderturnerschaft.de\/home\/wp-content\/uploads\/2022\/02\/4-Henri-Durke-am-Reck-Henner-600x353.jpg 600w, https:\/\/www.eberswalderturnerschaft.de\/home\/wp-content\/uploads\/2022\/02\/4-Henri-Durke-am-Reck-Henner-300x177.jpg 300w, https:\/\/www.eberswalderturnerschaft.de\/home\/wp-content\/uploads\/2022\/02\/4-Henri-Durke-am-Reck-Henner-768x452.jpg 768w, https:\/\/www.eberswalderturnerschaft.de\/home\/wp-content\/uploads\/2022\/02\/4-Henri-Durke-am-Reck-Henner.jpg 1280w\" sizes=\"auto, (max-width: 1024px) 100vw, 1024px\" \/><\/figure>\n\n\n<div class=\"wp-block-image\">\n<figure class=\"aligncenter size-large\"><img loading=\"lazy\" decoding=\"async\" width=\"683\" height=\"1024\" src=\"https:\/\/www.eberswalderturnerschaft.de\/home\/wp-content\/uploads\/2025\/04\/23.03.2014_-17_Antje_Trautmann_Foto_Sylvia_Ehlers-683x1024.jpg\" alt=\"\" class=\"wp-image-1084\" srcset=\"https:\/\/www.eberswalderturnerschaft.de\/home\/wp-content\/uploads\/2025\/04\/23.03.2014_-17_Antje_Trautmann_Foto_Sylvia_Ehlers-683x1024.jpg 683w, https:\/\/www.eberswalderturnerschaft.de\/home\/wp-content\/uploads\/2025\/04\/23.03.2014_-17_Antje_Trautmann_Foto_Sylvia_Ehlers-200x300.jpg 200w, https:\/\/www.eberswalderturnerschaft.de\/home\/wp-content\/uploads\/2025\/04\/23.03.2014_-17_Antje_Trautmann_Foto_Sylvia_Ehlers-768x1152.jpg 768w, https:\/\/www.eberswalderturnerschaft.de\/home\/wp-content\/uploads\/2025\/04\/23.03.2014_-17_Antje_Trautmann_Foto_Sylvia_Ehlers-1024x1536.jpg 1024w, https:\/\/www.eberswalderturnerschaft.de\/home\/wp-content\/uploads\/2025\/04\/23.03.2014_-17_Antje_Trautmann_Foto_Sylvia_Ehlers-1365x2048.jpg 1365w, https:\/\/www.eberswalderturnerschaft.de\/home\/wp-content\/uploads\/2025\/04\/23.03.2014_-17_Antje_Trautmann_Foto_Sylvia_Ehlers-scaled.jpg 1707w\" sizes=\"auto, (max-width: 683px) 100vw, 683px\" \/><\/figure><\/div>\n\n\n<p><\/p>\n","protected":false},"excerpt":{"rendered":"<p>Am Samstag, dem 12. April 2025, wird um 10:30 Uhr zum 49. Mal die Er\u00f6ffnungsfanfare f\u00fcr den Eberswalder Turnertreff erklingen. Schaut man im Internet unter www.turnertreff.org nach, kann man die Tage, Stunden, Minuten und Sekunden bis zum Beginn ablesen. In diesem Jahr liegen 278 Meldungen vor, davon gehen 151 Aktive aus 40 Vereinen und 8 &#8230; <a title=\"Der 49. Eberswalder Turnertreff ist startklar!\" class=\"read-more\" href=\"https:\/\/www.eberswalderturnerschaft.de\/home\/der-49-eberswalder-turnertreff-ist-startklar\/\" aria-label=\"Mehr bei Der 49. Eberswalder Turnertreff ist startklar!\">Read more<\/a><\/p>\n","protected":false},"author":4,"featured_media":0,"comment_status":"closed","ping_status":"open","sticky":false,"template":"","format":"standard","meta":{"_coblocks_attr":"","_coblocks_dimensions":"","_coblocks_responsive_height":"","_coblocks_accordion_ie_support":"","footnotes":""},"categories":[5],"tags":[],"class_list":["post-1082","post","type-post","status-publish","format-standard","hentry","category-beitraege","no-featured-image-padding"],"_links":{"self":[{"href":"https:\/\/www.eberswalderturnerschaft.de\/home\/wp-json\/wp\/v2\/posts\/1082","targetHints":{"allow":["GET"]}}],"collection":[{"href":"https:\/\/www.eberswalderturnerschaft.de\/home\/wp-json\/wp\/v2\/posts"}],"about":[{"href":"https:\/\/www.eberswalderturnerschaft.de\/home\/wp-json\/wp\/v2\/types\/post"}],"author":[{"embeddable":true,"href":"https:\/\/www.eberswalderturnerschaft.de\/home\/wp-json\/wp\/v2\/users\/4"}],"replies":[{"embeddable":true,"href":"https:\/\/www.eberswalderturnerschaft.de\/home\/wp-json\/wp\/v2\/comments?post=1082"}],"version-history":[{"count":1,"href":"https:\/\/www.eberswalderturnerschaft.de\/home\/wp-json\/wp\/v2\/posts\/1082\/revisions"}],"predecessor-version":[{"id":1085,"href":"https:\/\/www.eberswalderturnerschaft.de\/home\/wp-json\/wp\/v2\/posts\/1082\/revisions\/1085"}],"wp:attachment":[{"href":"https:\/\/www.eberswalderturnerschaft.de\/home\/wp-json\/wp\/v2\/media?parent=1082"}],"wp:term":[{"taxonomy":"category","embeddable":true,"href":"https:\/\/www.eberswalderturnerschaft.de\/home\/wp-json\/wp\/v2\/categories?post=1082"},{"taxonomy":"post_tag","embeddable":true,"href":"https:\/\/www.eberswalderturnerschaft.de\/home\/wp-json\/wp\/v2\/tags?post=1082"}],"curies":[{"name":"wp","href":"https:\/\/api.w.org\/{rel}","templated":true}]}}