{"id":1006,"date":"2024-03-15T08:00:00","date_gmt":"2024-03-15T08:00:00","guid":{"rendered":"https:\/\/www.eberswalderturnerschaft.de\/home\/?p=1006"},"modified":"2025-04-11T12:55:04","modified_gmt":"2025-04-11T12:55:04","slug":"teilnehmerrekord-zum-48-eberswalder-turnertreff","status":"publish","type":"post","link":"https:\/\/www.eberswalderturnerschaft.de\/home\/teilnehmerrekord-zum-48-eberswalder-turnertreff\/","title":{"rendered":"Teilnehmerrekord zum 48. Eberswalder Turnertreff"},"content":{"rendered":"\n<hr class=\"wp-block-separator has-alpha-channel-opacity\"\/>\n\n\n\n<p>Am\u00a0<strong><em>Samstag, dem 23. M\u00e4rz 2024,\u00a0<\/em><\/strong>wird\u00a0<strong><em>um 10:30 Uhr<\/em><\/strong>\u00a0<strong>zum 48. Mal<\/strong>\u00a0die Er\u00f6ffnungsfanfare f\u00fcr den <strong>Eberswalder Turnertreff<\/strong>\u00a0erklingen. Hier kann man die Tage, Stunden, Minuten und Sekunden bis zum Beginn ablesen. In diesem Jahr gibt es einen Teilnehmerrekord.\u00a0<strong>327 Meldungen<\/strong>\u00a0liegen vor, davon gehen\u00a0<strong>208<\/strong> <strong>Aktive aus 45 Vereinen<\/strong>\u00a0und 9 Bundesl\u00e4ndern an die Ger\u00e4te. 73 Kampfrichter*innen kommen f\u00fcr die Bewertungen zum Einsatz.\u00a0<\/p>\n\n\n\n<p>Am 1. Wettkampftag turnen diesmal alle Altersklassen weiblich ab 25 Jahren und alle m\u00e4nnlichen Teilnehmer.\u00a0<\/p>\n\n\n\n<p>Am\u00a0<strong><em>Sonntag, dem 24. M\u00e4rz,<\/em><\/strong>\u00a0beginnt der Wettkampf f\u00fcr die weiblichen\u00a0<strong>Jugend- und Erwachsenenklassen<\/strong>\u00a0(14 \u2013 18 Jahre) bereits\u00a0<strong><em>ab 9:25 Uhr<\/em><\/strong>.\u00a0<\/p>\n\n\n\n<p>Als Hauptkampfrichterin f\u00fcr den weiblichen Bereich fungiert Annette Kuhlig (TSC Strausberg), f\u00fcr den m\u00e4nnlichen Part teilen sich diese Funktion Dieter Becherer (SG Spergau) und Helge Bochmann ((USV Potsdam).<\/p>\n\n\n\n<p>Als \u00e4lteste Turnerin geht Rosemarie Schiedt vom TV Nordost Berlin e.V. mit 85 Jahren an den Start und bei den M\u00e4nnern ist Frank Lahn vom TSV Nordhausen mit 80 Jahren dabei. Als J\u00fcngste pr\u00e4sentieren sich Mia Schimmelpfennig und Richard Muchow vom Gastgeberverein. Dieser stellt auch mit 26 die meisten Aktiven.<\/p>\n\n\n\n<p>Um die kulinarische Versorgung k\u00fcmmern sich wieder viele flei\u00dfige Helfer aus den eigenen Reihen, aber auch von Seiten der Lebenshilfe Barnim e.V. kommt Unterst\u00fctzung.\u00a0<\/p>\n\n\n\n<p><\/p>\n\n\n\n<p><\/p>\n\n\n\n<p>Die Abendveranstaltung findet ab 19:30 Uhr im \u201cseezeit-resort\u201d in Altenhof statt.<\/p>\n\n\n\n<div style=\"height:25px\" aria-hidden=\"true\" class=\"wp-block-spacer\"><\/div>\n\n\n\n<figure class=\"wp-block-gallery has-nested-images columns-default is-cropped wp-block-gallery-1 is-layout-flex wp-block-gallery-is-layout-flex\">\n<figure class=\"wp-block-image size-large\"><img loading=\"lazy\" decoding=\"async\" width=\"1024\" height=\"682\" data-id=\"1007\" src=\"https:\/\/www.eberswalderturnerschaft.de\/home\/wp-content\/uploads\/2024\/03\/0-Katharina-Muchow-Die-Altersklassen-sind-zur-Eroeffnung-des-47.-ETT-angetreten-1024x682.jpg\" alt=\"\" class=\"wp-image-1007\" srcset=\"https:\/\/www.eberswalderturnerschaft.de\/home\/wp-content\/uploads\/2024\/03\/0-Katharina-Muchow-Die-Altersklassen-sind-zur-Eroeffnung-des-47.-ETT-angetreten-1024x682.jpg 1024w, https:\/\/www.eberswalderturnerschaft.de\/home\/wp-content\/uploads\/2024\/03\/0-Katharina-Muchow-Die-Altersklassen-sind-zur-Eroeffnung-des-47.-ETT-angetreten-300x200.jpg 300w, https:\/\/www.eberswalderturnerschaft.de\/home\/wp-content\/uploads\/2024\/03\/0-Katharina-Muchow-Die-Altersklassen-sind-zur-Eroeffnung-des-47.-ETT-angetreten-768x512.jpg 768w, https:\/\/www.eberswalderturnerschaft.de\/home\/wp-content\/uploads\/2024\/03\/0-Katharina-Muchow-Die-Altersklassen-sind-zur-Eroeffnung-des-47.-ETT-angetreten.jpg 1382w\" sizes=\"auto, (max-width: 1024px) 100vw, 1024px\" \/><\/figure>\n\n\n\n<figure class=\"wp-block-image size-large\"><img loading=\"lazy\" decoding=\"async\" width=\"1024\" height=\"583\" data-id=\"993\" src=\"https:\/\/www.eberswalderturnerschaft.de\/home\/wp-content\/uploads\/2023\/03\/4-Daniel-Woehe-Felix-Woehe-am-Barren--1024x583.jpg\" alt=\"\" class=\"wp-image-993\" srcset=\"https:\/\/www.eberswalderturnerschaft.de\/home\/wp-content\/uploads\/2023\/03\/4-Daniel-Woehe-Felix-Woehe-am-Barren--1024x583.jpg 1024w, https:\/\/www.eberswalderturnerschaft.de\/home\/wp-content\/uploads\/2023\/03\/4-Daniel-Woehe-Felix-Woehe-am-Barren--300x171.jpg 300w, https:\/\/www.eberswalderturnerschaft.de\/home\/wp-content\/uploads\/2023\/03\/4-Daniel-Woehe-Felix-Woehe-am-Barren--768x437.jpg 768w, https:\/\/www.eberswalderturnerschaft.de\/home\/wp-content\/uploads\/2023\/03\/4-Daniel-Woehe-Felix-Woehe-am-Barren--1536x874.jpg 1536w, https:\/\/www.eberswalderturnerschaft.de\/home\/wp-content\/uploads\/2023\/03\/4-Daniel-Woehe-Felix-Woehe-am-Barren--2048x1166.jpg 2048w\" sizes=\"auto, (max-width: 1024px) 100vw, 1024px\" \/><\/figure>\n\n\n\n<figure class=\"wp-block-image size-large\"><img loading=\"lazy\" decoding=\"async\" width=\"1024\" height=\"683\" data-id=\"991\" src=\"https:\/\/www.eberswalderturnerschaft.de\/home\/wp-content\/uploads\/2023\/03\/5-Turnkunst-am-Schwebebalken-1024x683.jpg\" alt=\"\" class=\"wp-image-991\" srcset=\"https:\/\/www.eberswalderturnerschaft.de\/home\/wp-content\/uploads\/2023\/03\/5-Turnkunst-am-Schwebebalken-1024x683.jpg 1024w, https:\/\/www.eberswalderturnerschaft.de\/home\/wp-content\/uploads\/2023\/03\/5-Turnkunst-am-Schwebebalken-300x200.jpg 300w, https:\/\/www.eberswalderturnerschaft.de\/home\/wp-content\/uploads\/2023\/03\/5-Turnkunst-am-Schwebebalken-768x512.jpg 768w, https:\/\/www.eberswalderturnerschaft.de\/home\/wp-content\/uploads\/2023\/03\/5-Turnkunst-am-Schwebebalken-1536x1024.jpg 1536w, https:\/\/www.eberswalderturnerschaft.de\/home\/wp-content\/uploads\/2023\/03\/5-Turnkunst-am-Schwebebalken-2048x1365.jpg 2048w\" sizes=\"auto, (max-width: 1024px) 100vw, 1024px\" \/><\/figure>\n\n\n\n<figure class=\"wp-block-image size-large\"><img loading=\"lazy\" decoding=\"async\" width=\"1024\" height=\"683\" data-id=\"822\" src=\"https:\/\/www.eberswalderturnerschaft.de\/home\/wp-content\/uploads\/2022\/04\/3-Yvonne-Schemel-am-Boden2138-1024x683.jpg\" alt=\"\" class=\"wp-image-822\" srcset=\"https:\/\/www.eberswalderturnerschaft.de\/home\/wp-content\/uploads\/2022\/04\/3-Yvonne-Schemel-am-Boden2138-1024x683.jpg 1024w, https:\/\/www.eberswalderturnerschaft.de\/home\/wp-content\/uploads\/2022\/04\/3-Yvonne-Schemel-am-Boden2138-300x200.jpg 300w, https:\/\/www.eberswalderturnerschaft.de\/home\/wp-content\/uploads\/2022\/04\/3-Yvonne-Schemel-am-Boden2138-768x512.jpg 768w, https:\/\/www.eberswalderturnerschaft.de\/home\/wp-content\/uploads\/2022\/04\/3-Yvonne-Schemel-am-Boden2138-1536x1024.jpg 1536w, https:\/\/www.eberswalderturnerschaft.de\/home\/wp-content\/uploads\/2022\/04\/3-Yvonne-Schemel-am-Boden2138-2048x1365.jpg 2048w, https:\/\/www.eberswalderturnerschaft.de\/home\/wp-content\/uploads\/2022\/04\/3-Yvonne-Schemel-am-Boden2138-1200x800.jpg 1200w, https:\/\/www.eberswalderturnerschaft.de\/home\/wp-content\/uploads\/2022\/04\/3-Yvonne-Schemel-am-Boden2138-600x400.jpg 600w\" sizes=\"auto, (max-width: 1024px) 100vw, 1024px\" \/><\/figure>\n\n\n\n<figure class=\"wp-block-image size-large\"><img loading=\"lazy\" decoding=\"async\" width=\"1024\" height=\"603\" data-id=\"823\" src=\"https:\/\/www.eberswalderturnerschaft.de\/home\/wp-content\/uploads\/2022\/04\/4-Henri-Durke-am-Reck-Henner2139-1024x603.jpg\" alt=\"\" class=\"wp-image-823\" srcset=\"https:\/\/www.eberswalderturnerschaft.de\/home\/wp-content\/uploads\/2022\/04\/4-Henri-Durke-am-Reck-Henner2139-1024x603.jpg 1024w, https:\/\/www.eberswalderturnerschaft.de\/home\/wp-content\/uploads\/2022\/04\/4-Henri-Durke-am-Reck-Henner2139-300x177.jpg 300w, https:\/\/www.eberswalderturnerschaft.de\/home\/wp-content\/uploads\/2022\/04\/4-Henri-Durke-am-Reck-Henner2139-768x452.jpg 768w, https:\/\/www.eberswalderturnerschaft.de\/home\/wp-content\/uploads\/2022\/04\/4-Henri-Durke-am-Reck-Henner2139-600x353.jpg 600w, https:\/\/www.eberswalderturnerschaft.de\/home\/wp-content\/uploads\/2022\/04\/4-Henri-Durke-am-Reck-Henner2139.jpg 1280w\" sizes=\"auto, (max-width: 1024px) 100vw, 1024px\" \/><\/figure>\n\n\n\n<figure class=\"wp-block-image size-large\"><img loading=\"lazy\" decoding=\"async\" width=\"1024\" height=\"680\" data-id=\"825\" src=\"https:\/\/www.eberswalderturnerschaft.de\/home\/wp-content\/uploads\/2022\/04\/6-alt-und-jung2141-1024x680.jpg\" alt=\"\" class=\"wp-image-825\" srcset=\"https:\/\/www.eberswalderturnerschaft.de\/home\/wp-content\/uploads\/2022\/04\/6-alt-und-jung2141-1024x680.jpg 1024w, https:\/\/www.eberswalderturnerschaft.de\/home\/wp-content\/uploads\/2022\/04\/6-alt-und-jung2141-300x199.jpg 300w, https:\/\/www.eberswalderturnerschaft.de\/home\/wp-content\/uploads\/2022\/04\/6-alt-und-jung2141-768x510.jpg 768w, https:\/\/www.eberswalderturnerschaft.de\/home\/wp-content\/uploads\/2022\/04\/6-alt-und-jung2141-1536x1020.jpg 1536w, https:\/\/www.eberswalderturnerschaft.de\/home\/wp-content\/uploads\/2022\/04\/6-alt-und-jung2141-2048x1360.jpg 2048w, https:\/\/www.eberswalderturnerschaft.de\/home\/wp-content\/uploads\/2022\/04\/6-alt-und-jung2141-600x399.jpg 600w\" sizes=\"auto, (max-width: 1024px) 100vw, 1024px\" \/><\/figure>\n\n\n\n<figure class=\"wp-block-image size-large\"><img loading=\"lazy\" decoding=\"async\" width=\"1024\" height=\"683\" data-id=\"821\" src=\"https:\/\/www.eberswalderturnerschaft.de\/home\/wp-content\/uploads\/2022\/04\/2-Impressionen-ETT-von-Soeren-Tetzlaff2137-1024x683.jpg\" alt=\"\" class=\"wp-image-821\" srcset=\"https:\/\/www.eberswalderturnerschaft.de\/home\/wp-content\/uploads\/2022\/04\/2-Impressionen-ETT-von-Soeren-Tetzlaff2137-1024x683.jpg 1024w, https:\/\/www.eberswalderturnerschaft.de\/home\/wp-content\/uploads\/2022\/04\/2-Impressionen-ETT-von-Soeren-Tetzlaff2137-300x200.jpg 300w, https:\/\/www.eberswalderturnerschaft.de\/home\/wp-content\/uploads\/2022\/04\/2-Impressionen-ETT-von-Soeren-Tetzlaff2137-768x512.jpg 768w, https:\/\/www.eberswalderturnerschaft.de\/home\/wp-content\/uploads\/2022\/04\/2-Impressionen-ETT-von-Soeren-Tetzlaff2137-1536x1024.jpg 1536w, https:\/\/www.eberswalderturnerschaft.de\/home\/wp-content\/uploads\/2022\/04\/2-Impressionen-ETT-von-Soeren-Tetzlaff2137-2048x1365.jpg 2048w, https:\/\/www.eberswalderturnerschaft.de\/home\/wp-content\/uploads\/2022\/04\/2-Impressionen-ETT-von-Soeren-Tetzlaff2137-1200x800.jpg 1200w, https:\/\/www.eberswalderturnerschaft.de\/home\/wp-content\/uploads\/2022\/04\/2-Impressionen-ETT-von-Soeren-Tetzlaff2137-600x400.jpg 600w\" sizes=\"auto, (max-width: 1024px) 100vw, 1024px\" \/><figcaption class=\"wp-element-caption\">39. Turnertreffen in Eberswalde<\/figcaption><\/figure>\n<\/figure>\n\n\n\n<hr class=\"wp-block-separator has-alpha-channel-opacity\"\/>\n","protected":false},"excerpt":{"rendered":"<p>Am\u00a0Samstag, dem 23. M\u00e4rz 2024,\u00a0wird\u00a0um 10:30 Uhr\u00a0zum 48. Mal\u00a0die Er\u00f6ffnungsfanfare f\u00fcr den Eberswalder Turnertreff\u00a0erklingen. Hier kann man die Tage, Stunden, Minuten und Sekunden bis zum Beginn ablesen. In diesem Jahr gibt es einen Teilnehmerrekord.\u00a0327 Meldungen\u00a0liegen vor, davon gehen\u00a0208 Aktive aus 45 Vereinen\u00a0und 9 Bundesl\u00e4ndern an die Ger\u00e4te. 73 Kampfrichter*innen kommen f\u00fcr die Bewertungen zum Einsatz.\u00a0 &#8230; <a title=\"Teilnehmerrekord zum 48. Eberswalder Turnertreff\" class=\"read-more\" href=\"https:\/\/www.eberswalderturnerschaft.de\/home\/teilnehmerrekord-zum-48-eberswalder-turnertreff\/\" aria-label=\"Mehr bei Teilnehmerrekord zum 48. Eberswalder Turnertreff\">Read more<\/a><\/p>\n","protected":false},"author":4,"featured_media":0,"comment_status":"closed","ping_status":"open","sticky":false,"template":"","format":"standard","meta":{"_coblocks_attr":"","_coblocks_dimensions":"","_coblocks_responsive_height":"","_coblocks_accordion_ie_support":"","footnotes":""},"categories":[5],"tags":[],"class_list":["post-1006","post","type-post","status-publish","format-standard","hentry","category-beitraege","no-featured-image-padding"],"_links":{"self":[{"href":"https:\/\/www.eberswalderturnerschaft.de\/home\/wp-json\/wp\/v2\/posts\/1006","targetHints":{"allow":["GET"]}}],"collection":[{"href":"https:\/\/www.eberswalderturnerschaft.de\/home\/wp-json\/wp\/v2\/posts"}],"about":[{"href":"https:\/\/www.eberswalderturnerschaft.de\/home\/wp-json\/wp\/v2\/types\/post"}],"author":[{"embeddable":true,"href":"https:\/\/www.eberswalderturnerschaft.de\/home\/wp-json\/wp\/v2\/users\/4"}],"replies":[{"embeddable":true,"href":"https:\/\/www.eberswalderturnerschaft.de\/home\/wp-json\/wp\/v2\/comments?post=1006"}],"version-history":[{"count":2,"href":"https:\/\/www.eberswalderturnerschaft.de\/home\/wp-json\/wp\/v2\/posts\/1006\/revisions"}],"predecessor-version":[{"id":1009,"href":"https:\/\/www.eberswalderturnerschaft.de\/home\/wp-json\/wp\/v2\/posts\/1006\/revisions\/1009"}],"wp:attachment":[{"href":"https:\/\/www.eberswalderturnerschaft.de\/home\/wp-json\/wp\/v2\/media?parent=1006"}],"wp:term":[{"taxonomy":"category","embeddable":true,"href":"https:\/\/www.eberswalderturnerschaft.de\/home\/wp-json\/wp\/v2\/categories?post=1006"},{"taxonomy":"post_tag","embeddable":true,"href":"https:\/\/www.eberswalderturnerschaft.de\/home\/wp-json\/wp\/v2\/tags?post=1006"}],"curies":[{"name":"wp","href":"https:\/\/api.w.org\/{rel}","templated":true}]}}